{"id":1071,"date":"2012-08-16T17:10:00","date_gmt":"2012-08-16T15:10:00","guid":{"rendered":"http:\/\/www.berlin.freidenker.org\/?p=1071"},"modified":"2012-08-18T12:38:23","modified_gmt":"2012-08-18T10:38:23","slug":"linker-liedersommer-auf-der-burg-waldeck-15-bis-17-juni-2012","status":"publish","type":"post","link":"https:\/\/www.berlin.freidenker.org\/?p=1071","title":{"rendered":"Linker Liedersommer auf der Burg Waldeck 15. bis 17. Juni 2012"},"content":{"rendered":"<p><strong>Ein Reisebericht <\/strong><\/p>\n<p>Die S\u00e4nger-Treffen auf der Burg Waldeck sind legend\u00e4r, erinnert sei an Hannes Wader, Franz-Josef Degenhardt und Dieter S\u00fcverkr\u00fcp. Doch das ist Jahrzehnte her. Zwischenzeitlich war es stiller geworden, \u201eder Wind hat sich gedreht im Lande&#8230;\u201c.    <br \/>Und nun \u2013 bereits zum zweiten Mal \u2013 wieder ein \u201eLinker Liedersommer\u201c, organisiert vom DFV und der Jenny Marx-Gesellschaft. So machte sich denn auch ein \u201eAuto voll\u201c aus Berlin auf den weiten Weg auf die linke Rheinseite. Bei unserer Ankunft auf der Bergkuppe brannte bereits das Lagerfeuer, darum herum gruppiert S\u00e4ngerInnen und Zuh\u00f6rerInnen \u2013 es gab zu Essen und zu Trinken \u2013 ein angenehmer Auftakt. <\/p>\n<p><!--more--><\/p>\n<p><a title=\"Linker Liedersommer auf Burg Waldeck im Juni 2012 - DFV Berlin\" href=\"https:\/\/i0.wp.com\/www.berlin.freidenker.org\/wp-content\/uploads\/2012\/08\/Linker-Liedersommer-2012-DFV-Berlin.jpg?ssl=1\" target=\"_blank\"><img data-recalc-dims=\"1\" loading=\"lazy\" decoding=\"async\" style=\"margin: 15px 0px; display: inline\" title=\"Linker Liedersommer Juni 2012 - DFV Berlin\" alt=\"Linker Liedersommer Juni 2012 - DFV Berlin\" src=\"https:\/\/i0.wp.com\/www.berlin.freidenker.org\/wp-content\/uploads\/2012\/08\/Linker-Liedersommer-2012-DFV-Berlin.jpg?resize=400%2C300&#038;ssl=1\" width=\"400\" height=\"300\" \/><\/a> <\/p>\n<p>Der folgende Samstag war den Workshops gewidmet. Je nach Interessenlage konnte man&#160; in die unterschiedlichen Themenbereiche eintauchen. Ob politisches Kabarett mit Jane Zahn, Stra\u00dfenrock mit N\u00fcmmes aus Berlin, das Neue chilenische Lied, das romantische politische Lied, Hanns Eisler oder die DDR-Singebewegung: die Entscheidung fiel schwer. Wir vier waren mit unserer Wahl zufrieden. \u00dcberall auf dem Gel\u00e4nde, trotz teilweise Regens, sah man Diskussionsgr\u00fcppchen unter Regenschirmen oder an den Infost\u00e4nden. Am Abend dann die mitrei\u00dfende Vorstellung der Workshop-Ergebnisse im Veranstaltungszelt bei aufklarendem Himmel samt Regenbogen.    <br \/>Der Sonntag Vormittag machte seinem Namen Ehre: es schien die Sonne, und wir konnten die Vortr\u00e4ge einzelner InterpretInnen auf der Freiluftb\u00fchne genie\u00dfen. Besonders beeindruckend f\u00fcr uns war der Eisler-Vortrag von Johanna Arndt und ihrer Pianistin. Das haben wir so noch nicht geh\u00f6rt oder gewusst. <\/p>\n<p>Beim Abschied von der Waldeck wurde uns deutlich, dass uns im Alltag oft dieses Gef\u00fchl der Solidarit\u00e4t, des Miteinanders, der Freundlichkeit fehlt. Aber auch, wie gut es tut, \u201eunsere Lieder\u201c zu h\u00f6ren und zu singen, unsere eigene (Gegen-)Kultur zu erleben. Das hat absolut nichts mit verquaster Wandervogel- oder Pfadfinder- oder schlimmerer Romantik zu tun! Dieses Erlebnis h\u00e4tten wir gerne noch mehr jungen Menschen gew\u00fcnscht! Das n\u00e4chste Linke Liedertreffen werden wir uns, wenn m\u00f6glich, sicher nicht entgehen lassen. <\/p>\n<p>In diesem Zusammenhang m\u00f6chten wir Euch noch auf eine <a title=\"Hyperlink zur Webseite der Arbeiterfortografie\" href=\"http:\/\/arbeiterfotografie.com\/galerie\/reportage-2012\/index-2012-06-16-17-burg-waldeck-linker-liedersommer.html\" target=\"_blank\">sehenswerte Bildreportage<\/a> auf der Webseite von <a href=\"http:\/\/www.arbeiterfotografie.com\" target=\"_blank\">Arbeiterfotografie.com<\/a> hinweisen.<\/p>\n<p>Lisee<\/p>\n<p>&#160;<\/p>\n<p><font size=\"2\">Fotografien von Uta &amp; Edi Mader, Lisa Seebacher<\/font><\/p>\n","protected":false},"excerpt":{"rendered":"<p>Ein Reisebericht Die S\u00e4nger-Treffen auf der Burg Waldeck sind legend\u00e4r, erinnert sei an Hannes Wader, Franz-Josef Degenhardt und Dieter S\u00fcverkr\u00fcp. Doch das ist Jahrzehnte her. Zwischenzeitlich war es stiller geworden, \u201eder Wind hat sich gedreht im Lande&#8230;\u201c. Und nun \u2013 bereits zum zweiten Mal \u2013 wieder ein \u201eLinker Liedersommer\u201c, organisiert vom DFV und der Jenny [&hellip;]<\/p>\n","protected":false},"author":4,"featured_media":0,"comment_status":"closed","ping_status":"closed","sticky":false,"template":"","format":"standard","meta":{"jetpack_post_was_ever_published":false,"_jetpack_newsletter_access":"","_jetpack_dont_email_post_to_subs":false,"_jetpack_newsletter_tier_id":0,"_jetpack_memberships_contains_paywalled_content":false,"_jetpack_memberships_contains_paid_content":false,"footnotes":""},"categories":[19],"tags":[],"class_list":["post-1071","post","type-post","status-publish","format-standard","hentry","category-kultur"],"jetpack_featured_media_url":"","jetpack_shortlink":"https:\/\/wp.me\/py5dN-hh","jetpack_sharing_enabled":true,"_links":{"self":[{"href":"https:\/\/www.berlin.freidenker.org\/index.php?rest_route=\/wp\/v2\/posts\/1071","targetHints":{"allow":["GET"]}}],"collection":[{"href":"https:\/\/www.berlin.freidenker.org\/index.php?rest_route=\/wp\/v2\/posts"}],"about":[{"href":"https:\/\/www.berlin.freidenker.org\/index.php?rest_route=\/wp\/v2\/types\/post"}],"author":[{"embeddable":true,"href":"https:\/\/www.berlin.freidenker.org\/index.php?rest_route=\/wp\/v2\/users\/4"}],"replies":[{"embeddable":true,"href":"https:\/\/www.berlin.freidenker.org\/index.php?rest_route=%2Fwp%2Fv2%2Fcomments&post=1071"}],"version-history":[{"count":10,"href":"https:\/\/www.berlin.freidenker.org\/index.php?rest_route=\/wp\/v2\/posts\/1071\/revisions"}],"predecessor-version":[{"id":1087,"href":"https:\/\/www.berlin.freidenker.org\/index.php?rest_route=\/wp\/v2\/posts\/1071\/revisions\/1087"}],"wp:attachment":[{"href":"https:\/\/www.berlin.freidenker.org\/index.php?rest_route=%2Fwp%2Fv2%2Fmedia&parent=1071"}],"wp:term":[{"taxonomy":"category","embeddable":true,"href":"https:\/\/www.berlin.freidenker.org\/index.php?rest_route=%2Fwp%2Fv2%2Fcategories&post=1071"},{"taxonomy":"post_tag","embeddable":true,"href":"https:\/\/www.berlin.freidenker.org\/index.php?rest_route=%2Fwp%2Fv2%2Ftags&post=1071"}],"curies":[{"name":"wp","href":"https:\/\/api.w.org\/{rel}","templated":true}]}}