{"id":1091,"date":"2012-08-23T22:06:09","date_gmt":"2012-08-23T20:06:09","guid":{"rendered":"http:\/\/www.berlin.freidenker.org\/?p=1091"},"modified":"2016-02-21T10:17:20","modified_gmt":"2016-02-21T08:17:20","slug":"1-9-2012-antikriegstag-2012-in-berlin","status":"publish","type":"post","link":"https:\/\/www.berlin.freidenker.org\/?p=1091","title":{"rendered":"1.9.2012 &#8211; Antikriegstag 2012 in Berlin"},"content":{"rendered":"<p><strong>Die Berliner Freidenkerinnen und Freidenker unterst\u00fctzen den Aufruf der Friedenskoordination Berlin zum Antikriegstag 2012.<\/strong> Zwischen 14 und 17 Uhr wird es auf dem Potsdamer Platz Infost\u00e4nde, Gespr\u00e4chsrunden, Reden, Interviews und ein kulturelles B\u00fchnenprogramm geben. Mehr Informationen k\u00f6nnt Ihr im <a href=\"https:\/\/www.berlin.freidenker.org\/wp-content\/uploads\/2012\/08\/Antikriegstag-Berlin-2012.pdf\" target=\"_blank\"><strong>Veranstaltungsflyer der Friko Berlin<\/strong><\/a> bekommen.<\/p>\n","protected":false},"excerpt":{"rendered":"<p>Die Berliner Freidenkerinnen und Freidenker unterst\u00fctzen den Aufruf der Friedenskoordination Berlin zum Antikriegstag 2012. Zwischen 14 und 17 Uhr wird es auf dem Potsdamer Platz Infost\u00e4nde, Gespr\u00e4chsrunden, Reden, Interviews und ein kulturelles B\u00fchnenprogramm geben. Mehr Informationen k\u00f6nnt Ihr im Veranstaltungsflyer der Friko Berlin bekommen.<\/p>\n","protected":false},"author":4,"featured_media":0,"comment_status":"closed","ping_status":"closed","sticky":false,"template":"","format":"standard","meta":{"jetpack_post_was_ever_published":false,"_jetpack_newsletter_access":"","_jetpack_dont_email_post_to_subs":false,"_jetpack_newsletter_tier_id":0,"_jetpack_memberships_contains_paywalled_content":false,"_jetpack_memberships_contains_paid_content":false,"footnotes":""},"categories":[22],"tags":[],"class_list":["post-1091","post","type-post","status-publish","format-standard","hentry","category-friedensaktionen"],"jetpack_featured_media_url":"","jetpack_shortlink":"https:\/\/wp.me\/py5dN-hB","jetpack_sharing_enabled":true,"_links":{"self":[{"href":"https:\/\/www.berlin.freidenker.org\/index.php?rest_route=\/wp\/v2\/posts\/1091","targetHints":{"allow":["GET"]}}],"collection":[{"href":"https:\/\/www.berlin.freidenker.org\/index.php?rest_route=\/wp\/v2\/posts"}],"about":[{"href":"https:\/\/www.berlin.freidenker.org\/index.php?rest_route=\/wp\/v2\/types\/post"}],"author":[{"embeddable":true,"href":"https:\/\/www.berlin.freidenker.org\/index.php?rest_route=\/wp\/v2\/users\/4"}],"replies":[{"embeddable":true,"href":"https:\/\/www.berlin.freidenker.org\/index.php?rest_route=%2Fwp%2Fv2%2Fcomments&post=1091"}],"version-history":[{"count":5,"href":"https:\/\/www.berlin.freidenker.org\/index.php?rest_route=\/wp\/v2\/posts\/1091\/revisions"}],"predecessor-version":[{"id":1540,"href":"https:\/\/www.berlin.freidenker.org\/index.php?rest_route=\/wp\/v2\/posts\/1091\/revisions\/1540"}],"wp:attachment":[{"href":"https:\/\/www.berlin.freidenker.org\/index.php?rest_route=%2Fwp%2Fv2%2Fmedia&parent=1091"}],"wp:term":[{"taxonomy":"category","embeddable":true,"href":"https:\/\/www.berlin.freidenker.org\/index.php?rest_route=%2Fwp%2Fv2%2Fcategories&post=1091"},{"taxonomy":"post_tag","embeddable":true,"href":"https:\/\/www.berlin.freidenker.org\/index.php?rest_route=%2Fwp%2Fv2%2Ftags&post=1091"}],"curies":[{"name":"wp","href":"https:\/\/api.w.org\/{rel}","templated":true}]}}