{"id":1137,"date":"2013-01-20T23:28:08","date_gmt":"2013-01-20T21:28:08","guid":{"rendered":"http:\/\/www.berlin.freidenker.org\/?p=1137"},"modified":"2013-01-22T23:04:52","modified_gmt":"2013-01-22T21:04:52","slug":"2-3-2013-berliner-runde-freidenker-im-gesprach","status":"publish","type":"post","link":"https:\/\/www.berlin.freidenker.org\/?p=1137","title":{"rendered":"2.3.2013: Kultur bei den FreiDenkern"},"content":{"rendered":"<p>Wir laden Euch herzlich ein zur \u201eBerliner Runde \u2013 Freidenker im Gespr\u00e4ch\u201c\u00a0<b>am Samstag, den 2. M\u00e4rz 2013, 16.00 Uhr\u00a0<\/b><b>im Klub der Volkssolidarit\u00e4t,<\/b>Torstr. 203 \u2013 205 (S1, S2, S25 bis Oranienburger Stra\u00dfe, U6 bis Oranienburger Tor):<\/p>\n<p style=\"text-align: center;\"><b>Georg Friedrich H\u00e4ndel und der Weg der Aufkl\u00e4rung und Humanit\u00e4t.<br \/>\n<\/b>Film &amp; Referat von Olaf Br\u00fchl\u00a0<b><br \/>\n<\/b><\/p>\n<p style=\"text-align: left;\"><strong>Musik:<\/strong> gespielt von Ilse Eisen-Hagemann (Klavier) und Marianne Tretsch (Cello)<b><br \/>\n<\/b><\/p>\n","protected":false},"excerpt":{"rendered":"<p>Wir laden Euch herzlich ein zur \u201eBerliner Runde \u2013 Freidenker im Gespr\u00e4ch\u201c\u00a0am Samstag, den 2. M\u00e4rz 2013, 16.00 Uhr\u00a0im Klub der Volkssolidarit\u00e4t,Torstr. 203 \u2013 205 (S1, S2, S25 bis Oranienburger Stra\u00dfe, U6 bis Oranienburger Tor): Georg Friedrich H\u00e4ndel und der Weg der Aufkl\u00e4rung und Humanit\u00e4t. Film &amp; Referat von Olaf Br\u00fchl\u00a0 Musik: gespielt von Ilse [&hellip;]<\/p>\n","protected":false},"author":5,"featured_media":0,"comment_status":"closed","ping_status":"closed","sticky":false,"template":"","format":"standard","meta":{"jetpack_post_was_ever_published":false,"_jetpack_newsletter_access":"","_jetpack_dont_email_post_to_subs":false,"_jetpack_newsletter_tier_id":0,"_jetpack_memberships_contains_paywalled_content":false,"_jetpack_memberships_contains_paid_content":false,"footnotes":""},"categories":[14,19,13],"tags":[],"class_list":["post-1137","post","type-post","status-publish","format-standard","hentry","category-aktivitaeten-des-dfv-berlin","category-kultur","category-veranstaltungen"],"jetpack_featured_media_url":"","jetpack_shortlink":"https:\/\/wp.me\/py5dN-il","jetpack_sharing_enabled":true,"_links":{"self":[{"href":"https:\/\/www.berlin.freidenker.org\/index.php?rest_route=\/wp\/v2\/posts\/1137","targetHints":{"allow":["GET"]}}],"collection":[{"href":"https:\/\/www.berlin.freidenker.org\/index.php?rest_route=\/wp\/v2\/posts"}],"about":[{"href":"https:\/\/www.berlin.freidenker.org\/index.php?rest_route=\/wp\/v2\/types\/post"}],"author":[{"embeddable":true,"href":"https:\/\/www.berlin.freidenker.org\/index.php?rest_route=\/wp\/v2\/users\/5"}],"replies":[{"embeddable":true,"href":"https:\/\/www.berlin.freidenker.org\/index.php?rest_route=%2Fwp%2Fv2%2Fcomments&post=1137"}],"version-history":[{"count":4,"href":"https:\/\/www.berlin.freidenker.org\/index.php?rest_route=\/wp\/v2\/posts\/1137\/revisions"}],"predecessor-version":[{"id":1147,"href":"https:\/\/www.berlin.freidenker.org\/index.php?rest_route=\/wp\/v2\/posts\/1137\/revisions\/1147"}],"wp:attachment":[{"href":"https:\/\/www.berlin.freidenker.org\/index.php?rest_route=%2Fwp%2Fv2%2Fmedia&parent=1137"}],"wp:term":[{"taxonomy":"category","embeddable":true,"href":"https:\/\/www.berlin.freidenker.org\/index.php?rest_route=%2Fwp%2Fv2%2Fcategories&post=1137"},{"taxonomy":"post_tag","embeddable":true,"href":"https:\/\/www.berlin.freidenker.org\/index.php?rest_route=%2Fwp%2Fv2%2Ftags&post=1137"}],"curies":[{"name":"wp","href":"https:\/\/api.w.org\/{rel}","templated":true}]}}