{"id":1149,"date":"2013-01-22T23:40:33","date_gmt":"2013-01-22T21:40:33","guid":{"rendered":"http:\/\/www.berlin.freidenker.org\/?p=1149"},"modified":"2013-06-23T14:31:45","modified_gmt":"2013-06-23T12:31:45","slug":"21-bis-23-6-2013-linker-liedersommer-auf-burg-waldeck","status":"publish","type":"post","link":"https:\/\/www.berlin.freidenker.org\/?p=1149","title":{"rendered":"21. bis 23.6.2013 &#8211; Linker Liedersommer auf Burg Waldeck"},"content":{"rendered":"<p><a href=\"http:\/\/www.linker-liedersommer-waldeck.de\" target=\"_blank\"><img data-recalc-dims=\"1\" loading=\"lazy\" decoding=\"async\" class=\"size-full wp-image-1206 alignleft\" style=\"border: 0px none; margin: 10px;\" alt=\"Linker Liedersommer auf Burg Waldeck, Juni 2013\" src=\"https:\/\/i0.wp.com\/www.berlin.freidenker.org\/wp-content\/uploads\/2013\/05\/Banner-300x200.jpg?resize=300%2C200&#038;ssl=1\" width=\"300\" height=\"200\" \/><\/a>Die Landesverb\u00e4nde Hessen und Rheinland-Pfalz \/ Saarland des Deutschen Freidenker-Verbandes e.V. laden vom 21. bis 23.6.2013 zum <strong>Linken Liedersommer f\u00fcr eine solidarische Welt gegen Ausbeutung und Krieg<\/strong>\u00a0&#8211; <strong>F\u00fcnftes Kulturseminar auf Burg Waldeck \/ Hunsr\u00fcck<\/strong> ein. <span style=\"color: #ff0000;\">Anmeldeschlu\u00df ist der 1. Juni 2013. <\/span><\/p>\n<p>F\u00fcr weitere Informationen ladet Euch bitte diesen <a title=\"Hyperlink zum Veranstaltungsflyer des Linken Liedersommers\" href=\"http:\/\/www.linker-liedersommer-waldeck.de\/cms\/wp-content\/uploads\/2013\/05\/Infoflyer-Linker-Liedersommer-Waldeck-2013-15052013.pdf\" target=\"_blank\">Veranstaltungsflyer<\/a> (PDF-Dokument, ca. 300 KB; Stand: 15.05.2013).<\/p>\n<p>Weitere Infos erhaltet Ihr auch \u00fcber die E-Mailadresse <a href=\"mailto:linker-liedersommer@freidenker.org\" target=\"_blank\">linker-liedersommer@freidenker.org<\/a><\/p>\n","protected":false},"excerpt":{"rendered":"<p>Die Landesverb\u00e4nde Hessen und Rheinland-Pfalz \/ Saarland des Deutschen Freidenker-Verbandes e.V. laden vom 21. bis 23.6.2013 zum Linken Liedersommer f\u00fcr eine solidarische Welt gegen Ausbeutung und Krieg\u00a0&#8211; F\u00fcnftes Kulturseminar auf Burg Waldeck \/ Hunsr\u00fcck ein. Anmeldeschlu\u00df ist der 1. Juni 2013. F\u00fcr weitere Informationen ladet Euch bitte diesen Veranstaltungsflyer (PDF-Dokument, ca. 300 KB; Stand: 15.05.2013). [&hellip;]<\/p>\n","protected":false},"author":4,"featured_media":0,"comment_status":"closed","ping_status":"closed","sticky":false,"template":"","format":"standard","meta":{"jetpack_post_was_ever_published":false,"_jetpack_newsletter_access":"","_jetpack_dont_email_post_to_subs":false,"_jetpack_newsletter_tier_id":0,"_jetpack_memberships_contains_paywalled_content":false,"_jetpack_memberships_contains_paid_content":false,"footnotes":""},"categories":[19,13],"tags":[],"class_list":["post-1149","post","type-post","status-publish","format-standard","hentry","category-kultur","category-veranstaltungen"],"jetpack_featured_media_url":"","jetpack_shortlink":"https:\/\/wp.me\/py5dN-ix","jetpack_sharing_enabled":true,"_links":{"self":[{"href":"https:\/\/www.berlin.freidenker.org\/index.php?rest_route=\/wp\/v2\/posts\/1149","targetHints":{"allow":["GET"]}}],"collection":[{"href":"https:\/\/www.berlin.freidenker.org\/index.php?rest_route=\/wp\/v2\/posts"}],"about":[{"href":"https:\/\/www.berlin.freidenker.org\/index.php?rest_route=\/wp\/v2\/types\/post"}],"author":[{"embeddable":true,"href":"https:\/\/www.berlin.freidenker.org\/index.php?rest_route=\/wp\/v2\/users\/4"}],"replies":[{"embeddable":true,"href":"https:\/\/www.berlin.freidenker.org\/index.php?rest_route=%2Fwp%2Fv2%2Fcomments&post=1149"}],"version-history":[{"count":10,"href":"https:\/\/www.berlin.freidenker.org\/index.php?rest_route=\/wp\/v2\/posts\/1149\/revisions"}],"predecessor-version":[{"id":1151,"href":"https:\/\/www.berlin.freidenker.org\/index.php?rest_route=\/wp\/v2\/posts\/1149\/revisions\/1151"}],"wp:attachment":[{"href":"https:\/\/www.berlin.freidenker.org\/index.php?rest_route=%2Fwp%2Fv2%2Fmedia&parent=1149"}],"wp:term":[{"taxonomy":"category","embeddable":true,"href":"https:\/\/www.berlin.freidenker.org\/index.php?rest_route=%2Fwp%2Fv2%2Fcategories&post=1149"},{"taxonomy":"post_tag","embeddable":true,"href":"https:\/\/www.berlin.freidenker.org\/index.php?rest_route=%2Fwp%2Fv2%2Ftags&post=1149"}],"curies":[{"name":"wp","href":"https:\/\/api.w.org\/{rel}","templated":true}]}}