{"id":1191,"date":"2013-04-10T21:55:05","date_gmt":"2013-04-10T19:55:05","guid":{"rendered":"http:\/\/www.berlin.freidenker.org\/?p=1191"},"modified":"2013-04-10T21:55:05","modified_gmt":"2013-04-10T19:55:05","slug":"26-4-2013-nein-zur-kriegsbeteiligung-gegen-syrien-patriots-und-awacs-raus-aus-der-turkei-und-aus-dem-krisengebiet","status":"publish","type":"post","link":"https:\/\/www.berlin.freidenker.org\/?p=1191","title":{"rendered":"26.4.2013 &#8211; \u201eNein\u201c zur Kriegsbeteiligung gegen Syrien! PATRIOTs und AWACS raus aus der T\u00fcrkei und aus dem Krisengebiet!"},"content":{"rendered":"<p style=\"text-align: center;\"><strong>Nach dem verheerenden Bundestagsbeschluss im Dezember 2012 unterst\u00fctzen wir jetzt <\/strong><br \/>\n<strong>den Kampf der t\u00fcrkischen Friedenskr\u00e4fte!<\/strong><\/p>\n<p style=\"text-align: center;\">Die Friedensgesellschaft der T\u00fcrkei, unter Schirmherrschaft des Weltfriedensrates, organisiert eine Internationale Friedenskonferenz in Istanbul und Antiochia in der Zeit vom 25. bis 29. April 2013.<\/p>\n<p><strong>Wir wollen eine Botschaft der Solidarit\u00e4t an die Friedenskonferenz in Istanbul und Antiochia senden und den Kampf gegen die sch\u00e4ndlichen Interventionen von au\u00dfen und gegen die Beteiligung von NATO und Deutschland an der Zerst\u00f6rung von Syrien fortsetzen.<\/strong><\/p>\n<p><strong>Wir rufen Euch auf, am Freitag, den 26. April 2013, 17 Uhr an einer Mahnwache am Brandenburger Tor\/Pariser Platz teilzunehmen. Bringt Eure Freunde mit!<\/strong><\/p>\n<p>Veranstalter und Aufrufer: Gruppen der Friedenskoordination Berlin und der Landesverband Berlin im Deutschen Freidenker-Verband. Informationen sind \u00fcber die E-mail-Adresse: <a href=\"mailto:dfv-berlin@freidenker.org\">dfv-berlin@freidenker.org<\/a> zu bekommen.<\/p>\n","protected":false},"excerpt":{"rendered":"<p>Nach dem verheerenden Bundestagsbeschluss im Dezember 2012 unterst\u00fctzen wir jetzt den Kampf der t\u00fcrkischen Friedenskr\u00e4fte! Die Friedensgesellschaft der T\u00fcrkei, unter Schirmherrschaft des Weltfriedensrates, organisiert eine Internationale Friedenskonferenz in Istanbul und Antiochia in der Zeit vom 25. bis 29. April 2013. Wir wollen eine Botschaft der Solidarit\u00e4t an die Friedenskonferenz in Istanbul und Antiochia senden und [&hellip;]<\/p>\n","protected":false},"author":4,"featured_media":0,"comment_status":"closed","ping_status":"closed","sticky":false,"template":"","format":"standard","meta":{"jetpack_post_was_ever_published":false,"_jetpack_newsletter_access":"","_jetpack_dont_email_post_to_subs":false,"_jetpack_newsletter_tier_id":0,"_jetpack_memberships_contains_paywalled_content":false,"_jetpack_memberships_contains_paid_content":false,"footnotes":""},"categories":[14,22,24,13],"tags":[],"class_list":["post-1191","post","type-post","status-publish","format-standard","hentry","category-aktivitaeten-des-dfv-berlin","category-friedensaktionen","category-friko-berlin","category-veranstaltungen"],"jetpack_featured_media_url":"","jetpack_shortlink":"https:\/\/wp.me\/py5dN-jd","jetpack_sharing_enabled":true,"_links":{"self":[{"href":"https:\/\/www.berlin.freidenker.org\/index.php?rest_route=\/wp\/v2\/posts\/1191","targetHints":{"allow":["GET"]}}],"collection":[{"href":"https:\/\/www.berlin.freidenker.org\/index.php?rest_route=\/wp\/v2\/posts"}],"about":[{"href":"https:\/\/www.berlin.freidenker.org\/index.php?rest_route=\/wp\/v2\/types\/post"}],"author":[{"embeddable":true,"href":"https:\/\/www.berlin.freidenker.org\/index.php?rest_route=\/wp\/v2\/users\/4"}],"replies":[{"embeddable":true,"href":"https:\/\/www.berlin.freidenker.org\/index.php?rest_route=%2Fwp%2Fv2%2Fcomments&post=1191"}],"version-history":[{"count":1,"href":"https:\/\/www.berlin.freidenker.org\/index.php?rest_route=\/wp\/v2\/posts\/1191\/revisions"}],"predecessor-version":[{"id":1192,"href":"https:\/\/www.berlin.freidenker.org\/index.php?rest_route=\/wp\/v2\/posts\/1191\/revisions\/1192"}],"wp:attachment":[{"href":"https:\/\/www.berlin.freidenker.org\/index.php?rest_route=%2Fwp%2Fv2%2Fmedia&parent=1191"}],"wp:term":[{"taxonomy":"category","embeddable":true,"href":"https:\/\/www.berlin.freidenker.org\/index.php?rest_route=%2Fwp%2Fv2%2Fcategories&post=1191"},{"taxonomy":"post_tag","embeddable":true,"href":"https:\/\/www.berlin.freidenker.org\/index.php?rest_route=%2Fwp%2Fv2%2Ftags&post=1191"}],"curies":[{"name":"wp","href":"https:\/\/api.w.org\/{rel}","templated":true}]}}