{"id":1194,"date":"2013-04-28T11:52:00","date_gmt":"2013-04-28T09:52:00","guid":{"rendered":"http:\/\/www.berlin.freidenker.org\/?p=1194"},"modified":"2013-04-28T11:52:00","modified_gmt":"2013-04-28T09:52:00","slug":"15-5-2013-berliner-runde-freidenker-im-gesprach","status":"publish","type":"post","link":"https:\/\/www.berlin.freidenker.org\/?p=1194","title":{"rendered":"15.5.2013 &#8211; Berliner Runde &#8211; &#8222;Freidenker im Gespr\u00e4ch&#8220;"},"content":{"rendered":"<p>wir laden herzlich zur n\u00e4chsten <strong>Berliner Runde \u2013 &#8222;Freidenker im Gespr\u00e4ch\u201d<\/strong> ein, die dieses Mal am <strong>15. Mai 2013, 18:30 Uhr <\/strong>im <strong>Habbema<\/strong>, B\u00fchne der Peter-Hacks-Gesellschaft, M\u00fclhauser Str. 6, Ecke Prenzlauer Allee stattfindet. <strong>Eintritt ist frei, Spenden sind erw\u00fcnscht.<\/strong><\/p>\n<p><strong>Das Veranstaltungsthema wird sein: <\/strong>Marx lebt und ist nicht tot zu kriegen! anl\u00e4sslich des Karl-Marx-Jahres 2013.<\/p>\n<p>Eine Lesung zum \u201eKommunistisches Manifest\u201c mit anschlie\u00dfender Diskussion mit Prof. Dr. G\u00f6tz Dieckmann, Dr. Detlef Kannapin und Dr. Hans- G\u00fcnter Szalkiewicz.<\/p>\n","protected":false},"excerpt":{"rendered":"<p>wir laden herzlich zur n\u00e4chsten Berliner Runde \u2013 &#8222;Freidenker im Gespr\u00e4ch\u201d ein, die dieses Mal am 15. Mai 2013, 18:30 Uhr im Habbema, B\u00fchne der Peter-Hacks-Gesellschaft, M\u00fclhauser Str. 6, Ecke Prenzlauer Allee stattfindet. Eintritt ist frei, Spenden sind erw\u00fcnscht. Das Veranstaltungsthema wird sein: Marx lebt und ist nicht tot zu kriegen! anl\u00e4sslich des Karl-Marx-Jahres 2013. [&hellip;]<\/p>\n","protected":false},"author":4,"featured_media":0,"comment_status":"closed","ping_status":"closed","sticky":false,"template":"","format":"standard","meta":{"jetpack_post_was_ever_published":false,"_jetpack_newsletter_access":"","_jetpack_dont_email_post_to_subs":false,"_jetpack_newsletter_tier_id":0,"_jetpack_memberships_contains_paywalled_content":false,"_jetpack_memberships_contains_paid_content":false,"footnotes":""},"categories":[14,13],"tags":[],"class_list":["post-1194","post","type-post","status-publish","format-standard","hentry","category-aktivitaeten-des-dfv-berlin","category-veranstaltungen"],"jetpack_featured_media_url":"","jetpack_shortlink":"https:\/\/wp.me\/py5dN-jg","jetpack_sharing_enabled":true,"_links":{"self":[{"href":"https:\/\/www.berlin.freidenker.org\/index.php?rest_route=\/wp\/v2\/posts\/1194","targetHints":{"allow":["GET"]}}],"collection":[{"href":"https:\/\/www.berlin.freidenker.org\/index.php?rest_route=\/wp\/v2\/posts"}],"about":[{"href":"https:\/\/www.berlin.freidenker.org\/index.php?rest_route=\/wp\/v2\/types\/post"}],"author":[{"embeddable":true,"href":"https:\/\/www.berlin.freidenker.org\/index.php?rest_route=\/wp\/v2\/users\/4"}],"replies":[{"embeddable":true,"href":"https:\/\/www.berlin.freidenker.org\/index.php?rest_route=%2Fwp%2Fv2%2Fcomments&post=1194"}],"version-history":[{"count":1,"href":"https:\/\/www.berlin.freidenker.org\/index.php?rest_route=\/wp\/v2\/posts\/1194\/revisions"}],"predecessor-version":[{"id":1195,"href":"https:\/\/www.berlin.freidenker.org\/index.php?rest_route=\/wp\/v2\/posts\/1194\/revisions\/1195"}],"wp:attachment":[{"href":"https:\/\/www.berlin.freidenker.org\/index.php?rest_route=%2Fwp%2Fv2%2Fmedia&parent=1194"}],"wp:term":[{"taxonomy":"category","embeddable":true,"href":"https:\/\/www.berlin.freidenker.org\/index.php?rest_route=%2Fwp%2Fv2%2Fcategories&post=1194"},{"taxonomy":"post_tag","embeddable":true,"href":"https:\/\/www.berlin.freidenker.org\/index.php?rest_route=%2Fwp%2Fv2%2Ftags&post=1194"}],"curies":[{"name":"wp","href":"https:\/\/api.w.org\/{rel}","templated":true}]}}