{"id":1222,"date":"2013-05-01T23:00:10","date_gmt":"2013-05-01T21:00:10","guid":{"rendered":"http:\/\/www.berlin.freidenker.org\/?p=1222"},"modified":"2013-05-31T00:27:57","modified_gmt":"2013-05-30T22:27:57","slug":"protest-gegen-die-stationierung-von-patriot-raketen-in-der-turkei","status":"publish","type":"post","link":"https:\/\/www.berlin.freidenker.org\/?p=1222","title":{"rendered":"Protest gegen die Stationierung von PATRIOT-Raketen in der T\u00fcrkei"},"content":{"rendered":"<h3>Mahnwache am 26.4.13 in Berlin<\/h3>\n<p>Vom 25. bis 29. April 2013 fand eine Internationale Friedenskonferenz in Istanbul und Antiochia statt mit dem Thema: \u201eImperialists out of Middle East. Stop War, Stop NATO!\u201c Veranstalter war die Friedensgesellschaft der T\u00fcrkei unter Schirmherrschaft des Weltfriedensrates.<\/p>\n<p>Gruppen der Friedenskoordination Berlin sowie der Berliner Landesverband des Dt. Freidenker-Verbandes riefen zu einer Solidarit\u00e4ts-Mahnwache am 26.4. am Brandenburger Tor auf, <a title=\"Hyperlink zum Protestaufruf\" href=\"https:\/\/www.berlin.freidenker.org\/wp-content\/uploads\/2013\/05\/Aufruf.pdf\" target=\"_blank\"><strong>hier bitte weiterlesen<\/strong><\/a> &#8230;<\/p>\n<p>Wir \u00fcbermittelten eine <strong><a title=\"Hyperlink zur Grussbotschaft\" href=\"https:\/\/www.berlin.freidenker.org\/wp-content\/uploads\/2013\/05\/Patriot-Mahnwache-Gru\u00dfbotschaft.pdf\" target=\"_blank\">Gru\u00dfbotschaft<\/a><\/strong> in <strong><a href=\"https:\/\/www.berlin.freidenker.org\/wp-content\/uploads\/2013\/05\/Uluslararasi-Baris-Konferansi.pdf\" target=\"_blank\">t\u00fcrkischer<\/a><\/strong>, <strong><a href=\"https:\/\/www.berlin.freidenker.org\/wp-content\/uploads\/2013\/05\/Greetings-to-International-Peace-Conference-in-Turkey.pdf\" target=\"_blank\">englischer<\/a><\/strong> und <strong><a href=\"https:\/\/www.berlin.freidenker.org\/wp-content\/uploads\/2013\/05\/Patriot-Mahnwache-Gru\u00dfbotschaft.pdf\" target=\"_blank\">deutscher<\/a><\/strong> Sprache und sandten Fotos von der Mahnwache an die Konferenz.<!--more--><\/p>\n<p>Nach unseren Protesten im Dezember 2012 und dem verheerenden Bundestagsbeschluss (12. und 14.12.13) zur Entsendung von PATRIOTS und AWACS in das Konfliktgebiet im Nahen\/Mittleren Osten wollten wir nun den Kampf der t\u00fcrkischen Friedenskr\u00e4fte vor Ort gegen diese NATO-Waffen unterst\u00fctzen.<\/p>\n<p>Wir wollten eine Botschaft der Solidarit\u00e4t an die Friedenskonferenz senden und zum Ausdruck bringen, dass wir den Kampf gegen eine v\u00f6lkerrechtswidrige Intervention und gegen die Beteiligung von NATO und Deutschland an der Zerst\u00f6rung von Syrien fortsetzen werden.<\/p>\n<p>Unserem Aufruf in unseren Kreisen folgten mehr als 30 friedensbewegte Teilnehmer_innen, darunter t\u00fcrkische Friedensaktivist_innen.<\/p>\n<p>Wir bedanken uns \u00a0bei allen Aktiven der Friko Berlin.<\/p>\n<h3>Zum Hintergrund<\/h3>\n<p>Im Dezember 2012 begann eine neue Stufe der Eskalation im unerkl\u00e4rten Krieg gegen Syrien, indem aus der Bundesrepublik Deutschland, den USA\u00a0 und den Niederlanden NATO-Waffen in die T\u00fcrkei verlegt wurden: das Flugabwehr-Raketensystem PATRIOT\u00a0 (2 Systeme aus der BRD mit bis zu 400 Bundeswehrsoldaten) und die sog. Fliegenden Aufkl\u00e4rungs- und Leitzentralen AWACS.<\/p>\n<p>Damit war die Gefahr einer Flugverbotszone n\u00e4her gekommen. Falsche Behauptungen \u00fcber einen Chemiewaffeneinsatz der Regierung k\u00f6nnten in diesem Fall als Vorwand benutzt werden.<\/p>\n<p>Die PATRIOTS wurden auf den Weg geschickt, trotz vielf\u00e4ltiger Proteste aus der bundesdeutschen Bev\u00f6lkerung, darunter vom Dt. Freidenker-Verband, der sich vor der Bundestagsabstimmung mit einem Offenen Brief (s. <a href=\"http:\/\/www.freidenker.org\/\">www.freidenker.org<\/a>) \u00a0an jeden Bundestagsabgeordneten wandte, vom Bundesausschuss Friedensratschlag, durch Friedensmahnwachen im Dezember \u00a0in Berlin vor dem Bundestag.<\/p>\n<p>Das \u201eRostocker Friedensb\u00fcndnis\u201c richtete einen Appell an die Hafenarbeiter in Travem\u00fcnde. Friedensgruppen und VVN-BdA aus Travem\u00fcnde riefen zum Protest auf.<\/p>\n<p>Die Manipulations-Medien berichteten ungew\u00f6hnlich ausf\u00fchrlich \u00fcber die Verlegung, mit auffallender Wortgleichheit. Kritische Berichte waren nur in linken Medien zu finden, vor allem in \u201ejunge Welt\u201c.<\/p>\n<p>Dass dieses Kriegsger\u00e4t in der T\u00fcrkei nicht willkommen war, zeigte sich sofort und anhaltend an den Protesten der sehr engagierten dortigen Friedensbewegung \u2013 vor der deutschen Botschaft und an den Aufstellungsorten. Von den Sicherheitsorganen wurde Tr\u00e4nengas eingesetzt und Dutzende Festnahmen vorgenommen. Die Spaltung in der t\u00fcrkischen Bev\u00f6lkerung vertiefte sich: AKP-Anh\u00e4nger begr\u00fc\u00dfen das NATO-Kriegsger\u00e4t mehrheitlich, die meisten anderen Bev\u00f6lkerungsteile verurteilen diesen Aufmarsch gegen Syrien.<\/p>\n<p>Die t\u00fcrkische Regierung hat sich einen Kriegsvorratsbeschluss vom Parlament billigen lassen und k\u00f6nnte binnen eines Jahres jederzeit in Syrien einmarschieren. Das macht die Situation besonders gef\u00e4hrlich.<\/p>\n<h3>Informationen zum Kriegsger\u00e4t:<\/h3>\n<p>PATRIOT: Hersteller Raytheon. Zum Konzernbereich geh\u00f6rt Raytheon-Ansch\u00fctz. Kommandozentrale in Rammstein.<\/p>\n<p>AWACS: Hersteller Boening, beteiligt Donnier (Oberpfaffenhofen) sowie LKW-MAN.<\/p>\n<p>Stationiert in der Air Base Geilenkirchen bei Aachen.<\/p>\n<p>i.A. Uta Mader,<\/p>\n<p>Mitglied im Leitungskollektiv des Landesverbandes Berlin<br \/>\ndes Dt. Freidenker-Verbandes e.V.<\/p>\n","protected":false},"excerpt":{"rendered":"<p>Mahnwache am 26.4.13 in Berlin Vom 25. bis 29. April 2013 fand eine Internationale Friedenskonferenz in Istanbul und Antiochia statt mit dem Thema: \u201eImperialists out of Middle East. Stop War, Stop NATO!\u201c Veranstalter war die Friedensgesellschaft der T\u00fcrkei unter Schirmherrschaft des Weltfriedensrates. Gruppen der Friedenskoordination Berlin sowie der Berliner Landesverband des Dt. Freidenker-Verbandes riefen zu [&hellip;]<\/p>\n","protected":false},"author":4,"featured_media":0,"comment_status":"closed","ping_status":"closed","sticky":false,"template":"","format":"standard","meta":{"jetpack_post_was_ever_published":false,"_jetpack_newsletter_access":"","_jetpack_dont_email_post_to_subs":false,"_jetpack_newsletter_tier_id":0,"_jetpack_memberships_contains_paywalled_content":false,"_jetpack_memberships_contains_paid_content":false,"footnotes":""},"categories":[14,22,24,23,13],"tags":[],"class_list":["post-1222","post","type-post","status-publish","format-standard","hentry","category-aktivitaeten-des-dfv-berlin","category-friedensaktionen","category-friko-berlin","category-syrien","category-veranstaltungen"],"jetpack_featured_media_url":"","jetpack_shortlink":"https:\/\/wp.me\/py5dN-jI","jetpack_sharing_enabled":true,"_links":{"self":[{"href":"https:\/\/www.berlin.freidenker.org\/index.php?rest_route=\/wp\/v2\/posts\/1222","targetHints":{"allow":["GET"]}}],"collection":[{"href":"https:\/\/www.berlin.freidenker.org\/index.php?rest_route=\/wp\/v2\/posts"}],"about":[{"href":"https:\/\/www.berlin.freidenker.org\/index.php?rest_route=\/wp\/v2\/types\/post"}],"author":[{"embeddable":true,"href":"https:\/\/www.berlin.freidenker.org\/index.php?rest_route=\/wp\/v2\/users\/4"}],"replies":[{"embeddable":true,"href":"https:\/\/www.berlin.freidenker.org\/index.php?rest_route=%2Fwp%2Fv2%2Fcomments&post=1222"}],"version-history":[{"count":10,"href":"https:\/\/www.berlin.freidenker.org\/index.php?rest_route=\/wp\/v2\/posts\/1222\/revisions"}],"predecessor-version":[{"id":1224,"href":"https:\/\/www.berlin.freidenker.org\/index.php?rest_route=\/wp\/v2\/posts\/1222\/revisions\/1224"}],"wp:attachment":[{"href":"https:\/\/www.berlin.freidenker.org\/index.php?rest_route=%2Fwp%2Fv2%2Fmedia&parent=1222"}],"wp:term":[{"taxonomy":"category","embeddable":true,"href":"https:\/\/www.berlin.freidenker.org\/index.php?rest_route=%2Fwp%2Fv2%2Fcategories&post=1222"},{"taxonomy":"post_tag","embeddable":true,"href":"https:\/\/www.berlin.freidenker.org\/index.php?rest_route=%2Fwp%2Fv2%2Ftags&post=1222"}],"curies":[{"name":"wp","href":"https:\/\/api.w.org\/{rel}","templated":true}]}}