{"id":1240,"date":"2013-05-31T00:56:21","date_gmt":"2013-05-30T22:56:21","guid":{"rendered":"http:\/\/www.berlin.freidenker.org\/?p=1240"},"modified":"2013-05-31T00:57:03","modified_gmt":"2013-05-30T22:57:03","slug":"termine-im-juni-2013","status":"publish","type":"post","link":"https:\/\/www.berlin.freidenker.org\/?p=1240","title":{"rendered":"Termine im Juni 2013"},"content":{"rendered":"<p><strong>1. und 2. Juni 2013<\/strong>: <strong>Fest der Linken<\/strong> auf dem Rosa-Luxemburg-Platz in Berlin Mitte, weitere Infos: <a title=\"Hyperlink zur Webseite http:\/\/www.fest-der-linken.de\" href=\"http:\/\/www.fest-der-linken.de\" target=\"_blank\">http:\/\/www.fest-der-linken.de<\/a> &#8211; <b>Politik, Musik, Literatur, ND-Pressefest, Kinderfest &#8211;<\/b><b> Auftakt am Freitag, den 31.05.2013, mit verschiedenen Veranstaltungen, Sonnabend und Sonntag ab 11 Uhr.<\/b> u.a. Sonnabend, 13 Uhr: Infostand von B\u00fcSGM, der Autor Dr. Klaus Blessing wird sein Buch \u201eJoachim Gauck \u2013 der richtige Mann?\u201c vorstellen.<\/p>\n<p><strong>31. Mai bis 2. Juni 2013<\/strong>: <strong>Das lange Wochenende der junge Welt-Ladengalerie<\/strong>. Wichtig: Dort liegt auch die Vorank\u00fcndigung f\u00fcr die Demo am 17. Juni 2013 anl\u00e4sslich des Obama-Besuches aus. Bitte zugreifen und verteilen<\/p>\n<p><strong>31. Mai 2013 19:00 Uhr<\/strong>: <strong>Wider den Zeitgeist<\/strong>, Band 2, Berliner Buchpremiere mit dem Autor <strong>Moshe Zuckermann<\/strong><\/p>\n<p><strong>1. Juni 2013, 13:00 Uhr<\/strong>: <strong>Podiumsdiskussion mit Lieselotte Welskopf-Henrich und die Ereignisse in Wounded Knee<\/strong>, mit Dr. Rudolf Welskopf, Victor Grossmann u.a.<\/p>\n<p><strong>1. Juni 2013, 15:00 Uhr<\/strong>: Buchpremiere, <strong>Reform und Revolution \u2013 Revolutions- und Klassentheorie im 21. Jahrhundert<\/strong>. Herausgeber: Ekkehard Lieberam, Robert Steigerwald und Edeltraut Felfe.<!--more--><\/p>\n<p><strong>1. Juni 2013, 20:00 Uhr<\/strong>: Musikalische Lesung mit Carmen Maja Antoni und Jennipher Antoni \u201eWer entkommen will, braucht Gl\u00fcck\u201c<\/p>\n<p><strong>2. Juni 2013, 12:00 Uhr<\/strong>: Podiumsdiskussion, <strong>Stalin. Geschichte und Kritik einer schwarzen Legende<\/strong>, mit Domenico Losurdo, Kurt P\u00e4tzold und Werner Fischer<\/p>\n<p><strong>2. Juni 2013, 14:00 Uhr<\/strong>: Buchvorstellung, <strong>Revolution f\u00fcr Europa<\/strong> mit dem Herausgeber Diether Dehm.<\/p>\n<p><strong>2. Juni 2013, 17:00 Uhr<\/strong>: Podiumsdiskussion, <strong>Wohin steuert Venezuela?<\/strong> Mit <strong>Andr\u00e9 Scheer<\/strong> und <strong>Katja Kl\u00fc\u00dfendorf<\/strong><\/p>\n<p><strong>1. Juni 2013, 15:00 Uhr:<\/strong> <strong>Kundgebung auf dem Pariser Platz f\u00fcr Bradley Manning<\/strong>. Es sprechen Andy M\u00fcller-Maguhn, Dr. Hans Coppi, Elsa Rassbach, Diani Barreto, Daniel L\u00fccking und Annegret Falter. Mehr Infos \u00fcber <a title=\"hyperlink zu http:\/\/www.freebradleymanning.net\" href=\"http:\/\/www.freebradleymanning.net\" target=\"_blank\">http:\/\/www.freebradleymanning.net<\/a><\/p>\n<p><strong>2. Juni 2013, 13:00 Uhr<\/strong>: <strong>Kunst als Waffe<\/strong>, in <strong>Dr. Seltsams Wochenschau<\/strong>, mit \u00dcberraschungsgast: Kirche von unten. Ort: Brauhaus S\u00fcdstern, Hasenheide 69, Berlin-Kreuzberg, U7-S\u00fcdstern.<\/p>\n","protected":false},"excerpt":{"rendered":"<p>1. und 2. Juni 2013: Fest der Linken auf dem Rosa-Luxemburg-Platz in Berlin Mitte, weitere Infos: http:\/\/www.fest-der-linken.de &#8211; Politik, Musik, Literatur, ND-Pressefest, Kinderfest &#8211; Auftakt am Freitag, den 31.05.2013, mit verschiedenen Veranstaltungen, Sonnabend und Sonntag ab 11 Uhr. u.a. Sonnabend, 13 Uhr: Infostand von B\u00fcSGM, der Autor Dr. Klaus Blessing wird sein Buch \u201eJoachim Gauck [&hellip;]<\/p>\n","protected":false},"author":4,"featured_media":0,"comment_status":"closed","ping_status":"closed","sticky":false,"template":"","format":"standard","meta":{"jetpack_post_was_ever_published":false,"_jetpack_newsletter_access":"","_jetpack_dont_email_post_to_subs":false,"_jetpack_newsletter_tier_id":0,"_jetpack_memberships_contains_paywalled_content":false,"_jetpack_memberships_contains_paid_content":false,"footnotes":""},"categories":[14,13],"tags":[],"class_list":["post-1240","post","type-post","status-publish","format-standard","hentry","category-aktivitaeten-des-dfv-berlin","category-veranstaltungen"],"jetpack_featured_media_url":"","jetpack_shortlink":"https:\/\/wp.me\/py5dN-k0","jetpack_sharing_enabled":true,"_links":{"self":[{"href":"https:\/\/www.berlin.freidenker.org\/index.php?rest_route=\/wp\/v2\/posts\/1240","targetHints":{"allow":["GET"]}}],"collection":[{"href":"https:\/\/www.berlin.freidenker.org\/index.php?rest_route=\/wp\/v2\/posts"}],"about":[{"href":"https:\/\/www.berlin.freidenker.org\/index.php?rest_route=\/wp\/v2\/types\/post"}],"author":[{"embeddable":true,"href":"https:\/\/www.berlin.freidenker.org\/index.php?rest_route=\/wp\/v2\/users\/4"}],"replies":[{"embeddable":true,"href":"https:\/\/www.berlin.freidenker.org\/index.php?rest_route=%2Fwp%2Fv2%2Fcomments&post=1240"}],"version-history":[{"count":3,"href":"https:\/\/www.berlin.freidenker.org\/index.php?rest_route=\/wp\/v2\/posts\/1240\/revisions"}],"predecessor-version":[{"id":1244,"href":"https:\/\/www.berlin.freidenker.org\/index.php?rest_route=\/wp\/v2\/posts\/1240\/revisions\/1244"}],"wp:attachment":[{"href":"https:\/\/www.berlin.freidenker.org\/index.php?rest_route=%2Fwp%2Fv2%2Fmedia&parent=1240"}],"wp:term":[{"taxonomy":"category","embeddable":true,"href":"https:\/\/www.berlin.freidenker.org\/index.php?rest_route=%2Fwp%2Fv2%2Fcategories&post=1240"},{"taxonomy":"post_tag","embeddable":true,"href":"https:\/\/www.berlin.freidenker.org\/index.php?rest_route=%2Fwp%2Fv2%2Ftags&post=1240"}],"curies":[{"name":"wp","href":"https:\/\/api.w.org\/{rel}","templated":true}]}}