{"id":1261,"date":"2013-08-12T22:50:16","date_gmt":"2013-08-12T20:50:16","guid":{"rendered":"http:\/\/www.berlin.freidenker.org\/?p=1261"},"modified":"2013-08-12T22:44:09","modified_gmt":"2013-08-12T20:44:09","slug":"19-9-2013-wacht-auf-verdammte-dieser-erde","status":"publish","type":"post","link":"https:\/\/www.berlin.freidenker.org\/?p=1261","title":{"rendered":"19.9.2013 \u2013 Wacht auf, Verdammte dieser Erde"},"content":{"rendered":"<p><em><img data-recalc-dims=\"1\" loading=\"lazy\" decoding=\"async\" class=\" wp-image-1264 alignleft\" alt=\"Arbeiterfotografie\" src=\"https:\/\/i0.wp.com\/www.berlin.freidenker.org\/wp-content\/uploads\/2013\/08\/arbeiter-fotografie-logo.png?resize=225%2C225&#038;ssl=1\" width=\"225\" height=\"225\" srcset=\"https:\/\/i0.wp.com\/www.berlin.freidenker.org\/wp-content\/uploads\/2013\/08\/arbeiter-fotografie-logo.png?w=250&amp;ssl=1 250w, https:\/\/i0.wp.com\/www.berlin.freidenker.org\/wp-content\/uploads\/2013\/08\/arbeiter-fotografie-logo.png?resize=150%2C150&amp;ssl=1 150w\" sizes=\"auto, (max-width: 225px) 100vw, 225px\" \/>Wir laden herzlich ein zur Ausstellungser\u00f6ffnung und Veranstaltung in Werder an der Havel: <\/em><strong><br \/>\n<\/strong> <strong><em>Wacht auf, Verdammte dieser Erde<\/em><br \/>\n<\/strong> in Kooperation mit dem Deutschen Freidenker-Verband und dem Euregio-Projekt Frieden<\/p>\n<p>KUNST-GESCHOSS \u2013 Die Stadtgalerie im Sch\u00fc tzenhaus Werder (Havel) Uferstra\u00dfe 10, 14542 Werder (Havel) \u2013 Inselstadt<\/p>\n<p>Donnerstag, 19. September 2013, 19:00 Uhr<br \/>\n<strong>Ausstellungser\u00f6ffnung<\/strong> (mit Kultureinlage von Ernesto Schwarz und Hartmut Barth-Engelbart)<\/p>\n<p>Samstag, 21. September 2013 (15:00 \u2013 21:00 Uhr)<br \/>\n<strong>\u00d6ffentliche Veranstaltung<\/strong> mit Vortr\u00e4gen, Diskussion und Kulturprogramm<br \/>\n<!--more--><\/p>\n<ul>\n<li><em>\u201eFotografie als Waffe\u201c,<\/em> Bild-Vortrag von Anneliese Fikentscher (Arbeiterfotografie-Vorsitzende) mit Diskussion<\/li>\n<\/ul>\n<ul>\n<li><em>\u201eEnteignung von 99 Prozent der Menschheit \u2013 und die Methoden ihrer Absicherung\u201c,<\/em> Vortrag von Klaus Hartmann (Vorsitzender des Deutschen Freidenker-Verbands und Vizepr\u00e4sident der Weltunion der Freidenker) mit Diskussion<\/li>\n<\/ul>\n<ul>\n<li><em>\u201eDie Medienkrieger \u2013 eine Innensicht\u201c,<\/em> Vortrag von J\u00fcrgen Rose (Oberstleutnant, Darmst\u00e4dter Signal)\u00a0mit Diskussion<\/li>\n<\/ul>\n<ul>\n<li>Kulturteil mit Ernesto Schwarz (revolution\u00e4re Lieder), Hartmut-Barth Engelbart (revolution\u00e4re Texte und Lieder), DIE BANDBREITE (mit Liedern, die den Nerv der Zeit treffen)<\/li>\n<\/ul>\n<p>Ausstellung vom 21.09. bis 03.11.2013 im KUNST-GESCHOSS, der Stadtgalerie im Sch\u00fctzenhaus Werder (Havel), ge\u00f6ffnet Donnerstag, Samstag und Sonntag von 13:00 \u2013 18:00 Uhr, Eintritt frei<br \/>\nsiehe auch hier:<br \/>\n<a href=\"http:\/\/www.arbeiterfotografie.com\/35jahre\" target=\"_blank\">www.arbeiterfotografie.com\/35jahre<\/a><\/p>\n<p>Wer die Veranstaltung \u2013 und die Arbeit der Arbeiterfotografie \u2013 unterst\u00fctzen m\u00f6chte, kann das auch per Spende. Jeder Beitrag ist wertvoll. In der Jubil\u00e4umsausgabe der Zeit- schrift wird eine Spenderliste ver\u00f6ffentlicht. Wer darin nicht aufgef\u00fchrt sein m\u00f6chte, bitte angeben. Auch Gl\u00fcckwunschanzeigen sind willkommen. Es reicht ggfs. ein kurzer Gl\u00fcckwunschtext.<br \/>\nArbeiterfotografie e.V., Postbank Hamburg, BLZ 200 100 20, Kto. 101 656 203 Stichwort \u201935 Jahre\u2019 (auf Wunsch gegen steuerabzugsf\u00e4hige Spendenquittung)<\/p>\n<p>Ausstellung in Temse bei Antwerpen er\u00f6ffnet <strong>Arbeiterfotografie mit \u201cArme Stadt \u2013 Reiche Stadt\u201d und \u201cRealit\u00e4t der Arbeit\u201d in der internationalen Foto-Ausstellung Soziale Fotografie \u2013 Bilder, die bleiben<\/strong> (Sociale Fotografie \u2013 Beelden die blijven)<\/p>\n<p><em>Vor der Ausstellungser\u00f6ffnung am 2. August<br \/>\n<\/em><br \/>\nSaal Dacca, Kasteelstraat 74, B-9140 Temse (bei Antwerpen)<br \/>\n3. August bis 1. September 2013<br \/>\n\u00d6ffnungzeiten Samstags von 14:00 bis 18:00 Uhr, Sonntags von 10:00 bis 12:00 Uhr und 14:00 bis 18:00 Uhr<br \/>\nFinissage am Samstag, 31. August 2013, 14:00 Uhr<\/p>\n<p><strong>Drei Worte\u2026<\/strong> (<em>Anneliese Fikentscher und Senne Glanschneider, Bundesvorstand Arbeiterfotografie, Temse\/Antwerpen, am 2. August 2013 zur Er\u00f6ffnung)<br \/>\n<\/em><br \/>\n<em>Im Namen des Bundesverbandes Arbeiterfotografie bedanken wir uns sehr herzlich f\u00fcr die Einladung, an dieser Ausstellung teilzunehmen. Es ist ja nicht das erste Mal, dass wir mit unseren belgischen Freunden zusammenwirken \u2013 das zeigt auch die Beteiligung am Arbeiterfotografie-Jahresprojekt \u201eRealit\u00e4t der Arbeit\u201c, das hier zu sehen ist.<br \/>\n\u00d6ffentlichkeit ist f\u00fcr unsere Wirkungsabsicht mit sozialer Fotografie eine ganz wesent- liche, eine unverzichtbare Komponente. Mit unseren Bildern k\u00e4mpfen wir gemeinsam gegen eine immer gigantischer gewordene Medienindustrie an, die sich auch sozialer Themen bem\u00e4chtigt. Aber meist ist es so, dass sozial Schwache f\u00fcr ihre Lage allein verantwortlich gemacht werden, dass sie so dargestellt werden, als ob sie die Gesell- schaft ausnutzen. Menschen werden gegeneinandergehetzt, ohne den Ursachen \u2013 n\u00e4mlich eine zunehmende Schieflage in der Verteilung des gesellschaftlichen Reichtums \u2013 auf den Grund zu gehen. Das wollen wir mit unseren Bildern tun: die Systemfrage stellen\u2026.<\/em><\/p>\n<p>Weiter hier:<br \/>\n<a href=\"19.9.2013 \u2013 Wacht auf, Verdammte dieser Erde\" target=\"_blank\"> www.arbeiterfotografie.com\/af-koeln\/arme-stadt-reiche-stadt\/information.html<\/a><\/p>\n","protected":false},"excerpt":{"rendered":"<p>Wir laden herzlich ein zur Ausstellungser\u00f6ffnung und Veranstaltung in Werder an der Havel: Wacht auf, Verdammte dieser Erde in Kooperation mit dem Deutschen Freidenker-Verband und dem Euregio-Projekt Frieden KUNST-GESCHOSS \u2013 Die Stadtgalerie im Sch\u00fc tzenhaus Werder (Havel) Uferstra\u00dfe 10, 14542 Werder (Havel) \u2013 Inselstadt Donnerstag, 19. September 2013, 19:00 Uhr Ausstellungser\u00f6ffnung (mit Kultureinlage von Ernesto [&hellip;]<\/p>\n","protected":false},"author":4,"featured_media":0,"comment_status":"closed","ping_status":"closed","sticky":false,"template":"","format":"standard","meta":{"jetpack_post_was_ever_published":false,"_jetpack_newsletter_access":"","_jetpack_dont_email_post_to_subs":false,"_jetpack_newsletter_tier_id":0,"_jetpack_memberships_contains_paywalled_content":false,"_jetpack_memberships_contains_paid_content":false,"footnotes":""},"categories":[27,14,13],"tags":[],"class_list":["post-1261","post","type-post","status-publish","format-standard","hentry","category-arbeiterfotografie","category-aktivitaeten-des-dfv-berlin","category-veranstaltungen"],"jetpack_featured_media_url":"","jetpack_shortlink":"https:\/\/wp.me\/py5dN-kl","jetpack_sharing_enabled":true,"_links":{"self":[{"href":"https:\/\/www.berlin.freidenker.org\/index.php?rest_route=\/wp\/v2\/posts\/1261","targetHints":{"allow":["GET"]}}],"collection":[{"href":"https:\/\/www.berlin.freidenker.org\/index.php?rest_route=\/wp\/v2\/posts"}],"about":[{"href":"https:\/\/www.berlin.freidenker.org\/index.php?rest_route=\/wp\/v2\/types\/post"}],"author":[{"embeddable":true,"href":"https:\/\/www.berlin.freidenker.org\/index.php?rest_route=\/wp\/v2\/users\/4"}],"replies":[{"embeddable":true,"href":"https:\/\/www.berlin.freidenker.org\/index.php?rest_route=%2Fwp%2Fv2%2Fcomments&post=1261"}],"version-history":[{"count":7,"href":"https:\/\/www.berlin.freidenker.org\/index.php?rest_route=\/wp\/v2\/posts\/1261\/revisions"}],"predecessor-version":[{"id":1271,"href":"https:\/\/www.berlin.freidenker.org\/index.php?rest_route=\/wp\/v2\/posts\/1261\/revisions\/1271"}],"wp:attachment":[{"href":"https:\/\/www.berlin.freidenker.org\/index.php?rest_route=%2Fwp%2Fv2%2Fmedia&parent=1261"}],"wp:term":[{"taxonomy":"category","embeddable":true,"href":"https:\/\/www.berlin.freidenker.org\/index.php?rest_route=%2Fwp%2Fv2%2Fcategories&post=1261"},{"taxonomy":"post_tag","embeddable":true,"href":"https:\/\/www.berlin.freidenker.org\/index.php?rest_route=%2Fwp%2Fv2%2Ftags&post=1261"}],"curies":[{"name":"wp","href":"https:\/\/api.w.org\/{rel}","templated":true}]}}