{"id":1281,"date":"2013-09-27T22:00:17","date_gmt":"2013-09-27T20:00:17","guid":{"rendered":"http:\/\/www.berlin.freidenker.org\/?p=1281"},"modified":"2013-10-13T15:36:18","modified_gmt":"2013-10-13T13:36:18","slug":"9-10-2013-berliner-runde-berliner-freidenker-im-gesprach","status":"publish","type":"post","link":"https:\/\/www.berlin.freidenker.org\/?p=1281","title":{"rendered":"9.10.2013 &#8211; Berliner Runde &#8211; &#8222;Berliner Freidenker im Gespr\u00e4ch&#8220;"},"content":{"rendered":"<p style=\"text-align: left;\" align=\"center\">Am <b>Mittwoch, den 9. Oktober 2013 <\/b>findet unsere n\u00e4chste Berliner Runde &#8211; &#8222;Freidenker im Gespr\u00e4ch&#8220; statt, die 18 Uhr in <strong>Berlin<\/strong>, in der <strong>Torstr. 203<\/strong> im Club der Volkssolidarit\u00e4t beginnt.<\/p>\n<p>\u00a0Zum Thema:<\/p>\n<p><b>Imperialistische Politik global \u2013 Strategien gegen die Souver\u00e4nit\u00e4t der V\u00f6lker \u2013 Gegenstrategien aus Lateinamerika<\/b><\/p>\n<p>konnten wir als <strong>Referenten Klaus Eichner<\/strong> (GBM) und <strong>Tobias Baumann<\/strong> (Freidenker) gewinnen.<\/p>\n<p>Moderation: <strong>Elke Zwinge-Makamizile<\/strong> (Freidenkerin).<\/p>\n<p>Der Krieg in Syrien hat noch einmal deutlich gemacht, dass die Respektierung der v\u00f6lkerrechtlichen Prinzipien von Souver\u00e4nit\u00e4t und Nichteinmischung von gr\u00f6\u00dfter Bedeutung f\u00fcr selbstbestimmte Entwicklungen der L\u00e4nder ist.<\/p>\n<p>Die imperialistischen Machtzentren betreiben eine nicht hinnehmbare Politik der Einmischung in die inneren Angelegenheiten der anderen L\u00e4nder bis hin zu laufenden und geplanten Angriffskriegen oder organisierten Staatsstreichen wie in Chile vor 40 Jahren.<\/p>\n<p>Wir freuen uns auf Euer Kommen und die Diskussion mit Euch.<\/p>\n","protected":false},"excerpt":{"rendered":"<p>Am Mittwoch, den 9. Oktober 2013 findet unsere n\u00e4chste Berliner Runde &#8211; &#8222;Freidenker im Gespr\u00e4ch&#8220; statt, die 18 Uhr in Berlin, in der Torstr. 203 im Club der Volkssolidarit\u00e4t beginnt. \u00a0Zum Thema: Imperialistische Politik global \u2013 Strategien gegen die Souver\u00e4nit\u00e4t der V\u00f6lker \u2013 Gegenstrategien aus Lateinamerika konnten wir als Referenten Klaus Eichner (GBM) und Tobias [&hellip;]<\/p>\n","protected":false},"author":4,"featured_media":0,"comment_status":"closed","ping_status":"closed","sticky":false,"template":"","format":"standard","meta":{"jetpack_post_was_ever_published":false,"_jetpack_newsletter_access":"","_jetpack_dont_email_post_to_subs":false,"_jetpack_newsletter_tier_id":0,"_jetpack_memberships_contains_paywalled_content":false,"_jetpack_memberships_contains_paid_content":false,"footnotes":""},"categories":[14,13],"tags":[],"class_list":["post-1281","post","type-post","status-publish","format-standard","hentry","category-aktivitaeten-des-dfv-berlin","category-veranstaltungen"],"jetpack_featured_media_url":"","jetpack_shortlink":"https:\/\/wp.me\/py5dN-kF","jetpack_sharing_enabled":true,"_links":{"self":[{"href":"https:\/\/www.berlin.freidenker.org\/index.php?rest_route=\/wp\/v2\/posts\/1281","targetHints":{"allow":["GET"]}}],"collection":[{"href":"https:\/\/www.berlin.freidenker.org\/index.php?rest_route=\/wp\/v2\/posts"}],"about":[{"href":"https:\/\/www.berlin.freidenker.org\/index.php?rest_route=\/wp\/v2\/types\/post"}],"author":[{"embeddable":true,"href":"https:\/\/www.berlin.freidenker.org\/index.php?rest_route=\/wp\/v2\/users\/4"}],"replies":[{"embeddable":true,"href":"https:\/\/www.berlin.freidenker.org\/index.php?rest_route=%2Fwp%2Fv2%2Fcomments&post=1281"}],"version-history":[{"count":5,"href":"https:\/\/www.berlin.freidenker.org\/index.php?rest_route=\/wp\/v2\/posts\/1281\/revisions"}],"predecessor-version":[{"id":1290,"href":"https:\/\/www.berlin.freidenker.org\/index.php?rest_route=\/wp\/v2\/posts\/1281\/revisions\/1290"}],"wp:attachment":[{"href":"https:\/\/www.berlin.freidenker.org\/index.php?rest_route=%2Fwp%2Fv2%2Fmedia&parent=1281"}],"wp:term":[{"taxonomy":"category","embeddable":true,"href":"https:\/\/www.berlin.freidenker.org\/index.php?rest_route=%2Fwp%2Fv2%2Fcategories&post=1281"},{"taxonomy":"post_tag","embeddable":true,"href":"https:\/\/www.berlin.freidenker.org\/index.php?rest_route=%2Fwp%2Fv2%2Ftags&post=1281"}],"curies":[{"name":"wp","href":"https:\/\/api.w.org\/{rel}","templated":true}]}}