{"id":1291,"date":"2013-10-20T08:49:21","date_gmt":"2013-10-20T06:49:21","guid":{"rendered":"http:\/\/www.berlin.freidenker.org\/?p=1291"},"modified":"2013-10-20T08:53:39","modified_gmt":"2013-10-20T06:53:39","slug":"13-11-2013-berliner-runde-freidenker-im-gespraech","status":"publish","type":"post","link":"https:\/\/www.berlin.freidenker.org\/?p=1291","title":{"rendered":"13.11.2013 &#8211; \u201eBerliner Runde \u2013 Freidenker im Gespr\u00e4ch\u201c"},"content":{"rendered":"<p>Liebe Freidenkerin, lieber Freidenker, liebe Freunde,<\/p>\n<p>wir k\u00fcndigen unsere n\u00e4chste \u201eBerliner Runde \u2013 Freidenker im Gespr\u00e4ch\u201c an am 13. November 2013, 18.00 Uhr<br \/>\nim Klub der Volkssolidarit\u00e4t Torstr. 203 \u2013 205*<\/p>\n<p style=\"text-align: center;\"><strong>\u201eDie eigentliche Menschheitsgeschichte beginnt erst!\u201c <\/strong><br \/>\n<strong>Aufbau einer Welt des \u201eguten Lebens\u201c.\u00a0 Brauchen wir dazu eine Unidad Popular? <\/strong><br \/>\n<strong>Referent: Prof. Dr. Carl-J\u00fcrgen Kaltenborn <\/strong><br \/>\n<strong>Moderation: Arnold Sch\u00f6lzel<\/strong><\/p>\n<p>Seit Ende der 80-ger Jahre, dem vorl\u00e4ufigen Scheitern des sozialistischen AlternativVersuchs in Europa, wird die globale Hilflosigkeit gegen\u00fcber Umwelt- und Hungerkatastrophen, Milit\u00e4r-Konflikten und Staatsverschuldungen mehr als deutlich. Carl-J\u00fcrgen Kaltenborn ist einer der beharrlichstenMahner, der mit Wort und Schrift dazu auffordert, die Suche nach einer Alternative zur heutigen profitorientierten Gesellschaft nicht aufzugeben, sondern sogar zu intensivieren.<!--more--><\/p>\n<p>Nach seiner Meinung brauchen wir dazu einen langen Atem, Bewusstheit \u00fcber die Ausbeutergesellschaft und klaren Verstand, um die n\u00e4chsten Schritte gemeinsam kraftvoll zu gehen. F\u00fcr seine \u00dcberzeugung, dass der Mensch ein politisches Lebewesen ist, fand und findet er Wurzeln und Anregungen bei vielen Vordenkern, z.B. Aristoteles, Marx,<br \/>\nLenin, Bertolt Brecht, Peter Hacks.<\/p>\n<p>Wir freuen uns, dass Carl-J\u00fcrgen Kaltenborn unsrer Einladung gefolgt ist und sich der Diskussion mit Freidenkern und deren Sympathisanten stellt.<\/p>\n<p>Carl-J\u00fcrgen Kaltenborn (77) blieb nach dem Theologie-Studium in Hamburg und Berlin als Universit\u00e4tslehrer der Theologischen Fakult\u00e4t an der Humboldt-Universit\u00e4t. Er widmete sich mit gro\u00dfem Einsatz der Ausbildung, der Zusammenarbeit von Christen und Marxisten und der internationalen Verst\u00e4ndigung \u2013 als Sekret\u00e4r der Christlichen Friedenskonferenz\/CFK in Prag f\u00fcr die DDR sowie als Mitglied der Internationalen Bonhoeffer-Gesellschaft und der \u201eSocietas Oecumenica\u201c. 1993 wurde er durch eine der ber\u00fcchtigten Evaluierungskommissionen aus dem Lehrk\u00f6rper der HUB entfernt.<br \/>\nDas Projekt \u201eFriedenslexikon\u201c, gemeinsam mit DieterKraft erarbeitet, konnte nach der Annexion der DDR nicht mehr verwirklicht werden.<br \/>\nKaltenborn ist bis heute auf vielseitige Weise als Aufkl\u00e4rer t\u00e4tig. Das Leitungskollektiv<\/p>\n<p>Weitere Information sind hier in unserem Informationsflyer <a href=\"https:\/\/www.berlin.freidenker.org\/wp-content\/uploads\/2013\/10\/Vorank\u00fcndigung-13.11.-end.pdf\" target=\"_blank\">13.11.2013 &#8211; \u201eBerliner Runde \u2013 Freidenker im Gespr\u00e4ch\u201c<\/a> zu erreichen.<\/p>\n<p>* Zu erreichen in Berlin \u00fcber die S1, S2, S25 bis Oranienburger Str., U6 bis Oranienburger Tor<\/p>\n","protected":false},"excerpt":{"rendered":"<p>Liebe Freidenkerin, lieber Freidenker, liebe Freunde, wir k\u00fcndigen unsere n\u00e4chste \u201eBerliner Runde \u2013 Freidenker im Gespr\u00e4ch\u201c an am 13. November 2013, 18.00 Uhr im Klub der Volkssolidarit\u00e4t Torstr. 203 \u2013 205* \u201eDie eigentliche Menschheitsgeschichte beginnt erst!\u201c Aufbau einer Welt des \u201eguten Lebens\u201c.\u00a0 Brauchen wir dazu eine Unidad Popular? Referent: Prof. Dr. Carl-J\u00fcrgen Kaltenborn Moderation: Arnold [&hellip;]<\/p>\n","protected":false},"author":4,"featured_media":0,"comment_status":"closed","ping_status":"closed","sticky":false,"template":"","format":"standard","meta":{"jetpack_post_was_ever_published":false,"_jetpack_newsletter_access":"","_jetpack_dont_email_post_to_subs":false,"_jetpack_newsletter_tier_id":0,"_jetpack_memberships_contains_paywalled_content":false,"_jetpack_memberships_contains_paid_content":false,"footnotes":""},"categories":[14,13],"tags":[],"class_list":["post-1291","post","type-post","status-publish","format-standard","hentry","category-aktivitaeten-des-dfv-berlin","category-veranstaltungen"],"jetpack_featured_media_url":"","jetpack_shortlink":"https:\/\/wp.me\/py5dN-kP","jetpack_sharing_enabled":true,"_links":{"self":[{"href":"https:\/\/www.berlin.freidenker.org\/index.php?rest_route=\/wp\/v2\/posts\/1291","targetHints":{"allow":["GET"]}}],"collection":[{"href":"https:\/\/www.berlin.freidenker.org\/index.php?rest_route=\/wp\/v2\/posts"}],"about":[{"href":"https:\/\/www.berlin.freidenker.org\/index.php?rest_route=\/wp\/v2\/types\/post"}],"author":[{"embeddable":true,"href":"https:\/\/www.berlin.freidenker.org\/index.php?rest_route=\/wp\/v2\/users\/4"}],"replies":[{"embeddable":true,"href":"https:\/\/www.berlin.freidenker.org\/index.php?rest_route=%2Fwp%2Fv2%2Fcomments&post=1291"}],"version-history":[{"count":5,"href":"https:\/\/www.berlin.freidenker.org\/index.php?rest_route=\/wp\/v2\/posts\/1291\/revisions"}],"predecessor-version":[{"id":1296,"href":"https:\/\/www.berlin.freidenker.org\/index.php?rest_route=\/wp\/v2\/posts\/1291\/revisions\/1296"}],"wp:attachment":[{"href":"https:\/\/www.berlin.freidenker.org\/index.php?rest_route=%2Fwp%2Fv2%2Fmedia&parent=1291"}],"wp:term":[{"taxonomy":"category","embeddable":true,"href":"https:\/\/www.berlin.freidenker.org\/index.php?rest_route=%2Fwp%2Fv2%2Fcategories&post=1291"},{"taxonomy":"post_tag","embeddable":true,"href":"https:\/\/www.berlin.freidenker.org\/index.php?rest_route=%2Fwp%2Fv2%2Ftags&post=1291"}],"curies":[{"name":"wp","href":"https:\/\/api.w.org\/{rel}","templated":true}]}}