{"id":1299,"date":"2014-01-01T19:00:36","date_gmt":"2014-01-01T17:00:36","guid":{"rendered":"http:\/\/www.berlin.freidenker.org\/?p=1299"},"modified":"2014-01-09T22:57:59","modified_gmt":"2014-01-09T20:57:59","slug":"teilnahme-der-freidenker-berlin-gegen-chevron-toxico","status":"publish","type":"post","link":"https:\/\/www.berlin.freidenker.org\/?p=1299","title":{"rendered":"30.11.2013 &#8211; Teilnahme der Berliner Freidenker GEGEN CHEVRON-T\u00d3XICO"},"content":{"rendered":"<p><iframe loading=\"lazy\" src=\"\/\/www.youtube.com\/embed\/86WdJ-ltFL4\" height=\"281\" width=\"500\" allowfullscreen=\"\" frameborder=\"0\"><\/iframe><\/p>\n<div><strong>Mahnwache am 30.11.13 vor dem Brandenburger Tor<\/strong><\/div>\n<div><a title=\"http:\/\/www.youtube.com\/watch?v=86WdJ-ltFL4&amp;feature=youtu.be\" href=\"http:\/\/www.youtube.com\/watch?v=86WdJ-ltFL4&amp;feature=youtu.be\" target=\"_blank\">http:\/\/www.youtube.com\/watch?v=86WdJ-ltFL4&amp;feature=youtu.be<\/a><\/div>\n<p>HEUTE FINDET WELTWEIT EIN PROTESTTAG GEGEN DIE SCHMUTZIGEN H\u00c4NDE CHEVRONS &#8222;LAS MANOS SUCIAS DE CHEVRON&#8220; STATT.<\/p>\n<p>Der Protesttag wurde initiiert von Organisatoren der 18. Weltjugendfestspiele, die in diesem Jahr in Ecuador stattfinden.\u00a0Der Protesttag ist Teil einer Kampagne, die den Kampf gegen Chevron-Texaco seit diesem Jahr f\u00fchrt. Das Emblem auf dem Transparent, das wir am Brandenburger Tor hochhielten.<\/p>\n<p><strong>Zun\u00e4chst einige kurze Informationen:<\/strong><\/p>\n<p>Texaco hatte von 1964 bis 1992 die Ausbeutung des Erd\u00f6ls im ecuadorianischen Regenwald vorgenommen und r\u00fccksichtslos die Zerst\u00f6rung der Umwelt und der Gesundheit der Bev\u00f6lkerung in Kauf genommen . \u00dcber 70 Millionen Liter giftige Erd\u00f6lr\u00fcckst\u00e4nde und \u00fcber 60 Millionen Liter Roh\u00f6l haben den Boden und das Wasser kontaminiert. Mehr als 30.000 Einwohner haben dramatische Auswirkungen auf ihre Gesundheit und ihre Lebensumst\u00e4nde bis heute zu ertragen. Wasser und Boden sind dauerhaft schwer verseucht. Seit 2 Jahrzehnten f\u00fchren Betroffene Klagen gegen Chevron-Texaco, seit 2001 gegen den Rechtsnachfolger Chevron, der als 2. gr\u00f6\u00dfter \u00d6lmulti Texaco \u00fcbernommen hatte. Im Falle Texacos bestand das Skandal\u00f6se darin, dass Texaco vors\u00e4tzlich die giftigen R\u00fcckst\u00e4nde nicht den technischen M\u00f6glichkeiten entsprechend entsorgt hatte, so wie der Konzern es in den USA patentiert und angewandt hatte.<\/p>\n<p>Lest hier im PDF-Dokument\u00a0<strong><a href=\"https:\/\/www.berlin.freidenker.org\/wp-content\/uploads\/2014\/01\/Chevrons-dreckige-Haende.pdf\" target=\"_blank\">Chevrons-dreckige-Haende<\/a><\/strong>\u00a0(ca. 275 KB), sowie hier\u00a0<strong><a href=\"https:\/\/www.berlin.freidenker.org\/wp-content\/uploads\/2014\/01\/Art_iculo_entrevista_Matices_12.2013_2.pdf\">Art_iculo_entrevista_Matices_12.2013_2<\/a><\/strong> (PDF-Dokument, ca. 50 KB) weiter &#8230;<\/p>\n","protected":false},"excerpt":{"rendered":"<p>Mahnwache am 30.11.13 vor dem Brandenburger Tor http:\/\/www.youtube.com\/watch?v=86WdJ-ltFL4&amp;feature=youtu.be HEUTE FINDET WELTWEIT EIN PROTESTTAG GEGEN DIE SCHMUTZIGEN H\u00c4NDE CHEVRONS &#8222;LAS MANOS SUCIAS DE CHEVRON&#8220; STATT. Der Protesttag wurde initiiert von Organisatoren der 18. Weltjugendfestspiele, die in diesem Jahr in Ecuador stattfinden.\u00a0Der Protesttag ist Teil einer Kampagne, die den Kampf gegen Chevron-Texaco seit diesem Jahr f\u00fchrt. Das [&hellip;]<\/p>\n","protected":false},"author":4,"featured_media":0,"comment_status":"closed","ping_status":"closed","sticky":false,"template":"","format":"standard","meta":{"jetpack_post_was_ever_published":false,"_jetpack_newsletter_access":"","_jetpack_dont_email_post_to_subs":false,"_jetpack_newsletter_tier_id":0,"_jetpack_memberships_contains_paywalled_content":false,"_jetpack_memberships_contains_paid_content":false,"footnotes":""},"categories":[14,22,21,28],"tags":[],"class_list":["post-1299","post","type-post","status-publish","format-standard","hentry","category-aktivitaeten-des-dfv-berlin","category-friedensaktionen","category-politik","category-umweltschutz"],"jetpack_featured_media_url":"","jetpack_shortlink":"https:\/\/wp.me\/py5dN-kX","jetpack_sharing_enabled":true,"_links":{"self":[{"href":"https:\/\/www.berlin.freidenker.org\/index.php?rest_route=\/wp\/v2\/posts\/1299","targetHints":{"allow":["GET"]}}],"collection":[{"href":"https:\/\/www.berlin.freidenker.org\/index.php?rest_route=\/wp\/v2\/posts"}],"about":[{"href":"https:\/\/www.berlin.freidenker.org\/index.php?rest_route=\/wp\/v2\/types\/post"}],"author":[{"embeddable":true,"href":"https:\/\/www.berlin.freidenker.org\/index.php?rest_route=\/wp\/v2\/users\/4"}],"replies":[{"embeddable":true,"href":"https:\/\/www.berlin.freidenker.org\/index.php?rest_route=%2Fwp%2Fv2%2Fcomments&post=1299"}],"version-history":[{"count":12,"href":"https:\/\/www.berlin.freidenker.org\/index.php?rest_route=\/wp\/v2\/posts\/1299\/revisions"}],"predecessor-version":[{"id":1313,"href":"https:\/\/www.berlin.freidenker.org\/index.php?rest_route=\/wp\/v2\/posts\/1299\/revisions\/1313"}],"wp:attachment":[{"href":"https:\/\/www.berlin.freidenker.org\/index.php?rest_route=%2Fwp%2Fv2%2Fmedia&parent=1299"}],"wp:term":[{"taxonomy":"category","embeddable":true,"href":"https:\/\/www.berlin.freidenker.org\/index.php?rest_route=%2Fwp%2Fv2%2Fcategories&post=1299"},{"taxonomy":"post_tag","embeddable":true,"href":"https:\/\/www.berlin.freidenker.org\/index.php?rest_route=%2Fwp%2Fv2%2Ftags&post=1299"}],"curies":[{"name":"wp","href":"https:\/\/api.w.org\/{rel}","templated":true}]}}