{"id":1314,"date":"2014-01-09T22:00:58","date_gmt":"2014-01-09T20:00:58","guid":{"rendered":"http:\/\/www.berlin.freidenker.org\/?p=1314"},"modified":"2014-02-02T23:16:12","modified_gmt":"2014-02-02T21:16:12","slug":"18-1-2014-gedenken-und-ehrung-fuer-max-sievers","status":"publish","type":"post","link":"https:\/\/www.berlin.freidenker.org\/?p=1314","title":{"rendered":"18.1.2014, Gedenken und Ehrung f\u00fcr Max Sievers"},"content":{"rendered":"<p>Die Vorst\u00e4nde des Deutschen Freidenker-Verbandes e.V. und der Landesverb\u00e4nde Berlin und Brandenburg laden ein zum Gedenken an den langj\u00e4hrigen Vorsitzenden des Deutschen Freidenker-Verbandes<\/p>\n<p style=\"text-align: center; font-size: 1.5em;\"><b>Max Sievers<\/b><\/p>\n<p>anl\u00e4sslich des 70. Jahrestages seiner Ermordung durch die deutschen Faschisten am 17. Januar 1944 im Zuchthaus Brandenburg-G\u00f6rden.<\/p>\n<p>Die Ehrung mit Kranzniederlegung, Ansprache und musikalischer Umrahmung findet am <b>Samstag, den 18. Januar<\/b> <b>2014 <\/b>an folgenden historischen Orten statt:<!--more--><b>10:00 Uhr: <\/b>Gedenkstein f\u00fcr Max Sievers auf dem Urnenfriedhof Gerichtstra\u00dfe 37-38, Berlin-Wedding<br \/>\nAnsprache von <i>Klaus Hartmann<\/i>, Vorsitzender des Deutschen Freidenker-Verbandes und musikalische Mitwirkung von <i>Johanna Arndt<\/i><\/p>\n<p><b>14:00 Uhr: <\/b>Gedenkst\u00e4tte f\u00fcr die antifaschistischen Widerstandsk\u00e4mpfer am Marienberg, Brandenburg an der Havel<br \/>\nAnsprache von <i>Ralf Lux<\/i>, Vorsitzender des Brandenburgischen Freidenker-Verbandes und Kranzniederlegung<\/p>\n<p><b>15:30 Uhr: <\/b>ehemaliges Zuchthaus Brandenburg-G\u00f6rden (heute JVA), in den Gedenkr\u00e4umen.<br \/>\nF\u00fchrung durch die Gedenkr\u00e4ume durch <i>Frau Janik<\/i> und musikalisches Programm von <i>Johanna Arndt<\/i><\/p>\n<p>Die Vorst\u00e4nde<\/p>\n<p align=\"justify\">Der <b><i>Urnenfriedhof Gerichtstra\u00dfe<\/i><\/b> befindet sich in der N\u00e4he des <i>S- und U-Bahnhofes Wedding<\/i>. Es stehen Pl\u00e4tze im Auto zur Verf\u00fcgung, um von hier zu den beiden anderen Gedenkorten zu gelangen. Wir bitten um R\u00fcckmeldung, wer einen Platz ben\u00f6tigt E-Mail <a href=\"mailto:dfv-berlin@freidenker.org\">dfv-berlin@freidenker.org<\/a> bzw. <span style=\"text-decoration: underline;\"><a href=\"mailto:uta.eduard.mader@arcor.de\">uta.eduard.mader@arcor.de<\/a><\/span>, Tel. 03338\/702122.<\/p>\n<p align=\"justify\">Die <b><i>Gedenkst\u00e4tte am Marienberg<\/i><\/b> in Brandenburg ist mit \u00f6ffentlichen Verkehrsmitteln wie folgt zu erreichen: Von <i>Brandenburg Hbf.<\/i> mit Tram 1 oder 6 bis <i>Fontanestr.<\/i> <strong>&#8211;&gt;<\/strong> umsteigen in Bus C Richtung <i>Hohenst\u00fccken<\/i> bis Haltestelle <i>Zum Marienberg <\/i>(alternativ Fu\u00dfweg von Fontanestr. ca. 1 km). Mit PKW Zufahrt \u00fcber Willi-S\u00e4nger-Str. Die Haupttreppe zur Gedenkst\u00e4tte ist derzeit gesperrt &#8211; wir treffen uns am Eingang zum Krematorium und Friedhof in der Willi-S\u00e4nger-Str., ca. 50 m \u00f6stlich der Einm\u00fcndung Freiherr-von-Th\u00fcngen-Str.<\/p>\n<p align=\"justify\">Das <b><i>Zuchthaus Brandenburg-G\u00f6rden<\/i><\/b> erreicht man vom Marienberg aus mit Bus C Richtung <i>Fontanestr<\/i>. bis <i>Fontanestr<\/i>. <strong>&#8211;&gt;<\/strong> umsteigen in Tram 1 oder 12 Richtung <i>Anton-Saefkow-Allee<\/i> bis Endhaltestelle. Mit PKW Zufahrt \u00fcber Magdeburger Landstr.\/Plauer Landstr. (B1) und Josef-Max-Metzger-Str. F\u00fcr die Teilnahme an diesem Programmpunkt der Ehrung ist eine namentliche Anmeldung erforderlich, die Ralf Lux entgegennimmt: <span style=\"text-decoration: underline;\"><a href=\"mailto:vorstand@brandenburger-freidenker.de\">vorstand@brandenburger-freidenker.de<\/a><\/span>, Tel. 0331\/610565. Bitte Personalausweis mitbringen!<\/p>\n<p align=\"justify\">Das PDF-Dokument <a href=\"https:\/\/www.berlin.freidenker.org\/wp-content\/uploads\/2014\/01\/Ehrung_Max_Sievers_18-01-2014_Einladung.pdf\" target=\"_blank\">Ehrung_Max_Sievers_18-01-2014_Einladung.pdf<\/a>\u00a0 (ca. 90 KB) zum Nachlesen hier laden &#8230;<\/p>\n","protected":false},"excerpt":{"rendered":"<p>Die Vorst\u00e4nde des Deutschen Freidenker-Verbandes e.V. und der Landesverb\u00e4nde Berlin und Brandenburg laden ein zum Gedenken an den langj\u00e4hrigen Vorsitzenden des Deutschen Freidenker-Verbandes Max Sievers anl\u00e4sslich des 70. Jahrestages seiner Ermordung durch die deutschen Faschisten am 17. Januar 1944 im Zuchthaus Brandenburg-G\u00f6rden. Die Ehrung mit Kranzniederlegung, Ansprache und musikalischer Umrahmung findet am Samstag, den 18. [&hellip;]<\/p>\n","protected":false},"author":4,"featured_media":0,"comment_status":"closed","ping_status":"closed","sticky":false,"template":"","format":"standard","meta":{"jetpack_post_was_ever_published":false,"_jetpack_newsletter_access":"","_jetpack_dont_email_post_to_subs":false,"_jetpack_newsletter_tier_id":0,"_jetpack_memberships_contains_paywalled_content":false,"_jetpack_memberships_contains_paid_content":false,"footnotes":""},"categories":[14,13],"tags":[],"class_list":["post-1314","post","type-post","status-publish","format-standard","hentry","category-aktivitaeten-des-dfv-berlin","category-veranstaltungen"],"jetpack_featured_media_url":"","jetpack_shortlink":"https:\/\/wp.me\/py5dN-lc","jetpack_sharing_enabled":true,"_links":{"self":[{"href":"https:\/\/www.berlin.freidenker.org\/index.php?rest_route=\/wp\/v2\/posts\/1314","targetHints":{"allow":["GET"]}}],"collection":[{"href":"https:\/\/www.berlin.freidenker.org\/index.php?rest_route=\/wp\/v2\/posts"}],"about":[{"href":"https:\/\/www.berlin.freidenker.org\/index.php?rest_route=\/wp\/v2\/types\/post"}],"author":[{"embeddable":true,"href":"https:\/\/www.berlin.freidenker.org\/index.php?rest_route=\/wp\/v2\/users\/4"}],"replies":[{"embeddable":true,"href":"https:\/\/www.berlin.freidenker.org\/index.php?rest_route=%2Fwp%2Fv2%2Fcomments&post=1314"}],"version-history":[{"count":6,"href":"https:\/\/www.berlin.freidenker.org\/index.php?rest_route=\/wp\/v2\/posts\/1314\/revisions"}],"predecessor-version":[{"id":1325,"href":"https:\/\/www.berlin.freidenker.org\/index.php?rest_route=\/wp\/v2\/posts\/1314\/revisions\/1325"}],"wp:attachment":[{"href":"https:\/\/www.berlin.freidenker.org\/index.php?rest_route=%2Fwp%2Fv2%2Fmedia&parent=1314"}],"wp:term":[{"taxonomy":"category","embeddable":true,"href":"https:\/\/www.berlin.freidenker.org\/index.php?rest_route=%2Fwp%2Fv2%2Fcategories&post=1314"},{"taxonomy":"post_tag","embeddable":true,"href":"https:\/\/www.berlin.freidenker.org\/index.php?rest_route=%2Fwp%2Fv2%2Ftags&post=1314"}],"curies":[{"name":"wp","href":"https:\/\/api.w.org\/{rel}","templated":true}]}}