{"id":1323,"date":"2014-02-02T23:15:35","date_gmt":"2014-02-02T21:15:35","guid":{"rendered":"http:\/\/www.berlin.freidenker.org\/?p=1323"},"modified":"2014-02-02T23:26:01","modified_gmt":"2014-02-02T21:26:01","slug":"12-2-2014-berliner-runde-freidenker-im-gespraech","status":"publish","type":"post","link":"https:\/\/www.berlin.freidenker.org\/?p=1323","title":{"rendered":"12.2.2014 &#8211; &#8222;Berliner Runde &#8211; Freidenker im Gespr\u00e4ch&#8220;"},"content":{"rendered":"<p><strong>Liebe Mitglieder, liebe Freunde,<\/strong><\/p>\n<p>wir laden herzlich zu ihrer n\u00e4chsten \u201e<strong>Berliner Runde \u2013 Freidenker im Gespr\u00e4ch<\/strong>\u201c ein, die am <strong>12. Februar 2014<\/strong>, <strong>18.00<\/strong> Uhr im <strong>Klub der Volkssolidarit\u00e4t Torstr. 203 \u2013 205<\/strong> stattfinden wird.<\/p>\n<p>Wir freuen uns, dass<strong> Laura v. Wimmersperg<\/strong>, langj\u00e4hrige <strong>Moderatorin der Friedenskoordination (Friko) Berlin<\/strong>, als Referentin zu uns kommen wird. Diesmal widmet sich die Freidenkerrunde der Berliner Friedensarbeit aus der Sicht der Friko.<!--more--><\/p>\n<p>Wir w\u00fcrden gerne mehr \u00fcber die Traditionen, z.B. den Ostermarsch, Vork\u00e4mpfer wie Fritz Teppich, Erfolge und R\u00fcckschl\u00e4ge h\u00f6ren, aber auch \u00fcber die Arbeit, die im vor uns liegenden Jahr 2014 geleistet werden muss.<img data-recalc-dims=\"1\" decoding=\"async\" title=\"Weiterlesen \u2026\" alt=\"\" src=\"https:\/\/i0.wp.com\/www.brandenburger-freidenker.de\/cms\/wp-includes\/js\/tinymce\/plugins\/wordpress\/img\/trans.gif\" \/>Die demoskopische Friedensfraktion ist in der Bev\u00f6lkerung der Bundesrepublik Deutschland stark vertreten. Umfragen zeigen stets,dass die Mehrheit sich f\u00fcr Frieden und gegen Kriegseins\u00e4tze ausspricht.<br \/>\nWie wird das von den M\u00e4chtigen wahrgenommen? Hat der Friedenswillen der Bev\u00f6lkerung Einfluss auf ihr Handeln?<br \/>\nImmer wieder wird \u00fcber die schwache Mobilisierungsf\u00e4higkeit der Friedensbewegung geklagt, w\u00e4hrend Aktive an das Ende ihrer Kr\u00e4fte kommen.<br \/>\nMuss die Aufkl\u00e4rung und \u00dcberzeugungsarbeit verst\u00e4rkt werden, damit sich mehr Menschen angesprochen f\u00fchlen und aktiv werden?<br \/>\nReicht der Druck auf die meinungsmanipulierenden Medien?<br \/>\nWie viele Menschen erreichen wir mit unsren Aufrufen und Einladungen?<br \/>\nWie gestaltet sich die Zusammenarbeit der Friedensbewegung \u201eWest\u201c und \u201eOst\u201c sowie international auf solidarische Weise hier in Berlin?<br \/>\nDar\u00fcber und \u00fcber andere ebenso wichtige Fragen werden wir von Laura h\u00f6ren und mit ihr diskutieren.<br \/>\nGanz aktuell wurde von der Friko der Ostermarsch-Aufruf vorbereitet, l\u00e4uft die AntiDrohnen-Kampagne auf Hochtouren und werden die Aktionen anl\u00e4sslich der Jahrestage der beiden Weltkriege vorbereitet. Auch dar\u00fcber wird Laura v. Wimmersperg sprechen.<\/p>\n<p>Die Gespr\u00e4chsleitung \u00fcbernimmt <strong>Gert Julius<\/strong>, Sprecher des B\u00fcndnisses f\u00fcr soziale Gerechtigkeit und Menschenw\u00fcrde (B\u00fcsGM).<\/p>\n<p>Das Leitungskollektiv der Berliner Freidenkerinnen und Freidenker<\/p>\n<p>Weitere Informnationen erhaltet Ihr \u00fcber unseren <a href=\"https:\/\/www.berlin.freidenker.org\/wp-content\/uploads\/2014\/02\/DFV-Berlin-Einladung12022014.pdf\" target=\"_blank\">Informationsflyer<\/a> (PDF-Dokument, ca. 10 KB).<\/p>\n","protected":false},"excerpt":{"rendered":"<p>Liebe Mitglieder, liebe Freunde, wir laden herzlich zu ihrer n\u00e4chsten \u201eBerliner Runde \u2013 Freidenker im Gespr\u00e4ch\u201c ein, die am 12. Februar 2014, 18.00 Uhr im Klub der Volkssolidarit\u00e4t Torstr. 203 \u2013 205 stattfinden wird. Wir freuen uns, dass Laura v. Wimmersperg, langj\u00e4hrige Moderatorin der Friedenskoordination (Friko) Berlin, als Referentin zu uns kommen wird. Diesmal widmet [&hellip;]<\/p>\n","protected":false},"author":4,"featured_media":0,"comment_status":"closed","ping_status":"closed","sticky":false,"template":"","format":"standard","meta":{"jetpack_post_was_ever_published":false,"_jetpack_newsletter_access":"","_jetpack_dont_email_post_to_subs":false,"_jetpack_newsletter_tier_id":0,"_jetpack_memberships_contains_paywalled_content":false,"_jetpack_memberships_contains_paid_content":false,"footnotes":""},"categories":[14,24,13],"tags":[],"class_list":["post-1323","post","type-post","status-publish","format-standard","hentry","category-aktivitaeten-des-dfv-berlin","category-friko-berlin","category-veranstaltungen"],"jetpack_featured_media_url":"","jetpack_shortlink":"https:\/\/wp.me\/py5dN-ll","jetpack_sharing_enabled":true,"_links":{"self":[{"href":"https:\/\/www.berlin.freidenker.org\/index.php?rest_route=\/wp\/v2\/posts\/1323","targetHints":{"allow":["GET"]}}],"collection":[{"href":"https:\/\/www.berlin.freidenker.org\/index.php?rest_route=\/wp\/v2\/posts"}],"about":[{"href":"https:\/\/www.berlin.freidenker.org\/index.php?rest_route=\/wp\/v2\/types\/post"}],"author":[{"embeddable":true,"href":"https:\/\/www.berlin.freidenker.org\/index.php?rest_route=\/wp\/v2\/users\/4"}],"replies":[{"embeddable":true,"href":"https:\/\/www.berlin.freidenker.org\/index.php?rest_route=%2Fwp%2Fv2%2Fcomments&post=1323"}],"version-history":[{"count":3,"href":"https:\/\/www.berlin.freidenker.org\/index.php?rest_route=\/wp\/v2\/posts\/1323\/revisions"}],"predecessor-version":[{"id":1328,"href":"https:\/\/www.berlin.freidenker.org\/index.php?rest_route=\/wp\/v2\/posts\/1323\/revisions\/1328"}],"wp:attachment":[{"href":"https:\/\/www.berlin.freidenker.org\/index.php?rest_route=%2Fwp%2Fv2%2Fmedia&parent=1323"}],"wp:term":[{"taxonomy":"category","embeddable":true,"href":"https:\/\/www.berlin.freidenker.org\/index.php?rest_route=%2Fwp%2Fv2%2Fcategories&post=1323"},{"taxonomy":"post_tag","embeddable":true,"href":"https:\/\/www.berlin.freidenker.org\/index.php?rest_route=%2Fwp%2Fv2%2Ftags&post=1323"}],"curies":[{"name":"wp","href":"https:\/\/api.w.org\/{rel}","templated":true}]}}