{"id":1374,"date":"2014-10-22T22:00:37","date_gmt":"2014-10-22T20:00:37","guid":{"rendered":"http:\/\/www.berlin.freidenker.org\/?p=1374"},"modified":"2015-02-22T19:18:13","modified_gmt":"2015-02-22T17:18:13","slug":"12-11-2014","status":"publish","type":"post","link":"https:\/\/www.berlin.freidenker.org\/?p=1374","title":{"rendered":"12.11.2014 &#8211; Einladung zur \u201cBerliner Runde \u2013 Freidenker im Gespr\u00e4ch\u201d"},"content":{"rendered":"<p><strong>Liebe Mitglieder, liebe Freunde,\u00a0<\/strong><\/p>\n<p>wir laden herzlich zu unserer n\u00e4chsten \u201eBerliner Runde \u2013 Freidenker im Gespr\u00e4ch\u201c ein,\u00a0die am\u00a0<b>Mittwoch,<\/b>\u00a0den\u00a0<b>12. November 2014, 18.00 Uhr\u00a0<\/b>im Klub der Volkssolidarit\u00e4t, Torstr. 203 \u2013 205* stattfindet zum Thema:<\/p>\n<h3 style=\"text-align: center;\"><b>Fracking \u2013 Konzerne auf dem Vormarsch in Deutschland, Europa und USA<\/b><\/h3>\n<h3 style=\"text-align: center;\">Vortrag und Diskussion mit\u00a0<b>Andreas Fuhs<\/b><\/h3>\n<p style=\"text-align: center;\">[19.2.2015: Der <strong><a href=\"https:\/\/www.berlin.freidenker.org\/?p=1409\">Veranstaltungsbericht<\/a><\/strong> ist hier nachzulesen]\n<p>Mit der F\u00f6rdermethode des Fracking wollen Konzerne Erdgas aus unkonventionellen Lagerst\u00e4tten f\u00f6rdern.\u00a0Wegen der damit verbundenen Gefahren f\u00fcr Trinkwasser, Umwelt, Klima und f\u00fcr die in den betroffenen\u00a0Regionen lebenden Menschen gibt es starken Widerstand dagegen. Auch in Deutschland wollen Gaskonzerne\u00a0Erdgas mit Fracking f\u00f6rdern und betreiben intensive Kampagnen zur Brechung des Widerstandes.<\/p>\n<p>Der Bundesverband der Dt. Industrie (BDI) droht den Politikern der BRD-Regierung, dass Investitionen\u00a0in Milliardenh\u00f6he und Tausende Arbeitspl\u00e4tze gef\u00e4hrdet seien, wenn Fracking verhindert w\u00fcrde. In der\u00a0Ukraine-Krise wurde das Fracking-Gas als Ersatz f\u00fcr russisches Erdgas propagiert.\u00a0Wir m\u00fcssen die Strategien der internationalen Konzerne kennen, um unsere Zeit, die Politik der Regierungen\u00a0\u00a0und die neuen Kriege zu verstehen.<\/p>\n<p>Gegen das Fracking gibt es breiten Widerstand von B\u00fcrgerinitiativen in den betroffenen Regionen.\u00a0660 000 Unterschriften konnten Umweltsch\u00fctzer am 30.9.14 in diesem Sinne an Bundesumweltministerin\u00a0Barbara Hendricks (SPD) \u00fcbergeben. W\u00e4hrend die Bundesregierung Fracking trotzdem teilweise erlauben will,\u00a0fordert Hubertus Zdebel von der Bundestagsfraktion der Linken: \u201eFracking muss ohne jegliche Ausnahmen\u00a0per Gesetz verboten werden\u201c.\u00a0Der Bund f\u00fcr Umwelt und Naturschutz Deutschland (BUND) sieht in dem bisherigen Handeln der BRD- Regierung\u00a0einen klaren Fall von vorauseilendem Gehorsam gegen\u00fcber internationalen Energiekonzernen.<!--more--><\/p>\n<p>Wir haben die Gelegenheit mit Andreas Fuhs \u00fcber unsere Fragen zu diskutieren z.B.:<\/p>\n<ul>\n<li>Was ist mit der Unterscheidung zwischen konventionellem und unkonventionellem Erdgas und Fracking gemeint?<\/li>\n<li>Wie weit ist es mit dem Gesetzentwurf der BRD-Regierung?<\/li>\n<li>Welche Eingriffe in die Natur und Umweltsch\u00e4den sind heute schon feststellbar?<\/li>\n<li>Welche geopolitische Bedeutung wird\u00a0 dem Fracking zugeschrieben?<\/li>\n<li>Wie ist die Lage in den einzelnen L\u00e4ndern und Regionen? Wie geht es weiter mit dem\u00a0 Widerstand?<\/li>\n<\/ul>\n<p>Holen wir uns Argumente f\u00fcr unser Handeln in dieser Frage.<\/p>\n<p>Das Leitungskollektiv<\/p>\n<p><em><strong>Andreas Fuhs<\/strong> ist Politikwissenschaftler und setzt seinen Arbeitsschwerpunkt auf nationale und\u00a0internationale Energiepolitik.\u00a0 Er bearbeitete in der letzten Wahlperiode als wissenschaftlicher\u00a0Mitarbeiter einer Bundestagsabgeordneten der Linksfraktion unter anderem die Auseinandersetzungen\u00a0um die unkonventionelle Erdgasf\u00f6rderung und das Fracking.<\/em><\/p>\n<p>*Veranstaltungsort zu erreichen mit\u00a0S1, S2, S25 bis Oranienburger Str., U6 bis Oranienburger Tor<\/p>\n","protected":false},"excerpt":{"rendered":"<p>Liebe Mitglieder, liebe Freunde,\u00a0 wir laden herzlich zu unserer n\u00e4chsten \u201eBerliner Runde \u2013 Freidenker im Gespr\u00e4ch\u201c ein,\u00a0die am\u00a0Mittwoch,\u00a0den\u00a012. November 2014, 18.00 Uhr\u00a0im Klub der Volkssolidarit\u00e4t, Torstr. 203 \u2013 205* stattfindet zum Thema: Fracking \u2013 Konzerne auf dem Vormarsch in Deutschland, Europa und USA Vortrag und Diskussion mit\u00a0Andreas Fuhs [19.2.2015: Der Veranstaltungsbericht ist hier nachzulesen] Mit [&hellip;]<\/p>\n","protected":false},"author":4,"featured_media":0,"comment_status":"closed","ping_status":"closed","sticky":false,"template":"","format":"standard","meta":{"jetpack_post_was_ever_published":false,"_jetpack_newsletter_access":"","_jetpack_dont_email_post_to_subs":false,"_jetpack_newsletter_tier_id":0,"_jetpack_memberships_contains_paywalled_content":false,"_jetpack_memberships_contains_paid_content":false,"footnotes":""},"categories":[14,13,28],"tags":[],"class_list":["post-1374","post","type-post","status-publish","format-standard","hentry","category-aktivitaeten-des-dfv-berlin","category-veranstaltungen","category-umweltschutz"],"jetpack_featured_media_url":"","jetpack_shortlink":"https:\/\/wp.me\/py5dN-ma","jetpack_sharing_enabled":true,"_links":{"self":[{"href":"https:\/\/www.berlin.freidenker.org\/index.php?rest_route=\/wp\/v2\/posts\/1374","targetHints":{"allow":["GET"]}}],"collection":[{"href":"https:\/\/www.berlin.freidenker.org\/index.php?rest_route=\/wp\/v2\/posts"}],"about":[{"href":"https:\/\/www.berlin.freidenker.org\/index.php?rest_route=\/wp\/v2\/types\/post"}],"author":[{"embeddable":true,"href":"https:\/\/www.berlin.freidenker.org\/index.php?rest_route=\/wp\/v2\/users\/4"}],"replies":[{"embeddable":true,"href":"https:\/\/www.berlin.freidenker.org\/index.php?rest_route=%2Fwp%2Fv2%2Fcomments&post=1374"}],"version-history":[{"count":5,"href":"https:\/\/www.berlin.freidenker.org\/index.php?rest_route=\/wp\/v2\/posts\/1374\/revisions"}],"predecessor-version":[{"id":1413,"href":"https:\/\/www.berlin.freidenker.org\/index.php?rest_route=\/wp\/v2\/posts\/1374\/revisions\/1413"}],"wp:attachment":[{"href":"https:\/\/www.berlin.freidenker.org\/index.php?rest_route=%2Fwp%2Fv2%2Fmedia&parent=1374"}],"wp:term":[{"taxonomy":"category","embeddable":true,"href":"https:\/\/www.berlin.freidenker.org\/index.php?rest_route=%2Fwp%2Fv2%2Fcategories&post=1374"},{"taxonomy":"post_tag","embeddable":true,"href":"https:\/\/www.berlin.freidenker.org\/index.php?rest_route=%2Fwp%2Fv2%2Ftags&post=1374"}],"curies":[{"name":"wp","href":"https:\/\/api.w.org\/{rel}","templated":true}]}}