{"id":1384,"date":"2015-01-05T21:00:46","date_gmt":"2015-01-05T19:00:46","guid":{"rendered":"http:\/\/www.berlin.freidenker.org\/?p=1384"},"modified":"2015-01-09T11:14:31","modified_gmt":"2015-01-09T09:14:31","slug":"13-1-2015-diskussionsrunde-mit-klaus-hartmann","status":"publish","type":"post","link":"https:\/\/www.berlin.freidenker.org\/?p=1384","title":{"rendered":"13.1.2015 &#8211; Diskussionsrunde mit Klaus Hartmann"},"content":{"rendered":"<p><strong>Einladung zur Diskussionsrunde mit Klaus Hartmann,<\/strong><br \/>\n<strong> Vorsitzender des Deutschen Freidenker-Verbandes<\/strong><\/p>\n<p>Liebe Freidenkerinnen, liebe Freidenker, liebe Freunde,<\/p>\n<p>wir wollen mit Klaus Hartmann zu aktuellen Fragen diskutieren. Das Thema lautet:<\/p>\n<p style=\"text-align: center;\"><strong>Kreuz- und Querfront gegen die Friedensbewegung?<\/strong><\/p>\n<p style=\"text-align: center;\"><strong>Antikriegsbewegung\/Antikriegsb\u00fcndnisse heute<\/strong><\/p>\n<p style=\"text-align: center;\"><strong>\u00dcber die Klassenkr\u00e4fte und die Dialektik von Klarheit und Breite<\/strong><\/p>\n<p>Wann: <strong>am Mittwoch, den 13. Januar 2014, 18 Uhr<\/strong><br \/>\nWo:<strong> Berlin,\u00a0Tagungszentrum (ND-Geb\u00e4ude), Franz-Mehring-Platz 1, Seminarraum 2<\/strong><\/p>\n<p>Mit herzlichen und Freidenkergr\u00fc\u00dfen<br \/>\nDas Leitungskollektiv<\/p>\n","protected":false},"excerpt":{"rendered":"<p>Einladung zur Diskussionsrunde mit Klaus Hartmann, Vorsitzender des Deutschen Freidenker-Verbandes Liebe Freidenkerinnen, liebe Freidenker, liebe Freunde, wir wollen mit Klaus Hartmann zu aktuellen Fragen diskutieren. Das Thema lautet: Kreuz- und Querfront gegen die Friedensbewegung? Antikriegsbewegung\/Antikriegsb\u00fcndnisse heute \u00dcber die Klassenkr\u00e4fte und die Dialektik von Klarheit und Breite Wann: am Mittwoch, den 13. Januar 2014, 18 Uhr [&hellip;]<\/p>\n","protected":false},"author":4,"featured_media":0,"comment_status":"closed","ping_status":"closed","sticky":false,"template":"","format":"standard","meta":{"jetpack_post_was_ever_published":false,"_jetpack_newsletter_access":"","_jetpack_dont_email_post_to_subs":false,"_jetpack_newsletter_tier_id":0,"_jetpack_memberships_contains_paywalled_content":false,"_jetpack_memberships_contains_paid_content":false,"footnotes":""},"categories":[14,13],"tags":[],"class_list":["post-1384","post","type-post","status-publish","format-standard","hentry","category-aktivitaeten-des-dfv-berlin","category-veranstaltungen"],"jetpack_featured_media_url":"","jetpack_shortlink":"https:\/\/wp.me\/py5dN-mk","jetpack_sharing_enabled":true,"_links":{"self":[{"href":"https:\/\/www.berlin.freidenker.org\/index.php?rest_route=\/wp\/v2\/posts\/1384","targetHints":{"allow":["GET"]}}],"collection":[{"href":"https:\/\/www.berlin.freidenker.org\/index.php?rest_route=\/wp\/v2\/posts"}],"about":[{"href":"https:\/\/www.berlin.freidenker.org\/index.php?rest_route=\/wp\/v2\/types\/post"}],"author":[{"embeddable":true,"href":"https:\/\/www.berlin.freidenker.org\/index.php?rest_route=\/wp\/v2\/users\/4"}],"replies":[{"embeddable":true,"href":"https:\/\/www.berlin.freidenker.org\/index.php?rest_route=%2Fwp%2Fv2%2Fcomments&post=1384"}],"version-history":[{"count":5,"href":"https:\/\/www.berlin.freidenker.org\/index.php?rest_route=\/wp\/v2\/posts\/1384\/revisions"}],"predecessor-version":[{"id":1389,"href":"https:\/\/www.berlin.freidenker.org\/index.php?rest_route=\/wp\/v2\/posts\/1384\/revisions\/1389"}],"wp:attachment":[{"href":"https:\/\/www.berlin.freidenker.org\/index.php?rest_route=%2Fwp%2Fv2%2Fmedia&parent=1384"}],"wp:term":[{"taxonomy":"category","embeddable":true,"href":"https:\/\/www.berlin.freidenker.org\/index.php?rest_route=%2Fwp%2Fv2%2Fcategories&post=1384"},{"taxonomy":"post_tag","embeddable":true,"href":"https:\/\/www.berlin.freidenker.org\/index.php?rest_route=%2Fwp%2Fv2%2Ftags&post=1384"}],"curies":[{"name":"wp","href":"https:\/\/api.w.org\/{rel}","templated":true}]}}