{"id":1431,"date":"2015-04-29T23:53:43","date_gmt":"2015-04-29T21:53:43","guid":{"rendered":"http:\/\/www.berlin.freidenker.org\/?p=1431"},"modified":"2015-04-29T23:53:43","modified_gmt":"2015-04-29T21:53:43","slug":"13-5-2015-berliner-runde-freidenker-im-gespraech","status":"publish","type":"post","link":"https:\/\/www.berlin.freidenker.org\/?p=1431","title":{"rendered":"13.5.2015 &#8211; Berliner Runde \u2013 Freidenker im Gespr\u00e4ch"},"content":{"rendered":"<p><strong>Liebe Mitglieder, liebe Freunde,<\/strong><\/p>\n<p>wir laden herzlich ein zu unserer n\u00e4chsten \u201e<strong>Berliner Runde \u2013 Freidenker im Gespr\u00e4ch<\/strong>\u201c am <strong>Mittwoch, den 13. Mai 2015, 18 Uhr<\/strong> im <strong>Klub der Volkssolidarit\u00e4t<\/strong>, Torstr. 203 \u2013 205, berlin<\/p>\n<p style=\"text-align: center;\"><strong>Film und Diskussion<\/strong><\/p>\n<p style=\"text-align: center;\"><span style=\"color: #ff0000;\"><strong>\u201eLauffeuer \u2013 Eine Trag\u00f6die zerrei\u00dft Odessa zu Beginn des Ukrainischen B\u00fcrgerkrieges\u201c<\/strong><\/span><\/p>\n<p style=\"text-align: center;\"><strong>Am 2. Mai 2015 j\u00e4hrt sich das Massaker von Odessa.<\/strong><\/p>\n<p>Mehr als 50 Menschen wurden von Faschisten ermordet. Eine offizielle Aufkl\u00e4rung und Verurteilung der Verbrechen hat bis heute nicht stattgefunden. Auch die westeurop\u00e4ischen Mainstreammedien sind bei ihrer Berichterstattung kaum den offensichtlichen Widerspr\u00fcchen und klaren Vers\u00e4umnissen, z.B. von Polizei und Feuerwehr, nachgegangen.<\/p>\n<p>Der Dokumentarfilm \u201eLauffeuer\u201c von Ulrich Heyden und Marco Benson in Zusammenarbeit mit dem Videokollektiv Leftvision beleuchtet die Ereignisse in Odessa am 2. Mai 2014.<\/p>\n<p>Im Film, der nur durch Spenden erm\u00f6glicht wird, kommen 16 Augenzeug_innen zu Wort. Weitere Informationen siehe <a title=\"Hyxperlink zur Webseite des Films und des Projektes\" href=\"http:\/\/lauffeuer-film.de\" target=\"_blank\">http:\/\/lauffeuer-film.de<\/a><\/p>\n<p>Wir zeigen den 44-min\u00fctigen Film und haben den Filmemacher Marco Benson sowie Betroffene zur anschlie\u00dfenden Diskussion \u00fcber den Film eingeladen. Marco Benson hat seine Teilnahme bereits zugesagt.<\/p>\n<p>Sorgen wir daf\u00fcr, dass m\u00f6glichst viele Menschen den Film sehen, sich nicht mit der Verfahrenseinstellung abfinden und immer wieder Aufkl\u00e4rung verlangen.<\/p>\n<p>Das Leitungskollektiv des DFV Berlin<\/p>\n","protected":false},"excerpt":{"rendered":"<p>Liebe Mitglieder, liebe Freunde, wir laden herzlich ein zu unserer n\u00e4chsten \u201eBerliner Runde \u2013 Freidenker im Gespr\u00e4ch\u201c am Mittwoch, den 13. Mai 2015, 18 Uhr im Klub der Volkssolidarit\u00e4t, Torstr. 203 \u2013 205, berlin Film und Diskussion \u201eLauffeuer \u2013 Eine Trag\u00f6die zerrei\u00dft Odessa zu Beginn des Ukrainischen B\u00fcrgerkrieges\u201c Am 2. Mai 2015 j\u00e4hrt sich das [&hellip;]<\/p>\n","protected":false},"author":4,"featured_media":0,"comment_status":"closed","ping_status":"closed","sticky":false,"template":"","format":"standard","meta":{"jetpack_post_was_ever_published":false,"_jetpack_newsletter_access":"","_jetpack_dont_email_post_to_subs":false,"_jetpack_newsletter_tier_id":0,"_jetpack_memberships_contains_paywalled_content":false,"_jetpack_memberships_contains_paid_content":false,"footnotes":""},"categories":[14,22,13],"tags":[],"class_list":["post-1431","post","type-post","status-publish","format-standard","hentry","category-aktivitaeten-des-dfv-berlin","category-friedensaktionen","category-veranstaltungen"],"jetpack_featured_media_url":"","jetpack_shortlink":"https:\/\/wp.me\/py5dN-n5","jetpack_sharing_enabled":true,"_links":{"self":[{"href":"https:\/\/www.berlin.freidenker.org\/index.php?rest_route=\/wp\/v2\/posts\/1431","targetHints":{"allow":["GET"]}}],"collection":[{"href":"https:\/\/www.berlin.freidenker.org\/index.php?rest_route=\/wp\/v2\/posts"}],"about":[{"href":"https:\/\/www.berlin.freidenker.org\/index.php?rest_route=\/wp\/v2\/types\/post"}],"author":[{"embeddable":true,"href":"https:\/\/www.berlin.freidenker.org\/index.php?rest_route=\/wp\/v2\/users\/4"}],"replies":[{"embeddable":true,"href":"https:\/\/www.berlin.freidenker.org\/index.php?rest_route=%2Fwp%2Fv2%2Fcomments&post=1431"}],"version-history":[{"count":1,"href":"https:\/\/www.berlin.freidenker.org\/index.php?rest_route=\/wp\/v2\/posts\/1431\/revisions"}],"predecessor-version":[{"id":1432,"href":"https:\/\/www.berlin.freidenker.org\/index.php?rest_route=\/wp\/v2\/posts\/1431\/revisions\/1432"}],"wp:attachment":[{"href":"https:\/\/www.berlin.freidenker.org\/index.php?rest_route=%2Fwp%2Fv2%2Fmedia&parent=1431"}],"wp:term":[{"taxonomy":"category","embeddable":true,"href":"https:\/\/www.berlin.freidenker.org\/index.php?rest_route=%2Fwp%2Fv2%2Fcategories&post=1431"},{"taxonomy":"post_tag","embeddable":true,"href":"https:\/\/www.berlin.freidenker.org\/index.php?rest_route=%2Fwp%2Fv2%2Ftags&post=1431"}],"curies":[{"name":"wp","href":"https:\/\/api.w.org\/{rel}","templated":true}]}}