{"id":1439,"date":"2015-06-04T13:00:16","date_gmt":"2015-06-04T11:00:16","guid":{"rendered":"http:\/\/www.berlin.freidenker.org\/?p=1439"},"modified":"2015-06-04T15:26:53","modified_gmt":"2015-06-04T13:26:53","slug":"5-6-2015-odessa-aufklaeren-menschenrechte-verteidigen","status":"publish","type":"post","link":"https:\/\/www.berlin.freidenker.org\/?p=1439","title":{"rendered":"5.6.2015 &#8211; Odessa aufkl\u00e4ren! Menschenrechte verteidigen!"},"content":{"rendered":"<h2><strong>Einladung<\/strong><\/h2>\n<p>zu einer Informationsveranstaltung mit <strong>Nadiia Melnychenko<\/strong>, Journalistin (<em>Timer<\/em>, Odessa) und <strong>Kyrylo Shevchuk<\/strong>, Jurist und Verteidiger von Betroffenen des Odessa-Massakers sowie der Regierungskritiker, die Im Fr\u00fchjahr 2015 verhaftet wurden.<\/p>\n<p>Beide starten ihre Rundreise durch europ\u00e4ische St\u00e4dte hier in Berlin und werden<\/p>\n<p><strong>am<\/strong> <strong>Freitag, den 5. Juni 2015<\/strong><\/p>\n<p>\u00fcber die Situation in der Ukraine berichten sowie Eure Fragen beantworten.<\/p>\n<p><strong>Beginn:<\/strong> <strong>17.30 Uhr<\/strong>,<\/p>\n<p>Ort:\u00a0<strong>R\u00e4ume der Gesellschaft zum Schutz von B\u00fcrgerrecht und Menschenw\u00fcrde e.V. (<\/strong><strong>GBM), Weitlingstra\u00dfe 89, 10317 Berlin*<\/strong>.<\/p>\n<p>Die R\u00e4ume sind ab 17 Uhr ge\u00f6ffnet. Wir freuen uns auf Euer Kommen.<\/p>\n<p><span style=\"color: #808080;\"><em>*Zur Anfahrt: bis S+U Lichtenberg (Berlin), Ausgang Weitlingstr.,\u00a0nach rechts etwa 15-20 min. Fu\u00dfweg,\u00a0oder mit Bus 240 (alle 10 min.), 2 Haltestellen.<\/em><\/span><\/p>\n<p>i.A. Uta und Edi Mader, Mitglieder im Leitungskollektiv der Berliner Freidenker<\/p>\n<p><!--more--><\/p>\n<p>Siehe auch die nachfolgende Erkl\u00e4rung der Organisatoren dieser Rundreise, zu denen auch Oleg Muzyka geh\u00f6rt, Augenzeuge und Betroffener des Massakers in Odessa.<\/p>\n<h1><strong>Internationale Plattform f\u00fcr globale Rechte der Zivilbev\u00f6lkerung<\/strong><\/h1>\n<p><strong>pr\u00e4sentiert:<\/strong><\/p>\n<p>Am 7. &#8211; 11. Juni kommen Vertreter der ukrainischen progressiven Menschenrechtsbewegung nach Madrid und besuchen auf ihrem Weg auch Berlin und Br\u00fcssel. Ihr Ziel: Die bestehende Informationsblockade zu durchbrechen und den unmittelbaren Zeugen des Genozids und Verletzung von Menschenrechten in der Ukraine Geh\u00f6r zu verschaffen.<\/p>\n<p><strong>Nadiia Melnychenko<\/strong> ist Mitglied des Ukrainischen Journalisten-Verbandes sowie der International Federation of Journalists (IFJ) und Leiterin der gemeinn\u00fctzigen Stiftung \u201eBlagodar\u201c, die Hilfe f\u00fcr Politgefangene und ihre Angeh\u00f6rige in Odessa sowie f\u00fcr Opfer der Trag\u00f6die des 2.Mai und deren Familien organisiert. Sie arbeitet als Journalistin bei einer der gr\u00f6\u00dften unter den noch existierenden oppositionellen Zeitschriften in der Ukraine \u2013 der regionalen Online-Zeitung <em>Timer<\/em> in Odessa (<a href=\"http:\/\/timer-odessa.net\/\">http:\/\/timer-odessa.net<\/a>), deren Mitarbeiter bereits \u00f6fter t\u00e4tliche \u00dcbergriffe und Pr\u00fcgeleien seitens Nationalisten erleiden mussten.<\/p>\n<p>Am 14. Mai 2015 wurden Wohnungen mehrerer Mitarbeiter des <em>Timer<\/em>s, darunter auch des Chefredakteurs Yuri Tkachev, mit Verdacht auf \u201eSeparatismus\u201c durchsucht (den Durchsuchungsbefehl erteilte Primorskij Bezirksgericht). Daraufhin wurden mehrere Journalisten vom Sicherheitsdienst verschleppt und einem 10 bis 15 Stunden dauernden Verh\u00f6r unterzogen, bis sie wieder frei gelassen wurden. Es wurde redaktionelle Ausr\u00fcstung sowie Arbeitsger\u00e4te bei der Durchsuchung beschlagnahmt, womit es den Sicherheitskr\u00e4ften gelang, die Arbeit der oppositionellen Zeitschrift gesetzwidrig f\u00fcr eine Weile lahm zu legen. Mittlerweile wurde der Betrieb wieder aufgenommen. Die Odesser Journalisten haben einen Brief an die Staatsanwaltschaft verfasst, mit der Aufforderung, die Durchsuchungen und Verh\u00f6re an regierungskritischen Kollegen von <em>Timer<\/em> zu begr\u00fcnden.<\/p>\n<p>Frau Melnychenko wird \u00fcber die schweren Bedingungen der Journalistenarbeit in Zeiten der faschistischen Diktatur am Beispiel von Odessa, sowie \u00fcber die realen Kr\u00e4fteverh\u00e4ltnisse in der Stadt und den Befreiungskampf der Bewohner von Odessa erz\u00e4hlen. Sie wird ebenso \u00fcber die verlogenen Emiss\u00e4re erz\u00e4hlen, die Europa bereisen und sich f\u00fcr Vertreter des Odesser Widerstands ausgeben. Ein weiteres Thema: Die Pressefreiheit und welche Gestalt sie in einem Land annimmt, das unter Kontrolle der amerikanischen CIA steht.<\/p>\n<p><strong>Kyrylo Shevchuk<\/strong> ist Mitglied der nationalen Vereinigung von Rechtsanw\u00e4lten der Ukraine. Er verteidigt die Menschen, die am 2.Mai 2014 in Odessa verhaftet wurden, nachdem es ihnen gelungen war, lebendig dem flammenden Inferno im Gewerkschaftshaus zu entfliehen, sowie auch diejenigen, die anschlie\u00dfend im Einkaufscenter \u201eAthen\u201c auf dem Grecheskaja Platz gefasst und hinter Gitter gebracht wurden. Er vertritt ebenso die Regierungskritiker, die im April und Mai 2015 des Terrorismus beschuldigt und verhaftet wurden. Herr Shevchuk bringt 31 B\u00e4nde dieser Kriminalf\u00e4lle in digitaler Form mit, die anschaulich beweisen, wie in der heutigen Ukraine Prozesse gegen Andersdenkende fabriziert werden. Er wird auch dar\u00fcber berichten, wie die ukrainischen Sicherheitskr\u00e4fte Gefangenen foltern und bei der Wahl der Verh\u00f6rmethoden der Gestapo aus den Zeiten des 2. Weltkriegs nacheifern. Das sind Berichte \u00fcber die Willk\u00fcr des ukrainischen Gerichtssystems aus erster Quelle. Demokratie f\u00fcr das Marionettenregime, gemacht nach US-amerikanischen Vorstellungen. Gesetzlosigkeit und rechtsextremer \u201eRechter Sektor\u201c an der Spitze der Gesellschaft als politische Realit\u00e4t in der Ukraine. Wie kann den Unschuldigen hinter Gittern geholfen werden?<\/p>\n<p>Stellen Sie ihre Fragen \u00fcber die Situation in der Ukraine.<\/p>\n<p>Reale Zeugen der Ereignisse in Odessa werden sie ehrlich beantworten.<\/p>\n","protected":false},"excerpt":{"rendered":"<p>Einladung zu einer Informationsveranstaltung mit Nadiia Melnychenko, Journalistin (Timer, Odessa) und Kyrylo Shevchuk, Jurist und Verteidiger von Betroffenen des Odessa-Massakers sowie der Regierungskritiker, die Im Fr\u00fchjahr 2015 verhaftet wurden. Beide starten ihre Rundreise durch europ\u00e4ische St\u00e4dte hier in Berlin und werden am Freitag, den 5. Juni 2015 \u00fcber die Situation in der Ukraine berichten sowie [&hellip;]<\/p>\n","protected":false},"author":4,"featured_media":0,"comment_status":"closed","ping_status":"closed","sticky":false,"template":"","format":"standard","meta":{"jetpack_post_was_ever_published":false,"_jetpack_newsletter_access":"","_jetpack_dont_email_post_to_subs":false,"_jetpack_newsletter_tier_id":0,"_jetpack_memberships_contains_paywalled_content":false,"_jetpack_memberships_contains_paid_content":false,"footnotes":""},"categories":[14,22,21,13,31],"tags":[],"class_list":["post-1439","post","type-post","status-publish","format-standard","hentry","category-aktivitaeten-des-dfv-berlin","category-friedensaktionen","category-politik","category-veranstaltungen","category-ukraine"],"jetpack_featured_media_url":"","jetpack_shortlink":"https:\/\/wp.me\/py5dN-nd","jetpack_sharing_enabled":true,"_links":{"self":[{"href":"https:\/\/www.berlin.freidenker.org\/index.php?rest_route=\/wp\/v2\/posts\/1439","targetHints":{"allow":["GET"]}}],"collection":[{"href":"https:\/\/www.berlin.freidenker.org\/index.php?rest_route=\/wp\/v2\/posts"}],"about":[{"href":"https:\/\/www.berlin.freidenker.org\/index.php?rest_route=\/wp\/v2\/types\/post"}],"author":[{"embeddable":true,"href":"https:\/\/www.berlin.freidenker.org\/index.php?rest_route=\/wp\/v2\/users\/4"}],"replies":[{"embeddable":true,"href":"https:\/\/www.berlin.freidenker.org\/index.php?rest_route=%2Fwp%2Fv2%2Fcomments&post=1439"}],"version-history":[{"count":1,"href":"https:\/\/www.berlin.freidenker.org\/index.php?rest_route=\/wp\/v2\/posts\/1439\/revisions"}],"predecessor-version":[{"id":1440,"href":"https:\/\/www.berlin.freidenker.org\/index.php?rest_route=\/wp\/v2\/posts\/1439\/revisions\/1440"}],"wp:attachment":[{"href":"https:\/\/www.berlin.freidenker.org\/index.php?rest_route=%2Fwp%2Fv2%2Fmedia&parent=1439"}],"wp:term":[{"taxonomy":"category","embeddable":true,"href":"https:\/\/www.berlin.freidenker.org\/index.php?rest_route=%2Fwp%2Fv2%2Fcategories&post=1439"},{"taxonomy":"post_tag","embeddable":true,"href":"https:\/\/www.berlin.freidenker.org\/index.php?rest_route=%2Fwp%2Fv2%2Ftags&post=1439"}],"curies":[{"name":"wp","href":"https:\/\/api.w.org\/{rel}","templated":true}]}}