{"id":1443,"date":"2015-08-05T18:16:00","date_gmt":"2015-08-05T16:16:00","guid":{"rendered":"http:\/\/www.berlin.freidenker.org\/?p=1443"},"modified":"2015-08-05T18:16:00","modified_gmt":"2015-08-05T16:16:00","slug":"dfv-hessen-12-09-2015-konferenz-nuetzlicher-feind-der-faktor-islam-in-den-weltmachtstrategien-des-westens","status":"publish","type":"post","link":"https:\/\/www.berlin.freidenker.org\/?p=1443","title":{"rendered":"[DFV Hessen] 12.09.2015 &#8211; Konferenz: N\u00fctzlicher Feind: Der \u201eFaktor Islam\u201c in den Weltmachtstrategien des Westens"},"content":{"rendered":"<p class=\"contentheading_campaign\"><a href=\"http:\/\/www.freidenker.org\/cms\/dfv\/images\/stories\/PDF\/freidenker_frankfurt_2015.pdf\" target=\"_blank\"><img data-recalc-dims=\"1\" loading=\"lazy\" decoding=\"async\" class=\"aligncenter\" src=\"https:\/\/i0.wp.com\/www.freidenker.org\/cms\/dfv\/images\/stories\/bilder\/freidenker_frankfurt_2015_frontseite.jpg?resize=240%2C240\" alt=\"Hyperlink zum Veranstaltungsflyer\" width=\"240\" height=\"240\" \/><\/a><\/p>\n<p style=\"text-align: center;\"><strong>Einladung zur Konferenz<br \/>\nSamstag, 12. September 2015, 10 Uhr<\/strong><\/p>\n<p style=\"text-align: center;\">Saalbau Bockenheim,<br \/>\nSchw\u00e4lmer Stra\u00dfe 28, 60486 Frankfurt a.M.<\/p>\n<p style=\"text-align: center;\">[ Weitere <strong><a href=\"http:\/\/www.freidenker.org\/cms\/dfv\/images\/stories\/PDF\/freidenker_frankfurt_2015.pdf\" target=\"_blank\">Veranstaltungsinformationen<\/a><\/strong> &#8230; (PDF-Dokument, ca. 460 KB)]\n<p>Ein Bundespr\u00e4sident, f\u00fcr den \u201eder Islam zu Deutschland geh\u00f6rt(e)\u201c, musste gehen. Vor salafistischen Syrien-R\u00fcckkehrern wird gewarnt, obwohl die dort f\u00fcr NATO-Ziele k\u00e4mpften. Gegen missliebige Regierungen sponsert der Westen islamische Terrororganisationen, die er anschlie\u00dfend zu bek\u00e4mpfen vorgibt, Deutschland macht mit Saudi-Arabien milliardenschwere R\u00fcstungsgesch\u00e4fte.<\/p>\n<p>Wer die offizielle Version der Anschl\u00e4ge vom 11.09.2001 anzweifelt, wird als \u201eVerschw\u00f6rungstheoretiker\u201c diffamiert. Kritik am israelischen Kolonialismus wird als \u201eneuer Antisemitismus\u201c denunziert. \u201eProamerikanisch\u201c und \u201eisraelsolidarisch\u201c sind gemeinsame Markenzeichen von Faschisten, Rassisten, evangelikalen Fundamentalisten und \u201eAntideutschen\u201c. B\u00fcrgerliche Freigeister und Atheisten geben ihre Rede vom \u201eIslamfaschismus\u201c als \u201eemanzipatorische Islamkritik\u201c aus.<!--more--><\/p>\n<p>Buchtitel wie die Sarrazins, Broders oder Ulfkottes erklimmen Bestsellerlisten. Soziale Proteste finden kein Geh\u00f6r, ganz anders, wenn Demonstranten die Gefahr einer \u201eIslamisierung\u201c beschw\u00f6ren. Mit der Inszenierung von \u201ePegida\u201c und \u201eAnti-Pegida\u201c wird die Desorientierung, Spaltung und Paralysierung der Bev\u00f6lkerung und Proteste einge\u00fcbt.<\/p>\n<p><strong>Die Weltmachtstrategien der imperialistischen Zentren gegen\u00fcber den arabisch-islamischen L\u00e4ndern sind mit allen Aspekten zu analysieren, um die gewollte \u201eWeltordnung\u201c in ihrer perversen Irrationali- t\u00e4t und Gef\u00e4hrlichkeit zu delegitimieren.<\/strong><\/p>\n<p><span style=\"text-decoration: underline;\">Veranstalter<\/span><br \/>\nDeutscher Freidenker-Verband, Kreisverband Frankfurt\u00a0am Main und Verbandsvorstand<\/p>\n<p><span style=\"text-decoration: underline;\">Veranstaltung in Zusammenarbeit mit<\/span><\/p>\n<ul>\n<li>Gesellschaft zum Schutz von B\u00fcrgerrecht und Menschenw\u00fcrde e.V.<\/li>\n<li>Gesellschaft zur rechtlichen und<\/li>\n<li>humanit\u00e4ren Unterst\u00fctzung e.V.<\/li>\n<li>Arbeiterfotografie \u2013 Forum f\u00fcr Engagierte Fotografie<\/li>\n<li>Marx-Engels-Stiftung e.V.<\/li>\n<li>Ostdeutsches Kuratorium von Verb\u00e4nden e.V.<\/li>\n<li>B\u00fcndnis f\u00fcr soziale Gerechtigkeit und Menschenw\u00fcrde e.V.<\/li>\n<li>Frankfurter Solidarit\u00e4tskomitee f\u00fcr Syrien<\/li>\n<li>AG Pal\u00e4stina Frankfurt<\/li>\n<\/ul>\n<p><span style=\"text-decoration: underline;\">Weitere VeranstaltungsInformationen<\/span><\/p>\n<ul>\n<li><a href=\"http:\/\/www.freidenker.org\/cms\/dfv\/images\/stories\/PDF\/freidenker_frankfurt_2015.pdf\" target=\"_blank\">Informationsflyer zur Konferenz<\/a> (Webversion zur Anzeige am Monitor, nicht f\u00fcr Ausdrucke geeignet \/ PDF-Dokument, ca. 460 KB)<\/li>\n<li>Informationsflyer zur Konferenz (Druckversion <a href=\"http:\/\/www.freidenker.org\/cms\/dfv\/images\/stories\/PDF\/freidenker_frankfurt_2015%20-%20print%20-%20s1.pdf\" target=\"_blank\">Frontseite<\/a>, <a href=\"http:\/\/www.freidenker.org\/cms\/dfv\/images\/stories\/PDF\/freidenker_frankfurt_2015%20-%20print%20-%20s2.pdf\" target=\"_blank\">Innenseite<\/a> \/ PDF-Dokument jeweils ca. 1 MB)<\/li>\n<\/ul>\n","protected":false},"excerpt":{"rendered":"<p>Einladung zur Konferenz Samstag, 12. September 2015, 10 Uhr Saalbau Bockenheim, Schw\u00e4lmer Stra\u00dfe 28, 60486 Frankfurt a.M. [ Weitere Veranstaltungsinformationen &#8230; (PDF-Dokument, ca. 460 KB)] Ein Bundespr\u00e4sident, f\u00fcr den \u201eder Islam zu Deutschland geh\u00f6rt(e)\u201c, musste gehen. Vor salafistischen Syrien-R\u00fcckkehrern wird gewarnt, obwohl die dort f\u00fcr NATO-Ziele k\u00e4mpften. Gegen missliebige Regierungen sponsert der Westen islamische Terrororganisationen, [&hellip;]<\/p>\n","protected":false},"author":4,"featured_media":0,"comment_status":"closed","ping_status":"closed","sticky":false,"template":"","format":"standard","meta":{"jetpack_post_was_ever_published":false,"_jetpack_newsletter_access":"","_jetpack_dont_email_post_to_subs":false,"_jetpack_newsletter_tier_id":0,"_jetpack_memberships_contains_paywalled_content":false,"_jetpack_memberships_contains_paid_content":false,"footnotes":""},"categories":[13],"tags":[],"class_list":["post-1443","post","type-post","status-publish","format-standard","hentry","category-veranstaltungen"],"jetpack_featured_media_url":"","jetpack_shortlink":"https:\/\/wp.me\/py5dN-nh","jetpack_sharing_enabled":true,"_links":{"self":[{"href":"https:\/\/www.berlin.freidenker.org\/index.php?rest_route=\/wp\/v2\/posts\/1443","targetHints":{"allow":["GET"]}}],"collection":[{"href":"https:\/\/www.berlin.freidenker.org\/index.php?rest_route=\/wp\/v2\/posts"}],"about":[{"href":"https:\/\/www.berlin.freidenker.org\/index.php?rest_route=\/wp\/v2\/types\/post"}],"author":[{"embeddable":true,"href":"https:\/\/www.berlin.freidenker.org\/index.php?rest_route=\/wp\/v2\/users\/4"}],"replies":[{"embeddable":true,"href":"https:\/\/www.berlin.freidenker.org\/index.php?rest_route=%2Fwp%2Fv2%2Fcomments&post=1443"}],"version-history":[{"count":1,"href":"https:\/\/www.berlin.freidenker.org\/index.php?rest_route=\/wp\/v2\/posts\/1443\/revisions"}],"predecessor-version":[{"id":1444,"href":"https:\/\/www.berlin.freidenker.org\/index.php?rest_route=\/wp\/v2\/posts\/1443\/revisions\/1444"}],"wp:attachment":[{"href":"https:\/\/www.berlin.freidenker.org\/index.php?rest_route=%2Fwp%2Fv2%2Fmedia&parent=1443"}],"wp:term":[{"taxonomy":"category","embeddable":true,"href":"https:\/\/www.berlin.freidenker.org\/index.php?rest_route=%2Fwp%2Fv2%2Fcategories&post=1443"},{"taxonomy":"post_tag","embeddable":true,"href":"https:\/\/www.berlin.freidenker.org\/index.php?rest_route=%2Fwp%2Fv2%2Ftags&post=1443"}],"curies":[{"name":"wp","href":"https:\/\/api.w.org\/{rel}","templated":true}]}}