{"id":1449,"date":"2015-08-31T22:00:38","date_gmt":"2015-08-31T20:00:38","guid":{"rendered":"http:\/\/www.berlin.freidenker.org\/?p=1449"},"modified":"2015-09-07T21:36:51","modified_gmt":"2015-09-07T19:36:51","slug":"wichtige-termine-im-september-2015","status":"publish","type":"post","link":"https:\/\/www.berlin.freidenker.org\/?p=1449","title":{"rendered":"Wichtige Termine im September 2015"},"content":{"rendered":"<p class=\"Normal\"><strong>Liebe Freidenker_innen, liebe Freunde,<\/strong><\/p>\n<p class=\"Normal\">anbei einige wichtige Termine der n\u00e4chsten Zeit.<\/p>\n<ul>\n<li><b>Dienstag, 1.9.2015: Antikriegstagsdemonstration, <\/b>veranst. von internat. Organisationen, MLPD u.a., Beginn: 17 Uhr, Ort: Alexanderplatz, Berlin-Mitte<br \/>\n<b>Kundgebung zum Antikriegstag, <\/b>veranst. DKP Berlin<b>, <\/b>Beginn: 18 Uhr, Ort: U-Bhf. Hallesches Tor, Berlin<\/li>\n<li class=\"Normal\"><b>1.-4.9.2015: &#8222;Das Potsdamer Abkommen: Rechtliche Bedeutung und historische Auswirkungen&#8220;. Konferenz<\/b> veranstaltet durch Landeshauptstadt Potsdam, der Berlin-Brandenburgischen Auslandsgesellschaft u.a. Beginn: 15 Uhr, Ort: Potsdam-Museum, Am Alten Markt, 14467 Potsdam (s. Internetseite der Berliner VVN-BdA)<\/li>\n<li class=\"Normal\"><b>Donnerstag, 3.9.2015: Was ist das V\u00f6lkerrecht noch wert? Schreckensmeldungen aus Syrien<\/b>, mit Said Dudin, syrischer Journalist von One World Media. Beginn: 19.30 Uhr, Ort: Caf\u00e9 Commune, Reichenberger Str. 157 (U1\/U8 Kottbusser Tor)<\/li>\n<li class=\"Normal\"><b>Freitag, 4.9.2015: Vernissage \u201eSkulpturen\u201c und Aquarell-Portr\u00e4ts <\/b>von Mechthild Korn, Erl\u00f6s geht u.a. an zwei Fl\u00fcchtlingsprojekte (help4people und Cite Foch); <i><u>Beginn: 19.30 Uhr, Ausstellung 5.9. bis 8.9. von 15 bis 21 Uhr.<\/u><\/i> Ort: G.A.S-station, Tempelherrenstr. 22, 10961 Berlin (U1\/U6-Hallesches Tor);<\/li>\n<li><b>Donnerstag, 3.9.2015: Vor Tageslicht \u2013 Autobiografie von Horst Sindermann,<\/b> Buchpremiere mit Michael Sindermann und Egon Krenz, Beginn: 19 Uhr, Ort: jW-Ladengalerie, Torstr. 6, 10119 Berlin. Weitere Termine in der Ladengalerie unter <a href=\"https:\/\/www.jungewelt.de\/ladengalerie\/\">https:\/\/www.jungewelt.de\/ladengalerie<\/a>. Anmeldung zu den Veranstaltungen unter 030\/53 63 55-56 oder <a href=\"mailto:mm@jungewelt.de\">mm@jungewelt.de<\/a><\/li>\n<li class=\"Normal\"><b>Sonnabend, 5.9.2015: Fu&#8217;cik-Ehrung<\/b>, Beginn: 11 Uhr, Ort: an seinem Denkmal im B\u00fcrgerpark Pankow, N\u00e4he Rathaus Pankow (S\/U-Pankow)<\/li>\n<li class=\"Normal\"><b>Sonnabend, 5.9.2015: Internationalistisches Sommerfest<\/b>, veranstaltet von SDAJ und DKP\/ Berlin, Beginn: 14 Uhr (bis 22 Uhr), Ort: Ossietzkystr., Pankow-Kirche, 13187 Berlin (S\/U-Pankow)<\/li>\n<li class=\"Normal\"><b>Sonnabend, 5.9.2015: Protest-Picknick \u201eStopp TTIP, TiSA, CETA!\u201c<\/b> Aufruf der NaturFreunde Deutschlands u.a., Beginn 15 Uhr, Ort: Tempelhofer Feld, s\u00fcdliche Landebahn (TTIPsitIn);<\/li>\n<li class=\"Normal\"><b>Sonntag, 6.9.2015: Geheimdienste gef\u00e4hrden Demokratie!<\/b> Dr. Seltsams Wochenschau mit H.C. Str\u00f6bele, MdB. Beginn: 13 Uhr, Ort: Brauhaus S\u00fcdstern, Hasenheide 69, Berlin-Kreuzberg (U7-S\u00fcdstern)<\/li>\n<li class=\"Normal\"><b><span style=\"color: #800000;\">Mittwoch, 9.9.2015<\/span>: Erste Berliner Runde &#8211; Freidenker im Gespr\u00e4ch nach diesem hei\u00dfen Sommer, diesmal mit Prof. Helga H\u00f6rz, Philosophin, Ethikerin und Frauenrechtlerin. <\/b>Beginn: 18 Uhr, Ort: Klub der Volkssolidarit\u00e4t, Torstr. 203-205, 10115 Berlin (U6- Oranienburger Tor, S1, S2-Oranienburger Str.)<\/li>\n<\/ul>\n<p><!--more--><\/p>\n<ul>\n<li class=\"Normal\"><b>Freitag, 11.9.2015 und Sa 12.9.2015: Fest der Linken<\/b>, Beginn: 11 Uhr Er\u00f6ffnung, Ort: Rosa-Luxemburg-Platz, B.-Mitte, siehe <a href=\"http:\/\/www.fest-der-linken.de\/\">http:\/\/www.fest-der-linken.de\/<\/a><\/li>\n<li class=\"Normal\"><b>Freitag, 11.9.2015: Was macht die Kommunistische Partei Japans so erfolgreich? <\/b>Bericht von Andreas Wehr und Marianna Schauzu von ihren pers\u00f6nlichen Eindr\u00fccken. Beginn: 19 Uhr, Ort: MEZ, Spielhagenstr. 13, 10585 Berlin, <a href=\"http:\/\/www.mez-berlin.de\">http:\/\/www.mez-berlin.de<\/a>, dort auch weitere Veranstaltungen<\/li>\n<li class=\"Normal\"><b><span style=\"color: #800000;\">Sonnabend, 12.9.2015<\/span>: Freidenker-Konferenz. N\u00fctzlicher Feind: Der Faktor &#8222;Islam&#8220; in den Weltmachtstrategien des Westens.<\/b> In Zusammenarbeit mit GBM, GRH, OKV, B\u00fcsGM u.a. Beginn: 10 Uhr, Ort: Saalbau Bockenheim, Schw\u00e4lmer Str. 28, 60486 Frankfurt a.M.<\/li>\n<li class=\"Normal\"><b>Sonnabend, <\/b><strong>12.9.2015<\/strong>: \u201eDie hellen Haufen\u201c, mit dem Autor Volker Braun. Beginn: 19 Uhr, Ort: jW-Ladengalerie, bitte anmelden (Infos siehe Termin am 3.9.)<\/li>\n<li class=\"Normal\"><b>Sonntag, 13.9.2015: Tag der Erinnerung und Mahnung<\/b>, veranstaltet von Berliner VVN-BdA u.a., Beginn der Auftaktkundgebung: 12 Uhr, Ort: Werner-Seelenbinder-Stadion, Oderstr. 182; anschl. Fahrradkorso mit Gedenken, ab 13 bis 19.30 Uhr Fest der Begegnung, Herrfurthplatz, im Schillerkiez in Neuk\u00f6lln, weiteres siehe <a href=\"http:\/\/berlin.vvn-bda.de\/\">http:\/\/berlin.vvn-bda.de\/<\/a><\/li>\n<li class=\"Normal\"><b>Freitag, 18. September \u2013 16. Oktober: Ausstellung \u201eKunst gegen den Faschismus\u201c<\/b>, Arbeiten von internationalen K\u00fcnstlern zur Unterst\u00fctzung der B\u00fcrgerbewegung \u201eDas Wesen der Zeit\u201c. Beginn Freitag, 16 Uhr, Ort: GBM-Galerie Weitlingstr. 89, Berlin-Lichtenberg (S\/U-Lichtenberg)<\/li>\n<li class=\"Normal\"><b>Sonnabend, 19.9.2015: &#8222;Wei\u00dfe Kreuze&#8220; der &#8222;Abtreibungsgegner wieder in Berlin<\/b>! Gegendemo Beginn: 13 Uhr, Ort: Platz des 18. M\u00e4rz\/ Brandenburger Tor und Umgebung, siehe <a href=\"http:\/\/www.sexuelle-selbstbestimmung.de\/\">http:\/\/www.sexuelle-selbstbestimmung.de<\/a><\/li>\n<li class=\"Normal\"><b>Sonnabend, 19.9.2015: &#8222;Was bleibt von der DDR?&#8220;. Konferenz<\/b> der &#8222;Geschichtskorrespondenz&#8220; beim Marxistischen Arbeitskreis zur Geschichte der deutschen Arbeiterbewegung bei der Partei DIE LINKE. Interessenten wenden sich an <a href=\"mailto:marxistischer.arbeitskreis@die-linke.de\">marxistischer.arbeitskreis@die-linke.de<\/a>. Weitere Infos unter <a href=\"http:\/\/www.die-linke.de\/geschichtskorrespondenz\">http:\/\/ww.die-linke.de\/geschichtskorrespondenz<\/a><\/li>\n<li class=\"Normal\"><b>Freitag, 25.9.2015: \u201eLieder der Verschollenen\u201c,<\/b> nach Texten von Brecht, Gert, Klabund, Tucholsky u.a., mit Gina Pietsch, Bardo Henning und Elisabeth B\u00f6hm-Christl. Beginn: 19.30 Uhr, Ort: Humboldt-Bibliothek Tegel, Karolinenstr. 19, 13507 Berlin, s. <u><a href=\"http:\/\/www.ginapietsch.de\">http:\/\/www.ginapietsch.de<\/a><\/u><\/li>\n<li class=\"Normal\"><b>Sonnabend, 26.9.2015: Podiumsgespr\u00e4ch zu Tatsachen und Hintergr\u00fcnden der Ost-West-Konfrontation, der EU-Systemkrise und der BRD-Au\u00dfenpolitik.<\/b> Mit Rolf Berthold, Bernd Biedermann und Andreas Wehr. Beginn: 10 Uhr (bis 14 Uhr), Ort: M\u00fcnzenbergsaal, ehem. ND-Haus. Veranstalter: Con Takt, <i>Motto: Musik will dem Gl\u00fcck der Menschen dienen. Wenn Politik das Gegenteil tut, lasst uns nicht schweigen.<\/i><\/li>\n<li class=\"Normal\"><b>Vorschau:<\/b> <b>10.10.2015, 12 Uhr, Berlin\/Hbf, bundesweite Demo gegen TTIP<\/b>, siehe <u class=\"Normal\"><a href=\"http:\/\/www.ttip-demo.de\">http:\/\/www.ttip-demo.de<\/a><\/u><\/li>\n<\/ul>\n","protected":false},"excerpt":{"rendered":"<p>Liebe Freidenker_innen, liebe Freunde, anbei einige wichtige Termine der n\u00e4chsten Zeit. Dienstag, 1.9.2015: Antikriegstagsdemonstration, veranst. von internat. Organisationen, MLPD u.a., Beginn: 17 Uhr, Ort: Alexanderplatz, Berlin-Mitte Kundgebung zum Antikriegstag, veranst. DKP Berlin, Beginn: 18 Uhr, Ort: U-Bhf. Hallesches Tor, Berlin 1.-4.9.2015: &#8222;Das Potsdamer Abkommen: Rechtliche Bedeutung und historische Auswirkungen&#8220;. Konferenz veranstaltet durch Landeshauptstadt Potsdam, der [&hellip;]<\/p>\n","protected":false},"author":4,"featured_media":0,"comment_status":"closed","ping_status":"closed","sticky":false,"template":"","format":"standard","meta":{"jetpack_post_was_ever_published":false,"_jetpack_newsletter_access":"","_jetpack_dont_email_post_to_subs":false,"_jetpack_newsletter_tier_id":0,"_jetpack_memberships_contains_paywalled_content":false,"_jetpack_memberships_contains_paid_content":false,"footnotes":""},"categories":[1,14,13],"tags":[],"class_list":["post-1449","post","type-post","status-publish","format-standard","hentry","category-allgemein","category-aktivitaeten-des-dfv-berlin","category-veranstaltungen"],"jetpack_featured_media_url":"","jetpack_shortlink":"https:\/\/wp.me\/py5dN-nn","jetpack_sharing_enabled":true,"_links":{"self":[{"href":"https:\/\/www.berlin.freidenker.org\/index.php?rest_route=\/wp\/v2\/posts\/1449","targetHints":{"allow":["GET"]}}],"collection":[{"href":"https:\/\/www.berlin.freidenker.org\/index.php?rest_route=\/wp\/v2\/posts"}],"about":[{"href":"https:\/\/www.berlin.freidenker.org\/index.php?rest_route=\/wp\/v2\/types\/post"}],"author":[{"embeddable":true,"href":"https:\/\/www.berlin.freidenker.org\/index.php?rest_route=\/wp\/v2\/users\/4"}],"replies":[{"embeddable":true,"href":"https:\/\/www.berlin.freidenker.org\/index.php?rest_route=%2Fwp%2Fv2%2Fcomments&post=1449"}],"version-history":[{"count":6,"href":"https:\/\/www.berlin.freidenker.org\/index.php?rest_route=\/wp\/v2\/posts\/1449\/revisions"}],"predecessor-version":[{"id":1455,"href":"https:\/\/www.berlin.freidenker.org\/index.php?rest_route=\/wp\/v2\/posts\/1449\/revisions\/1455"}],"wp:attachment":[{"href":"https:\/\/www.berlin.freidenker.org\/index.php?rest_route=%2Fwp%2Fv2%2Fmedia&parent=1449"}],"wp:term":[{"taxonomy":"category","embeddable":true,"href":"https:\/\/www.berlin.freidenker.org\/index.php?rest_route=%2Fwp%2Fv2%2Fcategories&post=1449"},{"taxonomy":"post_tag","embeddable":true,"href":"https:\/\/www.berlin.freidenker.org\/index.php?rest_route=%2Fwp%2Fv2%2Ftags&post=1449"}],"curies":[{"name":"wp","href":"https:\/\/api.w.org\/{rel}","templated":true}]}}