{"id":1456,"date":"2015-09-07T12:00:21","date_gmt":"2015-09-07T10:00:21","guid":{"rendered":"http:\/\/www.berlin.freidenker.org\/?p=1456"},"modified":"2015-09-07T22:07:14","modified_gmt":"2015-09-07T20:07:14","slug":"bericht-von-einer-veranstaltung-mit-grover-furr-am-30-5-2015-in-berlin","status":"publish","type":"post","link":"https:\/\/www.berlin.freidenker.org\/?p=1456","title":{"rendered":"Bericht von einer Veranstaltung mit Grover Furr am 30.5.2015 in Berlin"},"content":{"rendered":"<p>Liebe Freunde,<\/p>\n<p>seit 25 Jahren sind wir emp\u00f6rt \u00fcber die Anti-Stalin-Propaganda, die uns aus interessierten Kreisen der &#8222;alten&#8220; BRD entgegenkam und die sich auch im linken Spektrum verbreitet hat.<\/p>\n<p>Der Vortrag von Grover Furr am 30.5.2015 in Berlin und die Besch\u00e4ftigung mit seinem Buch &#8222;Chrustschows L\u00fcgen&#8220; sind f\u00fcr uns erneut Anlass, eine kritische Auseinandersetzung mit unserer Geschichte zu fordern und st\u00e4rker als bisher die Meinungshoheit der Herrschenden in Frage zu stellen.<\/p>\n<p>Bitte nehmt unseren Bericht von der Grover-Furr-Veranstaltung und das Manuskript seines Vortrages zur Kenntnis. Dem Bericht sind weitere Literaturhinweise beigef\u00fcgt.<\/p>\n<p>Mit besten Gr\u00fc\u00dfen<\/p>\n<p>i.A. Uta Mader<\/p>\n<ul>\n<li><a href=\"https:\/\/www.berlin.freidenker.org\/wp-content\/uploads\/2015\/09\/Grover-Furr-30.5.15-Bericht-\u00fcberarb.-3.9.15-I.pdf\">Grover Furr &#8211; 30.05.2015 &#8211; Bericht<\/a> (PDF-Dokument, ca. 165 KB)<\/li>\n<li><a href=\"https:\/\/www.berlin.freidenker.org\/wp-content\/uploads\/2015\/09\/Vortrag-Grover-Furr-Mai-2015-HUB.pdf\">Vortrag Grover Furr &#8211; 30.5.2015<\/a> (PDF-Dokument, ca. 254 KB)<\/li>\n<\/ul>\n","protected":false},"excerpt":{"rendered":"<p>Liebe Freunde, seit 25 Jahren sind wir emp\u00f6rt \u00fcber die Anti-Stalin-Propaganda, die uns aus interessierten Kreisen der &#8222;alten&#8220; BRD entgegenkam und die sich auch im linken Spektrum verbreitet hat. Der Vortrag von Grover Furr am 30.5.2015 in Berlin und die Besch\u00e4ftigung mit seinem Buch &#8222;Chrustschows L\u00fcgen&#8220; sind f\u00fcr uns erneut Anlass, eine kritische Auseinandersetzung mit [&hellip;]<\/p>\n","protected":false},"author":4,"featured_media":0,"comment_status":"closed","ping_status":"closed","sticky":false,"template":"","format":"standard","meta":{"jetpack_post_was_ever_published":false,"_jetpack_newsletter_access":"","_jetpack_dont_email_post_to_subs":false,"_jetpack_newsletter_tier_id":0,"_jetpack_memberships_contains_paywalled_content":false,"_jetpack_memberships_contains_paid_content":false,"footnotes":""},"categories":[1,14],"tags":[],"class_list":["post-1456","post","type-post","status-publish","format-standard","hentry","category-allgemein","category-aktivitaeten-des-dfv-berlin"],"jetpack_featured_media_url":"","jetpack_shortlink":"https:\/\/wp.me\/py5dN-nu","jetpack_sharing_enabled":true,"_links":{"self":[{"href":"https:\/\/www.berlin.freidenker.org\/index.php?rest_route=\/wp\/v2\/posts\/1456","targetHints":{"allow":["GET"]}}],"collection":[{"href":"https:\/\/www.berlin.freidenker.org\/index.php?rest_route=\/wp\/v2\/posts"}],"about":[{"href":"https:\/\/www.berlin.freidenker.org\/index.php?rest_route=\/wp\/v2\/types\/post"}],"author":[{"embeddable":true,"href":"https:\/\/www.berlin.freidenker.org\/index.php?rest_route=\/wp\/v2\/users\/4"}],"replies":[{"embeddable":true,"href":"https:\/\/www.berlin.freidenker.org\/index.php?rest_route=%2Fwp%2Fv2%2Fcomments&post=1456"}],"version-history":[{"count":3,"href":"https:\/\/www.berlin.freidenker.org\/index.php?rest_route=\/wp\/v2\/posts\/1456\/revisions"}],"predecessor-version":[{"id":1461,"href":"https:\/\/www.berlin.freidenker.org\/index.php?rest_route=\/wp\/v2\/posts\/1456\/revisions\/1461"}],"wp:attachment":[{"href":"https:\/\/www.berlin.freidenker.org\/index.php?rest_route=%2Fwp%2Fv2%2Fmedia&parent=1456"}],"wp:term":[{"taxonomy":"category","embeddable":true,"href":"https:\/\/www.berlin.freidenker.org\/index.php?rest_route=%2Fwp%2Fv2%2Fcategories&post=1456"},{"taxonomy":"post_tag","embeddable":true,"href":"https:\/\/www.berlin.freidenker.org\/index.php?rest_route=%2Fwp%2Fv2%2Ftags&post=1456"}],"curies":[{"name":"wp","href":"https:\/\/api.w.org\/{rel}","templated":true}]}}