{"id":1463,"date":"2015-09-29T20:00:21","date_gmt":"2015-09-29T18:00:21","guid":{"rendered":"http:\/\/www.berlin.freidenker.org\/?p=1463"},"modified":"2015-10-06T14:12:18","modified_gmt":"2015-10-06T12:12:18","slug":"14-10-2015-berliner-runde-freidenker-im-gespraech","status":"publish","type":"post","link":"https:\/\/www.berlin.freidenker.org\/?p=1463","title":{"rendered":"14.10.2015 &#8211; \u201eBerliner Runde \u2013 Freidenker im Gespr\u00e4ch\u201c"},"content":{"rendered":"<p><strong>Liebe Mitglieder, liebe Freunde,<\/strong><\/p>\n<p>wir laden herzlich ein zu unserer n\u00e4chsten <strong>\u201eBerliner Runde \u2013 Freidenker im Gespr\u00e4ch\u201c<\/strong> am <strong>Mittwoch, den 14. Oktober 2015, 18 Uhr<\/strong> im Klub der Volkssolidarit\u00e4t, Torstr. 203 \u2013 205<\/p>\n<p style=\"text-align: center;\"><strong>Rudolf Steiners langer Schatten. <\/strong><br \/>\n<strong>Die okkulten Hintergr\u00fcnde von Waldorf &amp; Co.<\/strong><br \/>\nmit der Autorin <strong>Dr. Irene Wagner<\/strong><\/p>\n<p style=\"text-align: center;\"><a href=\"https:\/\/i0.wp.com\/www.berlin.freidenker.org\/wp-content\/uploads\/2015\/10\/irene_wagner_buch.jpg?ssl=1\"><img data-recalc-dims=\"1\" loading=\"lazy\" decoding=\"async\" class=\"aligncenter wp-image-1464 size-medium\" src=\"https:\/\/i0.wp.com\/www.berlin.freidenker.org\/wp-content\/uploads\/2015\/10\/irene_wagner_buch.jpg?resize=195%2C300&#038;ssl=1\" alt=\"Irene Wagner, Rudolf Steiners langer Schatten\" width=\"195\" height=\"300\" srcset=\"https:\/\/i0.wp.com\/www.berlin.freidenker.org\/wp-content\/uploads\/2015\/10\/irene_wagner_buch.jpg?resize=195%2C300&amp;ssl=1 195w, https:\/\/i0.wp.com\/www.berlin.freidenker.org\/wp-content\/uploads\/2015\/10\/irene_wagner_buch.jpg?resize=667%2C1024&amp;ssl=1 667w, https:\/\/i0.wp.com\/www.berlin.freidenker.org\/wp-content\/uploads\/2015\/10\/irene_wagner_buch.jpg?w=709&amp;ssl=1 709w\" sizes=\"auto, (max-width: 195px) 100vw, 195px\" \/><\/a><\/p>\n<p>Waldorfschule, anthroposophische Medizin und Landwirtschaft (demeter) werden im Allgemeinen isoliert betrachtet. Gr\u00fcnder aller drei Bereiche ist Rudolf Steiner, der au\u00dferhalb der anthroposophischen Welt wenig bekannt ist. Auch die esoterischen Grundlagen sind kaum bekannt.<\/p>\n<p>Etliche Elemente der Waldorfp\u00e4dagogik entstammen der Reformp\u00e4dagogik.<br \/>\nIm Gegensatz zu anderen Schulgr\u00fcndern ging es Steiner von Anfang an um mehr; es sollte eine Bewegung werden, eine anthroposophische, weltumspannende Bewegung. Kurz nach der Schulgr\u00fcndung rief er die anthroposophische Medizin und anthroposophische Landwirtschaft ins Leben. Diese drei Komponenten geh\u00f6rten f\u00fcr ihn zusammen und sollten Skeptiker \u00fcberzeugen. Das Verbindende war und ist die anthroposophische Weltsicht.<br \/>\nEin Blick hinter die Kulissen offenbart eine esoterisch begr\u00fcndete Parallelwelt.<\/p>\n<p>Das Leitungskollektiv<\/p>\n","protected":false},"excerpt":{"rendered":"<p>Liebe Mitglieder, liebe Freunde, wir laden herzlich ein zu unserer n\u00e4chsten \u201eBerliner Runde \u2013 Freidenker im Gespr\u00e4ch\u201c am Mittwoch, den 14. Oktober 2015, 18 Uhr im Klub der Volkssolidarit\u00e4t, Torstr. 203 \u2013 205 Rudolf Steiners langer Schatten. Die okkulten Hintergr\u00fcnde von Waldorf &amp; Co. mit der Autorin Dr. Irene Wagner Waldorfschule, anthroposophische Medizin und Landwirtschaft [&hellip;]<\/p>\n","protected":false},"author":4,"featured_media":0,"comment_status":"closed","ping_status":"closed","sticky":false,"template":"","format":"standard","meta":{"jetpack_post_was_ever_published":false,"_jetpack_newsletter_access":"","_jetpack_dont_email_post_to_subs":false,"_jetpack_newsletter_tier_id":0,"_jetpack_memberships_contains_paywalled_content":false,"_jetpack_memberships_contains_paid_content":false,"footnotes":""},"categories":[14,13],"tags":[],"class_list":["post-1463","post","type-post","status-publish","format-standard","hentry","category-aktivitaeten-des-dfv-berlin","category-veranstaltungen"],"jetpack_featured_media_url":"","jetpack_shortlink":"https:\/\/wp.me\/py5dN-nB","jetpack_sharing_enabled":true,"_links":{"self":[{"href":"https:\/\/www.berlin.freidenker.org\/index.php?rest_route=\/wp\/v2\/posts\/1463","targetHints":{"allow":["GET"]}}],"collection":[{"href":"https:\/\/www.berlin.freidenker.org\/index.php?rest_route=\/wp\/v2\/posts"}],"about":[{"href":"https:\/\/www.berlin.freidenker.org\/index.php?rest_route=\/wp\/v2\/types\/post"}],"author":[{"embeddable":true,"href":"https:\/\/www.berlin.freidenker.org\/index.php?rest_route=\/wp\/v2\/users\/4"}],"replies":[{"embeddable":true,"href":"https:\/\/www.berlin.freidenker.org\/index.php?rest_route=%2Fwp%2Fv2%2Fcomments&post=1463"}],"version-history":[{"count":3,"href":"https:\/\/www.berlin.freidenker.org\/index.php?rest_route=\/wp\/v2\/posts\/1463\/revisions"}],"predecessor-version":[{"id":1467,"href":"https:\/\/www.berlin.freidenker.org\/index.php?rest_route=\/wp\/v2\/posts\/1463\/revisions\/1467"}],"wp:attachment":[{"href":"https:\/\/www.berlin.freidenker.org\/index.php?rest_route=%2Fwp%2Fv2%2Fmedia&parent=1463"}],"wp:term":[{"taxonomy":"category","embeddable":true,"href":"https:\/\/www.berlin.freidenker.org\/index.php?rest_route=%2Fwp%2Fv2%2Fcategories&post=1463"},{"taxonomy":"post_tag","embeddable":true,"href":"https:\/\/www.berlin.freidenker.org\/index.php?rest_route=%2Fwp%2Fv2%2Ftags&post=1463"}],"curies":[{"name":"wp","href":"https:\/\/api.w.org\/{rel}","templated":true}]}}