{"id":1496,"date":"2016-01-22T20:00:47","date_gmt":"2016-01-22T18:00:47","guid":{"rendered":"http:\/\/www.berlin.freidenker.org\/?p=1496"},"modified":"2016-01-23T15:36:02","modified_gmt":"2016-01-23T13:36:02","slug":"10-2-2016-berliner-runde-freidenker-im-gespraech","status":"publish","type":"post","link":"https:\/\/www.berlin.freidenker.org\/?p=1496","title":{"rendered":"10.2.2016 \u2013 \u201eBerliner Runde \u2013 Freidenker im Gespr\u00e4ch\u201c"},"content":{"rendered":"<p class=\"Normal tm5\" style=\"text-align: center;\"><span class=\"tm6\">Liebe Freidenkerin, lieber Freidenker, liebe Freunde,<\/span><\/p>\n<p class=\"Normal tm5\" style=\"text-align: center;\"><span class=\"tm6\">wir laden ein zu unserer n\u00e4chsten \u201e<strong>Berliner Runde \u2013 Freidenker im Gespr\u00e4ch<\/strong>\u201c<\/span><\/p>\n<p class=\"Normal tm5\" style=\"text-align: center;\"><span class=\"tm6\">am <\/span><strong><span class=\"tm7\">Mittwoch, den 10. Februar 2016, 18.00 Uhr<\/span><\/strong><\/p>\n<p class=\"Normal tm5\" style=\"text-align: center;\"><span class=\"tm8\">im Klub der Volkssolidarit\u00e4t Torstr. 203 \u2013 205, 10115 Berlin*<\/span><\/p>\n<p class=\"Normal tm5\" style=\"text-align: center;\">\n<p class=\"Normal tm5\" style=\"text-align: center;\"><strong><span class=\"tm9\">\u201eJuristische und praktische Probleme der Menschenrechte\u201c<\/span><\/strong><\/p>\n<p class=\"Normal tm5\" style=\"text-align: center;\"><strong><span class=\"tm10\">Referent: Prof. Dr. Erich Buchholz<br \/>\nModeration: Elke Zwinge-Makamizile<\/span><\/strong><\/p>\n<p class=\"Normal\"><strong><span class=\"tm10\">\u00a0<\/span><\/strong><\/p>\n<p class=\"Normal\"><span class=\"tm6\">Reichern wir den Begriff \u201eMenschenrechte\u201c, der z.T. missbraucht wird, mit Inhalt an! Wir erwarten Euch zu einer spannenden und fundierten Diskussion zu folgenden Schwerpunkten und Fragestellungen:<\/span><\/p>\n<ul>\n<li class=\"Normal\"><span class=\"tm6\">\u00a0<\/span><span class=\"tm6\">Zur Vorgeschichte der Menschenrechte, bis zur Allgemeinen Erkl\u00e4rung der Menschenrechte 1948 (Auszug und Link s. R\u00fcckseite).<br \/>\n<\/span><\/li>\n<li class=\"Normal tm12\"><span class=\"tm6\">Menschenrechte geh\u00f6ren juristisch zum V\u00f6lkerrecht. Mithin sind die ma\u00dfgeblichen Rechtssubjekte die Staaten und die typische Rechtsform sind Vertr\u00e4ge mit und zwischen ihnen; es gibt keine Gesetze einer Macht der V\u00f6lker.<br \/>\n<\/span><\/li>\n<li class=\"Normal tm12\"><span class=\"tm6\">Widerspr\u00fcchliche und z. T. zusammenfallende Interessen der Staaten machen die juristische Umsetzung der Menschenrechte in juristisch verbindliche Konventionen schwer.<br \/>\n<\/span><\/li>\n<li class=\"Normal tm12\"><span class=\"tm6\">Warum kam es nicht zu einer einheitlichen Konvention gem\u00e4\u00df der o.g. Allgemeinen Erkl\u00e4rung der Menschenrechte? \u00dcber die Besonderheiten zweier Menschenrechte &#8211; der Gleichberechtigung der Frau und des Menschenrechts auf Arbeit.<\/span><\/li>\n<\/ul>\n<p class=\"Normal\"><span class=\"tm14\">Erich Buchholz, Jurist, war langj\u00e4hrig an der Humboldt-Universit\u00e4t t\u00e4tig. Mit zahlreichen Publikationen setzte er seine T\u00e4tigkeit als streitbarer Rechtswissenschaftler auch seit 1990 fort. N\u00e4here biografische Angaben siehe beim Kai-Homilius-Verlag sowie bei Wikipedia.<\/span><\/p>\n<p class=\"Normal\"><span class=\"tm14\">Mit solidarischen Gr\u00fc\u00dfen<\/span><\/p>\n<p class=\"Normal\"><span class=\"tm14\">Uta und Edi Mader<\/span><\/p>\n<p class=\"Normal\"><span class=\"tm14\">im Auftrag des Leitungskollektivs<\/span><\/p>\n<p class=\"Normal\"><span class=\"tm15\">(*S1-, S2-, S25-Oranienburger Str., U6-Oranienburger Tor)<\/span><\/p>\n<p class=\"Normal\"><!--more--><\/p>\n<p class=\"Normal\" style=\"text-align: center;\">Resolution 217 A (III) der Generalversammlung vom 10. Dezember 1948<\/p>\n<p class=\"Normal\" style=\"text-align: center;\"><strong>Allgemeine Erkl\u00e4rung der Menschenrechte<\/strong><br \/>\n<strong>PR\u00c4AMBEL<\/strong><\/p>\n<p class=\"Normal\" style=\"text-align: left;\">Da die Anerkennung der angeborenen W\u00fcrde und der gleichen und unver\u00e4u\u00dferlichen Rechte aller Mitglieder der Gemeinschaft der Menschen die Grundlage von Freiheit, Gerechtigkeit und Frieden in der Welt bildet,<\/p>\n<p class=\"Normal\" style=\"text-align: left;\">da die Nichtanerkennung und Verachtung der Menschenrechte zu Akten der Barbarei gef\u00fchrt haben, die das Gewissen der Menschheit mit Emp\u00f6rung erf\u00fcllen, und da verk\u00fcndet worden ist, da\u00df einer Welt, in der die Menschen Rede- und Glaubensfreiheit und Freiheit von Furcht und Not genie\u00dfen, das h\u00f6chste Streben des Menschen gilt,<\/p>\n<p class=\"Normal\" style=\"text-align: left;\">da es notwendig ist, die Menschenrechte durch die Herrschaft des Rechtes zu sch\u00fctzen, damit der Mensch nicht gezwungen wird, als letztes Mittel zum Aufstand gegen Tyrannei und Unterdr\u00fcckung zu greifen,<\/p>\n<p class=\"Normal\" style=\"text-align: left;\">da es notwendig ist, die Entwicklung freundschaftlicher Beziehungen zwischen den Nationen zu f\u00f6rdern,<\/p>\n<p class=\"Normal\" style=\"text-align: left;\">da die V\u00f6lker der Vereinten Nationen in der Charta ihren Glauben an die grundlegenden Menschenrechte, an die W\u00fcrde und den Wert der menschlichen Person und an die Gleichberechtigung von Mann und Frau erneut bekr\u00e4ftigt und beschlossen haben, den sozialen Fortschritt und bessere Lebensbedingungen in gr\u00f6\u00dferer Freiheit zu f\u00f6rdern,<\/p>\n<p class=\"Normal\" style=\"text-align: left;\">da die Mitgliedstaaten sich verpflichtet haben, in Zusammenarbeit mit den Vereinten Nationen auf die allgemeine Achtung und Einhaltung der Menschenrechte und Grundfreiheiten hinzuwirken,<\/p>\n<p class=\"Normal\" style=\"text-align: left;\">da ein gemeinsames Verst\u00e4ndnis dieser Rechte und Freiheiten von gr\u00f6\u00dfter Wichtigkeit f\u00fcr die volle Erf\u00fcllung dieser Verpflichtung ist,<\/p>\n<p class=\"Normal\" style=\"text-align: left;\"><em>verk\u00fcndet die Generalversammlung<\/em><\/p>\n<p class=\"Normal\" style=\"text-align: left;\">diese Allgemeine Erkl\u00e4rung der Menschenrechte als das von allen V\u00f6lkern und Nationen zu erreichende gemeinsame Ideal, damit jeder einzelne und alle Organe der Gesellschaft sich diese Erkl\u00e4rung stets gegenw\u00e4rtig halten und sich bem\u00fchen, durch Unterricht und Erziehung die Achtung vor diesen Rechten und Freiheiten zu f\u00f6rdern und durch fortschreitende nationale und internationale Ma\u00dfnahmen ihre allgemeine und tats\u00e4chliche Anerkennung und Einhaltung durch die Bev\u00f6lkerung der Mitgliedstaaten selbst wie auch durch die Bev\u00f6lkerung der ihrer Hoheitsgewalt unterstehenden Gebiete zu gew\u00e4hrleisten.<\/p>\n<p class=\"Normal\" style=\"text-align: center;\"><em>Artikel 1<\/em><\/p>\n<p class=\"Normal\" style=\"text-align: left;\">Alle Menschen sind frei und gleich an W\u00fcrde und Rechten geboren. Sie sind mit Vernunft und Gewissen begabt und sollen einander im Geiste der Br\u00fcderlichkeit begegnen. Siehe <a href=\"http:\/\/www.un.org\/depts\/german\/menschenrechte\/aemr.pdf\" target=\"_blank\">http:\/\/www.un.org\/depts\/german\/menschenrechte\/aemr.pdf<\/a><\/p>\n","protected":false},"excerpt":{"rendered":"<p>Liebe Freidenkerin, lieber Freidenker, liebe Freunde, wir laden ein zu unserer n\u00e4chsten \u201eBerliner Runde \u2013 Freidenker im Gespr\u00e4ch\u201c am Mittwoch, den 10. Februar 2016, 18.00 Uhr im Klub der Volkssolidarit\u00e4t Torstr. 203 \u2013 205, 10115 Berlin* \u201eJuristische und praktische Probleme der Menschenrechte\u201c Referent: Prof. Dr. Erich Buchholz Moderation: Elke Zwinge-Makamizile \u00a0 Reichern wir den Begriff [&hellip;]<\/p>\n","protected":false},"author":4,"featured_media":0,"comment_status":"closed","ping_status":"closed","sticky":false,"template":"","format":"standard","meta":{"jetpack_post_was_ever_published":false,"_jetpack_newsletter_access":"","_jetpack_dont_email_post_to_subs":false,"_jetpack_newsletter_tier_id":0,"_jetpack_memberships_contains_paywalled_content":false,"_jetpack_memberships_contains_paid_content":false,"footnotes":""},"categories":[14,21,13],"tags":[],"class_list":["post-1496","post","type-post","status-publish","format-standard","hentry","category-aktivitaeten-des-dfv-berlin","category-politik","category-veranstaltungen"],"jetpack_featured_media_url":"","jetpack_shortlink":"https:\/\/wp.me\/py5dN-o8","jetpack_sharing_enabled":true,"_links":{"self":[{"href":"https:\/\/www.berlin.freidenker.org\/index.php?rest_route=\/wp\/v2\/posts\/1496","targetHints":{"allow":["GET"]}}],"collection":[{"href":"https:\/\/www.berlin.freidenker.org\/index.php?rest_route=\/wp\/v2\/posts"}],"about":[{"href":"https:\/\/www.berlin.freidenker.org\/index.php?rest_route=\/wp\/v2\/types\/post"}],"author":[{"embeddable":true,"href":"https:\/\/www.berlin.freidenker.org\/index.php?rest_route=\/wp\/v2\/users\/4"}],"replies":[{"embeddable":true,"href":"https:\/\/www.berlin.freidenker.org\/index.php?rest_route=%2Fwp%2Fv2%2Fcomments&post=1496"}],"version-history":[{"count":2,"href":"https:\/\/www.berlin.freidenker.org\/index.php?rest_route=\/wp\/v2\/posts\/1496\/revisions"}],"predecessor-version":[{"id":1768,"href":"https:\/\/www.berlin.freidenker.org\/index.php?rest_route=\/wp\/v2\/posts\/1496\/revisions\/1768"}],"wp:attachment":[{"href":"https:\/\/www.berlin.freidenker.org\/index.php?rest_route=%2Fwp%2Fv2%2Fmedia&parent=1496"}],"wp:term":[{"taxonomy":"category","embeddable":true,"href":"https:\/\/www.berlin.freidenker.org\/index.php?rest_route=%2Fwp%2Fv2%2Fcategories&post=1496"},{"taxonomy":"post_tag","embeddable":true,"href":"https:\/\/www.berlin.freidenker.org\/index.php?rest_route=%2Fwp%2Fv2%2Ftags&post=1496"}],"curies":[{"name":"wp","href":"https:\/\/api.w.org\/{rel}","templated":true}]}}