{"id":1530,"date":"2016-02-18T19:38:25","date_gmt":"2016-02-18T17:38:25","guid":{"rendered":"http:\/\/www.berlin.freidenker.org\/?p=1530"},"modified":"2016-02-18T19:47:38","modified_gmt":"2016-02-18T17:47:38","slug":"bei-freidenkern-gefunden-und-anderswo-116","status":"publish","type":"post","link":"https:\/\/www.berlin.freidenker.org\/?p=1530","title":{"rendered":"Bei Freidenkern gefunden&#8230; und anderswo&#8230; 1\/16"},"content":{"rendered":"<p>Immer wieder, wenn wir Berliner FreidenkerInnen uns treffen, stellen wir fest, dass sich unser Austausch lohnt. Weil wir n\u00e4mlich ziemlich gut informierte Leute sind und dar\u00fcber hinaus \u00a0auch noch vern\u00fcnftige Ansichten vertreten.\u00a0Au\u00dferdem haben wir bemerkt (eigentlich schon lange), dass sich Informations- und Meinungsaustausch lohnen \u00a0\u2013 mit FreidenkerInnen und ebenso mit Leuten, die sich nicht Freidenker oder Freidenkerin nennen.<\/p>\n<p><em>Jede\/Jeder weiss etwas. Keiner\/Keine weiss alles.\u00a0Also, dachten wir uns, \u00a0lasst uns doch unsere Teilweisheiten kombinieren!\u00a0Wir lesen bei Anderen und teilen es \u00f6ffentlich. Wer will kann mitmachen: Lesen, Schreiben und &#8211; auf unserer Webseite neu &#8211; auch Kommentieren. Einen solchen Anfang wollen wir machen.<\/em><\/p>\n<p style=\"text-align: center;\">***<\/p>\n<p style=\"text-align: left;\">Mein neuestes Fundst\u00fcck ist ein Beitrag von<strong> Walter Schumacher<\/strong> in der <strong>&#8222;Neuen Rheinischen Zeitung&#8220;<\/strong> vom 17.2.2016. Er tr\u00e4gt den Titel <a href=\"http:\/\/www.nrhz.de\/flyer\/beitrag.php?id=22551\" target=\"_blank\">&#8222;<em>Ken Jebsen in Aachen<\/em>&#8222;<\/a> und berichtet von einer Veranstaltung gegen Casinokapitalismus und Krieg.<\/p>\n<p style=\"text-align: left;\">Einleitend hei\u00dft es dort:<em> &#8222;Am 12. Februar 2016 fand in Aachen im Haus der evangelischen Kirche, getragen von der Aachener Aktionsgemeinschaft &#8222;Frieden jetzt!&#8220; und dem Evangelischen Erwachsenenbildungswerk Aachen, die Vortrags- und Diskussionsveranstaltung &#8222;Demokratie oder Markt? \u2013 Was kostet uns der Casino-Kapitalismus?&#8220; mit Ken Jebsen statt. Den massiven Versuchen, sie zu verhindern, haben die Veranstalter erfolgreich widerstanden.&#8220;\u00a0<\/em><\/p>\n<p style=\"text-align: left;\">Dann wird der Bericht der <strong>&#8222;Kritischen Aachener Zeitung&#8220; (KRAZ)<\/strong> \u00fcbernommen. Gern verlinke ich hier <a href=\"https:\/\/kraz.ac\/category\/antifaschismus\" target=\"_blank\">direkt auf die KRAZ,<\/a>\u00a0die \u00fcber ihren ausgewogenen Bericht hinaus den gegens\u00e4tzlichsten Leserstimmen Raum gibt und dar\u00fcber hinaus am 16.2.2016 mit einem nachdenklichen Beitrag <em>&#8222;Kritik an den Kritikern der Jebsen-Veranstaltung&#8220;<\/em> von\u00a0Ullrich F.J. Mies die Diskussion vertieft im Sinne unserer gemeinsamen Friedenssache.<\/p>\n<p style=\"text-align: left;\">All das nehme ich mit gro\u00dfem Interesse auf, f\u00fchle mich direkt angesprochen, denn wir\u00a0Berliner Freidenker werden Ken Jebsen schon bald in unserer Reihe &#8222;Freidenker im Gespr\u00e4ch&#8220; zu Gast haben.<\/p>\n","protected":false},"excerpt":{"rendered":"<p>Immer wieder, wenn wir Berliner FreidenkerInnen uns treffen, stellen wir fest, dass sich unser Austausch lohnt. Weil wir n\u00e4mlich ziemlich gut informierte Leute sind und dar\u00fcber hinaus \u00a0auch noch vern\u00fcnftige Ansichten vertreten.\u00a0Au\u00dferdem haben wir bemerkt (eigentlich schon lange), dass sich Informations- und Meinungsaustausch lohnen \u00a0\u2013 mit FreidenkerInnen und ebenso mit Leuten, die sich nicht Freidenker [&hellip;]<\/p>\n","protected":false},"author":4,"featured_media":0,"comment_status":"open","ping_status":"open","sticky":false,"template":"","format":"standard","meta":{"jetpack_post_was_ever_published":false,"_jetpack_newsletter_access":"","_jetpack_dont_email_post_to_subs":false,"_jetpack_newsletter_tier_id":0,"_jetpack_memberships_contains_paywalled_content":false,"_jetpack_memberships_contains_paid_content":false,"footnotes":""},"categories":[46,45],"tags":[39,43,40,42,41,44],"class_list":["post-1530","post","type-post","status-publish","format-standard","hentry","category-freidenker-im-gespraech","category-friedensbewegung","tag-aachener-aktionsgemeinschaft-frieden-jetzt","tag-antifa","tag-freidenker-im-gespraech","tag-friedensbewegung","tag-ken-jebsen","tag-kraz"],"jetpack_featured_media_url":"","jetpack_shortlink":"https:\/\/wp.me\/py5dN-oG","jetpack_sharing_enabled":true,"_links":{"self":[{"href":"https:\/\/www.berlin.freidenker.org\/index.php?rest_route=\/wp\/v2\/posts\/1530","targetHints":{"allow":["GET"]}}],"collection":[{"href":"https:\/\/www.berlin.freidenker.org\/index.php?rest_route=\/wp\/v2\/posts"}],"about":[{"href":"https:\/\/www.berlin.freidenker.org\/index.php?rest_route=\/wp\/v2\/types\/post"}],"author":[{"embeddable":true,"href":"https:\/\/www.berlin.freidenker.org\/index.php?rest_route=\/wp\/v2\/users\/4"}],"replies":[{"embeddable":true,"href":"https:\/\/www.berlin.freidenker.org\/index.php?rest_route=%2Fwp%2Fv2%2Fcomments&post=1530"}],"version-history":[{"count":3,"href":"https:\/\/www.berlin.freidenker.org\/index.php?rest_route=\/wp\/v2\/posts\/1530\/revisions"}],"predecessor-version":[{"id":1534,"href":"https:\/\/www.berlin.freidenker.org\/index.php?rest_route=\/wp\/v2\/posts\/1530\/revisions\/1534"}],"wp:attachment":[{"href":"https:\/\/www.berlin.freidenker.org\/index.php?rest_route=%2Fwp%2Fv2%2Fmedia&parent=1530"}],"wp:term":[{"taxonomy":"category","embeddable":true,"href":"https:\/\/www.berlin.freidenker.org\/index.php?rest_route=%2Fwp%2Fv2%2Fcategories&post=1530"},{"taxonomy":"post_tag","embeddable":true,"href":"https:\/\/www.berlin.freidenker.org\/index.php?rest_route=%2Fwp%2Fv2%2Ftags&post=1530"}],"curies":[{"name":"wp","href":"https:\/\/api.w.org\/{rel}","templated":true}]}}