{"id":1535,"date":"2016-02-20T02:02:36","date_gmt":"2016-02-20T00:02:36","guid":{"rendered":"http:\/\/www.berlin.freidenker.org\/?p=1535"},"modified":"2016-02-20T02:04:52","modified_gmt":"2016-02-20T00:04:52","slug":"no-border-no-nation","status":"publish","type":"post","link":"https:\/\/www.berlin.freidenker.org\/?p=1535","title":{"rendered":"&#8222;No Border &#8211; No Nation?&#8220;"},"content":{"rendered":"<p>Der Freidenker Andreas Wehr schreibt in seinem Februar-Newsletter:<\/p>\n<p><em>&#8222;Liebe Leserin, lieber Leser,<\/em><\/p>\n<p><em>die deutschen Linken haben ein gest\u00f6rtes Verh\u00e4ltnis zu Begriffen wie Nation und Volk. Dies zeigt sich gegenw\u00e4rtig in ihren Antworten auf die Fl\u00fcchtlingskrise. Die Begriffe waren aber nicht nur in der DDR allgegenw\u00e4rtig (als Beispiele daf\u00fcr seien hier genannt: Volkskammer, Nationale Front, Volkspolizei und Nationale Volksarmee), auch in der fr\u00fchen Bundesrepublik bekannten sich sowohl SPD als auch KPD selbstbewusst zu ihnen. Heute aber vermeidet man sie \u00e4ngstlich und \u00fcberl\u00e4sst sie damit den Rechten.&#8220;<\/em><\/p>\n<p>Unter der\u00a0\u00dcberschrift &#8222;No Border &#8211; No Nation? Die Linken und die Nation&#8220; hat Andreas Wehr k\u00fcrzlich im Marx-Engels-Zentrum Berlin ein Referat zu dieser Thematik gehalten. Er pl\u00e4diert daf\u00fcr, den positiven Inhalt des Begriffs &#8222;Nation&#8220; zu bewahren. Seine Argumentation macht begreiflich,\u00a0dass der nationale Nihilismus dem Hitlerfaschismus zugeh\u00f6rte und dem neuen Faschismus des 21. Jahrhunderts den Weg ebnet.<\/p>\n<p>Der gut lesbare Beitrag, der um Streitfragen keinen Bogen macht, ist<a href=\"http:\/\/www.andreas-wehr.eu\/no-border-no-nation-die-linken-und-die-nation.html\" target=\"_blank\"> hier<\/a> zu finden.<\/p>\n","protected":false},"excerpt":{"rendered":"<p>Der Freidenker Andreas Wehr schreibt in seinem Februar-Newsletter: &#8222;Liebe Leserin, lieber Leser, die deutschen Linken haben ein gest\u00f6rtes Verh\u00e4ltnis zu Begriffen wie Nation und Volk. Dies zeigt sich gegenw\u00e4rtig in ihren Antworten auf die Fl\u00fcchtlingskrise. Die Begriffe waren aber nicht nur in der DDR allgegenw\u00e4rtig (als Beispiele daf\u00fcr seien hier genannt: Volkskammer, Nationale Front, Volkspolizei [&hellip;]<\/p>\n","protected":false},"author":4,"featured_media":0,"comment_status":"open","ping_status":"open","sticky":false,"template":"","format":"standard","meta":{"jetpack_post_was_ever_published":false,"_jetpack_newsletter_access":"","_jetpack_dont_email_post_to_subs":false,"_jetpack_newsletter_tier_id":0,"_jetpack_memberships_contains_paywalled_content":false,"_jetpack_memberships_contains_paid_content":false,"footnotes":""},"categories":[45,47],"tags":[48],"class_list":["post-1535","post","type-post","status-publish","format-standard","hentry","category-friedensbewegung","category-nation","tag-nation"],"jetpack_featured_media_url":"","jetpack_shortlink":"https:\/\/wp.me\/py5dN-oL","jetpack_sharing_enabled":true,"_links":{"self":[{"href":"https:\/\/www.berlin.freidenker.org\/index.php?rest_route=\/wp\/v2\/posts\/1535","targetHints":{"allow":["GET"]}}],"collection":[{"href":"https:\/\/www.berlin.freidenker.org\/index.php?rest_route=\/wp\/v2\/posts"}],"about":[{"href":"https:\/\/www.berlin.freidenker.org\/index.php?rest_route=\/wp\/v2\/types\/post"}],"author":[{"embeddable":true,"href":"https:\/\/www.berlin.freidenker.org\/index.php?rest_route=\/wp\/v2\/users\/4"}],"replies":[{"embeddable":true,"href":"https:\/\/www.berlin.freidenker.org\/index.php?rest_route=%2Fwp%2Fv2%2Fcomments&post=1535"}],"version-history":[{"count":3,"href":"https:\/\/www.berlin.freidenker.org\/index.php?rest_route=\/wp\/v2\/posts\/1535\/revisions"}],"predecessor-version":[{"id":1538,"href":"https:\/\/www.berlin.freidenker.org\/index.php?rest_route=\/wp\/v2\/posts\/1535\/revisions\/1538"}],"wp:attachment":[{"href":"https:\/\/www.berlin.freidenker.org\/index.php?rest_route=%2Fwp%2Fv2%2Fmedia&parent=1535"}],"wp:term":[{"taxonomy":"category","embeddable":true,"href":"https:\/\/www.berlin.freidenker.org\/index.php?rest_route=%2Fwp%2Fv2%2Fcategories&post=1535"},{"taxonomy":"post_tag","embeddable":true,"href":"https:\/\/www.berlin.freidenker.org\/index.php?rest_route=%2Fwp%2Fv2%2Ftags&post=1535"}],"curies":[{"name":"wp","href":"https:\/\/api.w.org\/{rel}","templated":true}]}}