{"id":1542,"date":"2016-02-22T16:20:06","date_gmt":"2016-02-22T14:20:06","guid":{"rendered":"http:\/\/www.berlin.freidenker.org\/?p=1542"},"modified":"2016-02-22T18:58:20","modified_gmt":"2016-02-22T16:58:20","slug":"kenfm-im-gespraech","status":"publish","type":"post","link":"https:\/\/www.berlin.freidenker.org\/?p=1542","title":{"rendered":"KenFm im Gespr\u00e4ch"},"content":{"rendered":"<p style=\"text-align: left;\">Auf seinem Internetkanal <a href=\"https:\/\/kenfm.de\/\">&#8222;KenFM&#8220;<\/a> ist Ken Jebsen in verschiedenen Formaten im Gespr\u00e4ch. Manchmal bietet er auch Monologe und spricht dann oft sehr schnell, was ihm manche ankreiden.\u00a0In den Gespr\u00e4chen in Form von Interviews oder auch in den Gespr\u00e4chsrunden mit vier G\u00e4sten, die &#8222;Positionen&#8220; genannt werden, ist Ken Jebsen nicht der Hauptredner, sondern der dem Gespr\u00e4ch dienende Moderator. Er kann auch zuh\u00f6ren.<\/p>\n<p>Die &#8222;Positionen&#8220;-Gespr\u00e4che erstrecken sich \u00fcber fast drei Stunden, und ich gestehe, dass ich es gestern zum ersten Mal geschafft habe, die j\u00fcngste Sendung, die vierte, von Anfang bis Ende zu verfolgen. &#8222;Positionen 4&#8220; steht seit 19 Stunden bei Youtube und hat 28.285 Aufrufe. (Die &#8222;Positionen&#8220; eins bis drei, die seit eins bis acht Monaten im Internet stehen, haben derzeit zwischen 600.000 und 200.000 Aufrufe.)<\/p>\n<p>Gespr\u00e4chspartnerInnen waren Evelyn Hecht-Galinski, R\u00fcdiger Lenz, Dr. Rainer Rothfu\u00df und Gerhard Wisnewski. Das Thema war: <em>&#8222;Kooperation oder Konkurrenz &#8211; Braucht der Mensch ein Feindbild?&#8220;<\/em><\/p>\n<p><span class=\"embed-youtube\" style=\"text-align:center; display: block;\"><iframe loading=\"lazy\" class=\"youtube-player\" width=\"640\" height=\"360\" src=\"https:\/\/www.youtube.com\/embed\/lk98IRFTWNs?version=3&#038;rel=1&#038;showsearch=0&#038;showinfo=1&#038;iv_load_policy=1&#038;fs=1&#038;hl=de-DE&#038;autohide=2&#038;wmode=transparent\" allowfullscreen=\"true\" style=\"border:0;\" sandbox=\"allow-scripts allow-same-origin allow-popups allow-presentation allow-popups-to-escape-sandbox\"><\/iframe><\/span><\/p>\n<p>Alle Gespr\u00e4chsteilnehmer hatte Ken Jebsen fr\u00fcher schon interviewt, und ein Skeptiker h\u00e4tte erwarten k\u00f6nnen, dass zumindest phasenweise ein Einheitsbrei herauskommt. Diese Bef\u00fcrchtung wurde nicht wahr.<\/p>\n<p>Ich war am Ende beeindruckt, welche geistige Vielfalt zum Ausdruck gekommen war. Aber Vielfalt ist ein zu schwacher Ausdruck. Es war geistige Wechselwirkung, geistige Auseinandersetzung, die sich manchmal bis zum geistigen Kampf steigerte. Was sich dort \u00fcber die intensive Sachdiskussion hinaus an gruppendynamischem und sozialpsychologischem &#8222;Subtext&#8220; entwickelte (und intensiv zu beobachten war und auch nachtr\u00e4glich weiter analysiert werden kann), war au\u00dferordentlich.<\/p>\n<p>Vielleicht kann so der Mensch, bei aller Trostlosigkeit, die uns umgibt, geistig-moralisch vorankommen &#8211; sage ich mit aller Vorsicht.<\/p>\n<p>Mensch muss selbst sehen und mitdenken, deshalb gehe ich nicht in die Einzelheiten. Nur das m\u00f6chte ich doch hervorheben: Das Ergebnis wurde nur dadurch m\u00f6glich, dass ein unverzichtbarer Grundsatz eingehalten wurde:<\/p>\n<p style=\"text-align: center;\">\u00a0<em>Keine Denk- und Sprechverbote!<\/em><\/p>\n<p style=\"text-align: left;\">Und eine kleine (f\u00fcr mich) Wichtigkeit am Rande: Keine solche Runde sollte ohne wenigstens eine\/einen kompetente\/n Teilnehmerin\/Teilnehmer mit DDR-Sozialisation stattfinden. Es fehlt etwas Wichtiges, wenn Grundfragen menschlicher Existenz verhandelt werden und die 70 Jahre realsozialistischer Erfahrungen eines Gutteils der Menschheit unbeachtet bleiben.<\/p>\n<p>Ich empfehle mit W\u00e4rme, in die <a href=\"https:\/\/www.youtube.com\/results?search_query=Positionen+KenFM\">&#8222;Positionen&#8220;<\/a> zu gehen.<\/p>\n","protected":false},"excerpt":{"rendered":"<p>Auf seinem Internetkanal &#8222;KenFM&#8220; ist Ken Jebsen in verschiedenen Formaten im Gespr\u00e4ch. Manchmal bietet er auch Monologe und spricht dann oft sehr schnell, was ihm manche ankreiden.\u00a0In den Gespr\u00e4chen in Form von Interviews oder auch in den Gespr\u00e4chsrunden mit vier G\u00e4sten, die &#8222;Positionen&#8220; genannt werden, ist Ken Jebsen nicht der Hauptredner, sondern der dem Gespr\u00e4ch [&hellip;]<\/p>\n","protected":false},"author":4,"featured_media":0,"comment_status":"open","ping_status":"open","sticky":false,"template":"","format":"standard","meta":{"jetpack_post_was_ever_published":false,"_jetpack_newsletter_access":"","_jetpack_dont_email_post_to_subs":false,"_jetpack_newsletter_tier_id":0,"_jetpack_memberships_contains_paywalled_content":false,"_jetpack_memberships_contains_paid_content":false,"footnotes":""},"categories":[49,19,21,8],"tags":[52,50,54,53,41,55,56,51],"class_list":["post-1542","post","type-post","status-publish","format-standard","hentry","category-aufklaerung","category-kultur","category-politik","category-standpunkte","tag-dr-rainer-rothfuss","tag-evelyn-hecht-galinski","tag-feindbilder","tag-gerhard-wisnewski","tag-ken-jebsen","tag-konkurrenz","tag-nichtkampfprinzip","tag-ruediger-lenz"],"jetpack_featured_media_url":"","jetpack_shortlink":"https:\/\/wp.me\/py5dN-oS","jetpack_sharing_enabled":true,"_links":{"self":[{"href":"https:\/\/www.berlin.freidenker.org\/index.php?rest_route=\/wp\/v2\/posts\/1542","targetHints":{"allow":["GET"]}}],"collection":[{"href":"https:\/\/www.berlin.freidenker.org\/index.php?rest_route=\/wp\/v2\/posts"}],"about":[{"href":"https:\/\/www.berlin.freidenker.org\/index.php?rest_route=\/wp\/v2\/types\/post"}],"author":[{"embeddable":true,"href":"https:\/\/www.berlin.freidenker.org\/index.php?rest_route=\/wp\/v2\/users\/4"}],"replies":[{"embeddable":true,"href":"https:\/\/www.berlin.freidenker.org\/index.php?rest_route=%2Fwp%2Fv2%2Fcomments&post=1542"}],"version-history":[{"count":8,"href":"https:\/\/www.berlin.freidenker.org\/index.php?rest_route=\/wp\/v2\/posts\/1542\/revisions"}],"predecessor-version":[{"id":1550,"href":"https:\/\/www.berlin.freidenker.org\/index.php?rest_route=\/wp\/v2\/posts\/1542\/revisions\/1550"}],"wp:attachment":[{"href":"https:\/\/www.berlin.freidenker.org\/index.php?rest_route=%2Fwp%2Fv2%2Fmedia&parent=1542"}],"wp:term":[{"taxonomy":"category","embeddable":true,"href":"https:\/\/www.berlin.freidenker.org\/index.php?rest_route=%2Fwp%2Fv2%2Fcategories&post=1542"},{"taxonomy":"post_tag","embeddable":true,"href":"https:\/\/www.berlin.freidenker.org\/index.php?rest_route=%2Fwp%2Fv2%2Ftags&post=1542"}],"curies":[{"name":"wp","href":"https:\/\/api.w.org\/{rel}","templated":true}]}}