{"id":1574,"date":"2016-03-03T19:00:52","date_gmt":"2016-03-03T17:00:52","guid":{"rendered":"http:\/\/www.berlin.freidenker.org\/?p=1574"},"modified":"2016-03-06T18:08:18","modified_gmt":"2016-03-06T16:08:18","slug":"absage","status":"publish","type":"post","link":"https:\/\/www.berlin.freidenker.org\/?p=1574","title":{"rendered":"Absage"},"content":{"rendered":"<p>Das f\u00fcr den\u00a0<strong><b> 9. M\u00e4rz 2016 <\/b><\/strong>geplante \u00f6ffentliche Gespr\u00e4ch der Berliner Freidenker zum Thema<\/p>\n<p style=\"text-align: center;\"><a href=\"https:\/\/www.berlin.freidenker.org\/?p=1599\" target=\"_blank\"><strong>\u201e<b>Die drohende Kriegsgefahr und was wir dagegen tun k\u00f6nnen\u201c<\/b><\/strong><\/a><\/p>\n<p>mit Ken Jebsen als Referent und Diskussionspartner ist hiermit abgesagt.<\/p>\n<p>Erl\u00e4uternde Informationen<a href=\"https:\/\/www.berlin.freidenker.org\/?p=1579\" target=\"_blank\"> hier<\/a> auf dieser Webseite.<\/p>\n<p style=\"text-align: right;\">Das Leitungskollektiv der Berliner Freidenker<\/p>\n","protected":false},"excerpt":{"rendered":"<p>Das f\u00fcr den\u00a0 9. M\u00e4rz 2016 geplante \u00f6ffentliche Gespr\u00e4ch der Berliner Freidenker zum Thema \u201eDie drohende Kriegsgefahr und was wir dagegen tun k\u00f6nnen\u201c mit Ken Jebsen als Referent und Diskussionspartner ist hiermit abgesagt. Erl\u00e4uternde Informationen hier auf dieser Webseite. Das Leitungskollektiv der Berliner Freidenker<\/p>\n","protected":false},"author":4,"featured_media":0,"comment_status":"open","ping_status":"open","sticky":false,"template":"","format":"standard","meta":{"jetpack_post_was_ever_published":false,"_jetpack_newsletter_access":"","_jetpack_dont_email_post_to_subs":false,"_jetpack_newsletter_tier_id":0,"_jetpack_memberships_contains_paywalled_content":false,"_jetpack_memberships_contains_paid_content":false,"footnotes":""},"categories":[49,14,46,22],"tags":[],"class_list":["post-1574","post","type-post","status-publish","format-standard","hentry","category-aufklaerung","category-aktivitaeten-des-dfv-berlin","category-freidenker-im-gespraech","category-friedensaktionen"],"jetpack_featured_media_url":"","jetpack_shortlink":"https:\/\/wp.me\/sy5dN-absage","jetpack_sharing_enabled":true,"_links":{"self":[{"href":"https:\/\/www.berlin.freidenker.org\/index.php?rest_route=\/wp\/v2\/posts\/1574","targetHints":{"allow":["GET"]}}],"collection":[{"href":"https:\/\/www.berlin.freidenker.org\/index.php?rest_route=\/wp\/v2\/posts"}],"about":[{"href":"https:\/\/www.berlin.freidenker.org\/index.php?rest_route=\/wp\/v2\/types\/post"}],"author":[{"embeddable":true,"href":"https:\/\/www.berlin.freidenker.org\/index.php?rest_route=\/wp\/v2\/users\/4"}],"replies":[{"embeddable":true,"href":"https:\/\/www.berlin.freidenker.org\/index.php?rest_route=%2Fwp%2Fv2%2Fcomments&post=1574"}],"version-history":[{"count":3,"href":"https:\/\/www.berlin.freidenker.org\/index.php?rest_route=\/wp\/v2\/posts\/1574\/revisions"}],"predecessor-version":[{"id":1607,"href":"https:\/\/www.berlin.freidenker.org\/index.php?rest_route=\/wp\/v2\/posts\/1574\/revisions\/1607"}],"wp:attachment":[{"href":"https:\/\/www.berlin.freidenker.org\/index.php?rest_route=%2Fwp%2Fv2%2Fmedia&parent=1574"}],"wp:term":[{"taxonomy":"category","embeddable":true,"href":"https:\/\/www.berlin.freidenker.org\/index.php?rest_route=%2Fwp%2Fv2%2Fcategories&post=1574"},{"taxonomy":"post_tag","embeddable":true,"href":"https:\/\/www.berlin.freidenker.org\/index.php?rest_route=%2Fwp%2Fv2%2Ftags&post=1574"}],"curies":[{"name":"wp","href":"https:\/\/api.w.org\/{rel}","templated":true}]}}