{"id":1579,"date":"2016-03-05T02:45:08","date_gmt":"2016-03-05T00:45:08","guid":{"rendered":"http:\/\/www.berlin.freidenker.org\/?p=1579"},"modified":"2016-03-16T17:36:52","modified_gmt":"2016-03-16T15:36:52","slug":"mehr-als-eine-absage","status":"publish","type":"post","link":"https:\/\/www.berlin.freidenker.org\/?p=1579","title":{"rendered":"Mehr als eine Absage"},"content":{"rendered":"<p align=\"left\"><span style=\"font-family: 'Liberation Serif', serif;\"><span style=\"font-size: medium;\">D<\/span><\/span><span style=\"font-family: 'Liberation Serif', serif;\"><span style=\"font-size: medium;\">ie<\/span><\/span><span style=\"font-family: 'Liberation Serif', serif;\"><span style=\"font-size: medium;\">\u00a0am 3. M\u00e4rz ver\u00f6ffentlichte <a href=\"https:\/\/www.berlin.freidenker.org\/?p=1574\" target=\"_blank\">Absage des Leitungskollektivs der Berliner Freidenker<\/a> die <a href=\"https:\/\/www.berlin.freidenker.org\/?p=1599\" target=\"_blank\">\u00f6ffentliche Diskussion<\/a> betreffend, die mit Ken Jebsen zu dem Thema <\/span><\/span><strong><span style=\"color: #444444;\"><span style=\"font-family: 'Liberation Serif', serif;\"><span style=\"font-size: medium;\">\u201e<\/span><\/span><\/span><\/strong><strong><span style=\"color: #444444;\"><span style=\"font-family: 'Liberation Serif', serif;\"><span style=\"font-size: medium;\"><b>Die drohende Kriegsgefahr und was wir dagegen tun k\u00f6nnen\u201c<\/b><\/span><\/span><\/span><\/strong> <span style=\"font-family: 'Liberation Serif', serif;\"><span style=\"font-size: medium;\">gef\u00fchrt werden sollte, verlangt nach Begr\u00fcndung, Erl\u00e4uterungen und, wie wir meinen, auch Schlussfolgerungen.<\/span><\/span><\/p>\n<p align=\"left\"><span style=\"font-family: 'Liberation Serif', serif;\"><span style=\"font-size: medium;\">1. Unsere Absage ist nicht freiwillig erfolgt. Es sind keinerlei bisher unbekannte Argumente aufgetaucht, die uns zu neuen Einsichten verholfen und in der Folge zur \u00c4nderung unserer Position bewogen h\u00e4tten. Es ist in keiner Weise argumentiert worden, stattdessen wurde Druck aufgebaut.<\/span><\/span><\/p>\n<p align=\"left\"><span style=\"font-family: 'Liberation Serif', serif;\"><span style=\"font-size: medium;\">2. Der Druck wurde organisiert auf der bekannten Webseite \u201eindymedia\u201c. Das<a href=\"https:\/\/linksunten.indymedia.org\/de\/node\/170866\" target=\"_blank\"> Startposting<\/a> strapazierte <\/span><\/span><span style=\"font-family: 'Liberation Serif', serif;\"><span style=\"font-size: medium;\">reflexartig aber offenbar\u00a0<a href=\"http:\/\/www.freidenker.org\/cms\/dfv\/index.php?option=com_content&amp;view=article&amp;id=484:freidenker-brief-1-2016-fauler-querfront-zauber&amp;catid=54:antifaschismus-antirassismus-antiimperialismus-solidaritaet-frieden&amp;Itemid=72\" target=\"_blank\">frei von Sachkenntnis\u00a0<\/a>den Begriff \u201eQuerfront\u201c<\/span><\/span><span style=\"font-family: 'Liberation Serif', serif;\"><span style=\"font-size: medium;\">.\u00a0<\/span><\/span><span style=\"font-family: 'Liberation Serif', serif;\"><span style=\"font-size: medium;\">An dieses Posting schlossen sich 29 Kommentare an, 28 davon anonym. Aus der Anonymit\u00e4t heraus zu kommunizieren, genauer: Druck aufzubauen, gilt dort offensichtlich als normale Verhaltensweise.<\/span><\/span><\/p>\n<p align=\"left\"><span style=\"font-family: 'Liberation Serif', serif;\"><span style=\"font-size: medium;\">3. Wir standen vor der Frage, der angedrohten Verhinderung der Veranstaltung entgegen zu treten. Sicherheitsma\u00dfnahmen jedoch, die \u00fcblich sein m\u00f6gen, wenn ein Enkel etwa von Frau v. d. L. durch die Muskauer Strasse gefahren wird, hatten f\u00fcr uns keinen Reiz. Das eigentliche Ziel der Veranstaltung w\u00e4re im Tumult auf der Strecke geblieben. Ganz abgesehen von den Belastungen f\u00fcr unsere Mitglieder und G\u00e4ste.<\/span><\/span><\/p>\n<p align=\"left\"><span style=\"font-family: 'Liberation Serif', serif;\"><span style=\"font-size: medium;\">4. Am gro\u00dfen Thema und Ziel der nun abgesagten Veranstaltung halten wir gegen alle Widerst\u00e4nde mit aller Energie fest. Es sei hier noch einmal hervorgehoben:<\/span><\/span><\/p>\n<p align=\"left\"><strong><span style=\"color: #000000;\">\u201e<span style=\"font-family: 'Liberation Serif', serif;\"><span style=\"font-size: medium;\"><i>Thema: <\/i><\/span><\/span><\/span><\/strong><strong><span style=\"color: #000000;\"><span style=\"font-family: 'Liberation Serif', serif;\"><span style=\"font-size: medium;\"><i>\u201e<\/i><\/span><\/span><\/span><\/strong><strong><span style=\"color: #000000;\"><span style=\"font-family: 'Liberation Serif', serif;\"><span style=\"font-size: medium;\"><i><b>Die drohende Kriegsgefahr und was wir dagegen tun k\u00f6nnen\u201c<\/b><\/i><\/span><\/span><\/span><\/strong><\/p>\n<p align=\"left\"><strong><span style=\"color: #000000;\"><span style=\"font-family: 'Liberation Serif', serif;\"><span style=\"font-size: medium;\"><i><b>Diskussionsfragen: <\/b><\/i><\/span><\/span><\/span><\/strong><span style=\"color: #000000;\"><span style=\"font-family: 'Liberation Serif', serif;\"><span style=\"font-size: medium;\"><i>\u2013 \u201e<\/i><\/span><\/span><\/span><span style=\"color: #000000;\"><span style=\"font-family: 'Liberation Serif', serif;\"><span style=\"font-size: medium;\"><i>Grundlinien der US-amerikanisch-deutschen Mobilisierung gegen Russland\u201c <\/i><\/span><\/span><\/span><span style=\"color: #000000;\"><span style=\"font-family: 'Liberation Serif', serif;\"><span style=\"font-size: medium;\"><i>\u2013 \u201e<\/i><\/span><\/span><\/span><span style=\"color: #000000;\"><span style=\"font-family: 'Liberation Serif', serif;\"><span style=\"font-size: medium;\"><i>Wer, was, wo ist die deutsche Friedensbewegung?\u201c <\/i><\/span><\/span><\/span><span style=\"color: #000000;\"><span style=\"font-family: 'Liberation Serif', serif;\"><span style=\"font-size: medium;\"><i>\u2013 \u201e<\/i><\/span><\/span><\/span><span style=\"color: #000000;\"><span style=\"font-family: 'Liberation Serif', serif;\"><span style=\"font-size: medium;\"><i>Was k\u00f6nnen wir tun f\u00fcr den so notwendigen Aufschwung der Friedensbewegung?&#8220;<\/i><\/span><\/span><\/span><\/p>\n<p align=\"left\"><span style=\"color: #000000;\"><span style=\"font-family: 'Liberation Serif', serif;\"><span style=\"font-size: medium;\"><i>Alle unsere Diskussionen stellen wir in engen Zusammenhang mit den Aufruf:<\/i><\/span><\/span><\/span><\/p>\n<p align=\"left\"><a href=\"http:\/\/www.neinzurnato.de\/\" target=\"_blank\"><strong><span style=\"color: #000000;\">\u201e<\/span><\/strong><\/a><strong><span style=\"color: #000000;\"><span style=\"font-family: 'Liberation Serif', serif;\"><span style=\"font-size: medium;\"><i><b><a href=\"http:\/\/www.neinzurnato.de\/\" target=\"_blank\">Sagt NEIN, \u00e4chtet Aggressionen, bannt die Weltkriegsgefahr!\u201c<\/a> (Nein zur NATO) <\/b><\/i><\/span><\/span><\/span><\/strong><span style=\"color: #000000;\"><span style=\"font-family: 'Liberation Serif', serif;\"><span style=\"font-size: medium;\"><i>und de<\/i><\/span><\/span><\/span><span style=\"color: #000000;\"><span style=\"font-family: 'Liberation Serif', serif;\"><span style=\"font-size: medium;\"><i>n<\/i><\/span><\/span><\/span><span style=\"color: #000000;\"><span style=\"font-family: 'Liberation Serif', serif;\"><span style=\"font-size: medium;\"><i> dringenden Appell:<\/i><\/span><\/span><\/span><\/p>\n<p align=\"left\"><a href=\"http:\/\/multipolare-welt-gegen-krieg.org\/\" target=\"_blank\"><strong><span style=\"color: #000000;\">\u201e<\/span><\/strong><\/a><strong><span style=\"color: #000000;\"><span style=\"font-family: 'Liberation Serif', serif;\"><span style=\"font-size: medium;\"><i><b><a href=\"http:\/\/multipolare-welt-gegen-krieg.org\/\" target=\"_blank\">Multipolare Welt gegen Krieg\u201c<\/a>\u00a0<\/b><\/i><\/span><\/span><\/span><\/strong><span style=\"color: #000000;\"><i style=\"font-family: 'Liberation Serif', serif; font-size: medium;\">\u00a0<\/i><\/span><strong><span style=\"color: #000000;\"><span style=\"font-family: 'Liberation Serif', serif;\"><span style=\"font-size: medium;\"><i><b>(F\u00fcr eine multipolare Koalition des Friedens<\/b><\/i><\/span><\/span><\/span><\/strong><span style=\"color: #000000;\"><span style=\"font-family: 'Liberation Serif', serif;\"><span style=\"font-size: medium;\"><i>)<\/i><\/span><\/span><\/span><\/p>\n<p align=\"left\"><span style=\"color: #000000;\"><span style=\"font-family: 'Liberation Serif', serif;\"><span style=\"font-size: medium;\"><i>Wir w\u00fcnschen uns eine intensive, streitbare und <\/i><\/span><\/span><\/span><em><span style=\"color: #000000;\"><span style=\"font-family: 'Liberation Serif', serif;\"><span style=\"font-size: medium;\"><i>auf die praktische F\u00f6rderung der Friedensinitiativen <\/i><\/span><\/span><\/span><\/em><span style=\"color: #000000;\"><span style=\"font-family: 'Liberation Serif', serif;\"><span style=\"font-size: medium;\"><i>gerichtete Diskussion.\u201c<\/i><\/span><\/span><\/span><\/p>\n<p align=\"left\"><span style=\"font-family: 'Liberation Serif', serif;\"><span style=\"font-size: medium;\"><span style=\"color: #000000;\">5. Diese unsere politische und Diskussionsorientierung vor Augen, sollte sich keiner der <\/span><span style=\"color: #000000;\">a<\/span><span style=\"color: #000000;\">n<\/span><span style=\"color: #000000;\">onymen <\/span><span style=\"color: #000000;\">Eiferer (die sich \u201elinksunten\u201c sehen) <\/span><span style=\"color: #000000;\">nunmehr als Sieger f\u00fchlen. Sie <\/span><span style=\"color: #000000;\">m\u00f6gen glauben, <\/span><span style=\"color: #000000;\">f\u00fcr <\/span><span style=\"color: #000000;\">dies<\/span><span style=\"color: #000000;\">mal eine Diskussion verhindert <\/span><span style=\"color: #000000;\">zu haben<\/span><span style=\"color: #000000;\">, <\/span><span style=\"color: #000000;\">eine Diskussion, <\/span><span style=\"color: #000000;\">die sie eigentlich aus tiefstem Herzen begr\u00fc\u00dfen sollten. <\/span><span style=\"color: #000000;\">Ob der Eine oder\u00a0<\/span><span style=\"color: #000000;\">die Andere\u00a0<\/span><span style=\"color: #000000;\">bei<\/span><span style=\"color: #000000;\"> all <\/span><span style=\"color: #000000;\">d<\/span><span style=\"color: #000000;\">e<\/span><span style=\"color: #000000;\">m<\/span><span style=\"color: #000000;\">\u00a0k\u00e4mpferischen Gebaren<\/span><span style=\"color: #000000;\">\u00a0nicht einmal ein Gef\u00fchl von Leere oder gar Schw\u00e4che erlebt? <\/span><span style=\"color: #000000;\">Ein Gef\u00fchl, <\/span><span style=\"color: #000000;\">gegen das <\/span><span style=\"color: #000000;\">der ruhige <\/span><span style=\"color: #000000;\">Austausch mit vern\u00fcnftigen Menschen, die Linke sind <\/span><span style=\"color: #000000;\">oder<\/span><span style=\"color: #000000;\">\u00a0auch mit vern\u00fcnftigen Menschen, die keine Linken sind,<\/span><span style=\"color: #000000;\"><span style=\"font-family: 'Liberation Serif';\"> h<\/span><\/span><span style=\"color: #000000;\"><span style=\"font-family: 'Liberation Serif';\">i<\/span><\/span><span style=\"color: #000000;\"><span style=\"font-family: 'Liberation Serif';\">lf<\/span><\/span><span style=\"color: #000000;\"><span style=\"font-family: 'Liberation Serif';\">reich sein k\u00f6nnte<\/span><\/span><span style=\"color: #000000;\"><span style=\"font-family: 'Liberation Serif';\">? <\/span><\/span><\/span><\/span><\/p>\n<p align=\"left\"><span style=\"font-family: 'Liberation Serif', serif;\"><span style=\"font-size: medium;\"><span style=\"color: #000000;\">6. Wir meinen nicht, dass \u201eAn<\/span><span style=\"color: #000000;\">onyme<\/span><span style=\"color: #000000;\">\u201c und \u201eFreidenker\u201c Kanonen aufeinander richten sollten. (Wenn Spatzen das machen, haben Andere ihr Gaudi.) Wir sollten miteinander reden, je zeitiger, je offener, je \u00f6ffentlicher, umso besser. Wir haben <\/span><span style=\"color: #000000;\">oben<\/span><span style=\"color: #000000;\"> unseren Themenvorschlag noch einmal <\/span><span style=\"color: #000000;\">hervorgehoben<\/span><span style=\"color: #000000;\">. Wir sind aber auch f\u00fcr andere Themenvorschl\u00e4ge offen.<\/span><\/span><\/span><\/p>\n<p align=\"center\"><span style=\"color: #000000;\"><span style=\"font-family: 'Liberation Serif', serif;\"><span style=\"font-size: medium;\">Machen wir also aus der Absage mehr &#8211; ein Angebot, das sich auf die Zukunft richtet.<\/span><\/span><\/span><\/p>\n<p align=\"center\"><span style=\"color: #000000;\"><span style=\"font-family: 'Liberation Serif', serif;\"><span style=\"font-size: medium;\">Wir wollen doch alle Zukunft oder?<\/span><\/span><\/span><\/p>\n<p align=\"right\"><span style=\"color: #000000;\"><span style=\"font-family: 'Liberation Serif', serif;\"><span style=\"font-size: medium;\">Das Leitungskollektiv der Berliner Freidenker<\/span><\/span><\/span><\/p>\n","protected":false},"excerpt":{"rendered":"<p>Die\u00a0am 3. M\u00e4rz ver\u00f6ffentlichte Absage des Leitungskollektivs der Berliner Freidenker die \u00f6ffentliche Diskussion betreffend, die mit Ken Jebsen zu dem Thema \u201eDie drohende Kriegsgefahr und was wir dagegen tun k\u00f6nnen\u201c gef\u00fchrt werden sollte, verlangt nach Begr\u00fcndung, Erl\u00e4uterungen und, wie wir meinen, auch Schlussfolgerungen. 1. Unsere Absage ist nicht freiwillig erfolgt. Es sind keinerlei bisher unbekannte [&hellip;]<\/p>\n","protected":false},"author":4,"featured_media":0,"comment_status":"open","ping_status":"open","sticky":false,"template":"","format":"standard","meta":{"jetpack_post_was_ever_published":false,"_jetpack_newsletter_access":"","_jetpack_dont_email_post_to_subs":false,"_jetpack_newsletter_tier_id":0,"_jetpack_memberships_contains_paywalled_content":false,"_jetpack_memberships_contains_paid_content":false,"footnotes":""},"categories":[49,14,46,45,8],"tags":[],"class_list":["post-1579","post","type-post","status-publish","format-standard","hentry","category-aufklaerung","category-aktivitaeten-des-dfv-berlin","category-freidenker-im-gespraech","category-friedensbewegung","category-standpunkte"],"jetpack_featured_media_url":"","jetpack_shortlink":"https:\/\/wp.me\/py5dN-pt","jetpack_sharing_enabled":true,"_links":{"self":[{"href":"https:\/\/www.berlin.freidenker.org\/index.php?rest_route=\/wp\/v2\/posts\/1579","targetHints":{"allow":["GET"]}}],"collection":[{"href":"https:\/\/www.berlin.freidenker.org\/index.php?rest_route=\/wp\/v2\/posts"}],"about":[{"href":"https:\/\/www.berlin.freidenker.org\/index.php?rest_route=\/wp\/v2\/types\/post"}],"author":[{"embeddable":true,"href":"https:\/\/www.berlin.freidenker.org\/index.php?rest_route=\/wp\/v2\/users\/4"}],"replies":[{"embeddable":true,"href":"https:\/\/www.berlin.freidenker.org\/index.php?rest_route=%2Fwp%2Fv2%2Fcomments&post=1579"}],"version-history":[{"count":19,"href":"https:\/\/www.berlin.freidenker.org\/index.php?rest_route=\/wp\/v2\/posts\/1579\/revisions"}],"predecessor-version":[{"id":1582,"href":"https:\/\/www.berlin.freidenker.org\/index.php?rest_route=\/wp\/v2\/posts\/1579\/revisions\/1582"}],"wp:attachment":[{"href":"https:\/\/www.berlin.freidenker.org\/index.php?rest_route=%2Fwp%2Fv2%2Fmedia&parent=1579"}],"wp:term":[{"taxonomy":"category","embeddable":true,"href":"https:\/\/www.berlin.freidenker.org\/index.php?rest_route=%2Fwp%2Fv2%2Fcategories&post=1579"},{"taxonomy":"post_tag","embeddable":true,"href":"https:\/\/www.berlin.freidenker.org\/index.php?rest_route=%2Fwp%2Fv2%2Ftags&post=1579"}],"curies":[{"name":"wp","href":"https:\/\/api.w.org\/{rel}","templated":true}]}}