{"id":1599,"date":"2016-03-06T18:04:25","date_gmt":"2016-03-06T16:04:25","guid":{"rendered":"http:\/\/www.berlin.freidenker.org\/?p=1599"},"modified":"2016-03-07T19:40:58","modified_gmt":"2016-03-07T17:40:58","slug":"dokumentiert-oeffentliche-antikriegsveranstaltung-mit-ken-jebsen-in-berlin-kreuzberg","status":"publish","type":"post","link":"https:\/\/www.berlin.freidenker.org\/?p=1599","title":{"rendered":"Dokumentiert: \u00d6ffentliche Antikriegsveranstaltung mit Ken Jebsen in Berlin-Kreuzberg"},"content":{"rendered":"<p>Bekanntlich haben wir eine f\u00fcr den 9.3. 2016 geplante \u00f6ffentliche Antikriegsveranstaltung in Berlin mit Ken Jebsen abgesagt.<a href=\"https:\/\/www.berlin.freidenker.org\/?p=1579\" target=\"_blank\"> Hier <\/a>wurden dazu erl\u00e4uternde Informationen gegeben. Mit R\u00fccksicht auf Drohungen gegen Dritte hatten wir den damaligen Einladungstext vom 25.2. 2016 offline gestellt.<\/p>\n<p>Inzwischen stellen wir fest, dass sich viele Au\u00dfenstehende f\u00fcr den Vorgang interessieren und Viele ihre Solidarit\u00e4t mit den Freidenkern und mit Ken Jebsen ausdr\u00fccken, z. B. <a href=\"https:\/\/www.facebook.com\/susan.bonath\/posts\/974036835999003\" target=\"_blank\">hier<\/a>,<a href=\"http:\/\/www.barth-engelbart.de\/?p=104696\" target=\"_blank\"> hier<\/a>\u00a0oder <a href=\"https:\/\/kenfm.de\/transatlantifa-droht-antifaschisten\/\" target=\"_blank\">hier<\/a>.<\/p>\n<p>Um diesen GANZEN Vorgang, der ja <strong>Teil unserer Antikriegsaktivit\u00e4ten<\/strong>\u00a0ist (<strong>die damit keineswegs zu Ende sind!<\/strong>) f\u00fcr jede\/jeden Au\u00dfenstehende\/n verst\u00e4ndlich zu machen, stellen wir hiermit den urspr\u00fcnglichen Einladungstext zu Dokumentationszwecken wieder online. Der Text ist aus dem oben erw\u00e4hnten Grund um einige wenige, nicht sinntragende W\u00f6rter gek\u00fcrzt. Die Auslassungen sind mit &#8222;&#8230;&#8220; gekennzeichnet.<\/p>\n<p><em>Wir m\u00f6chten es nicht vers\u00e4umen, uns bei den Kreuzbergern (und den anderen &#8222;Neuen&#8220;), die sich zur Veranstaltung mit Name und Adresse angemeldet hatten, f\u00fcr ihr Interesse zu bedanken. Vielleicht k\u00f6nnen wir ihnen \u00a0schon zum Ende der kommenden Woche ein neues Angebot machen. \ud83d\ude09<\/em><\/p>\n<p style=\"text-align: right;\">Das Leitungskollektiv der Berliner Freidenker<\/p>\n<p style=\"text-align: center;\">&#8212;&#8212;&#8212;&#8212;&#8212;&#8212;&#8212;&#8212;&#8212;&#8212;&#8212;&#8212;&#8212;&#8212;&#8212;&#8212;&#8212;&#8212;&#8212;&#8212;&#8212;&#8212;&#8212;&#8212;&#8212;&#8212;&#8212;&#8212;&#8212;&#8212;&#8212;-<\/p>\n<p class=\"western\" style=\"text-align: center;\"><strong>09.03.2016 \u2013 \u201eBerliner Runde \u2013 Freidenker im Gespr\u00e4ch\u201c<\/strong><\/p>\n<p class=\"western\" style=\"text-align: center;\">Liebe Freidenkerin, lieber Freidenker, liebe Freunde,<\/p>\n<p class=\"western\" style=\"text-align: center;\">wir laden ein zu unserer n\u00e4chsten<\/p>\n<p class=\"western\" style=\"text-align: center;\">\u201e<strong><b>Berliner Runde \u2013 Freidenker im Gespr\u00e4ch<\/b><\/strong>\u201c<\/p>\n<p class=\"western\" style=\"text-align: center;\">am <strong><b>Mittwoch, den 9. M\u00e4rz 2016, 18.00 Uhr<\/b><\/strong><\/p>\n<p class=\"western\" style=\"text-align: center;\" align=\"left\">&#8230;<\/p>\n<p class=\"western\" style=\"text-align: center;\"><strong><span style=\"color: #333333;\">\u201e<span style=\"font-family: Arial, serif;\"><span style=\"font-size: medium;\"><b>Die drohende Kriegsgefahr und was wir dagegen tun k\u00f6nnen\u201c<\/b><\/span><\/span><\/span><\/strong><\/p>\n<p class=\"western\" style=\"text-align: center;\"><strong><span style=\"color: #333333;\"><span style=\"font-family: Arial, serif;\"><span style=\"font-size: small;\"><b>Referent und Diskussionspartner: Ken Jebsen<br \/>\nModeration: Daniel Becker, Dr. Klaus-Peter Kurch<\/b><\/span><\/span><\/span><\/strong><\/p>\n<p class=\"western\" style=\"text-align: center;\"><strong><span style=\"color: #333333;\"><span style=\"font-family: Arial, serif;\"><span style=\"font-size: small;\"><b>.<\/b><\/span><\/span><\/span><\/strong><\/p>\n<p class=\"western\" style=\"text-align: left;\"><span style=\"color: #333333;\"><span style=\"font-family: Arial, serif;\"><span style=\"font-size: small;\">Ken Jebsen wird kein umfassendes Referat halten, sondern eher Probleme f\u00fcr die Diskussion anrei\u00dfen, etwa zu diesen Fragen:<\/span><\/span><\/span><\/p>\n<p class=\"western\" style=\"text-align: left;\"><span style=\"color: #333333;\"><span style=\"font-family: Arial, serif;\"><span style=\"font-size: small;\">&#8211; \u201eGrundlinien der US-amerikanisch-deutschen Mobilisierung gegen Russland&#8220;<\/span><\/span><\/span><\/p>\n<p class=\"western\" style=\"text-align: left;\"><span style=\"color: #333333;\"><span style=\"font-family: Arial, serif;\"><span style=\"font-size: small;\">&#8211; &#8222;Wer, was, wo ist die deutsche Friedensbewegung?&#8220;<\/span><\/span><\/span><\/p>\n<p class=\"western\"><span style=\"color: #333333;\"><span style=\"font-family: Arial, serif;\"><span style=\"font-size: small;\">&#8211; &#8222;Was k\u00f6nnen wir tun f\u00fcr den so notwendigen Aufschwung der Friedensbewegung?<\/span><\/span><\/span><span style=\"color: #333333;\"><span style=\"font-family: Arial, serif;\"><span style=\"font-size: small;\">.<\/span><\/span><\/span><\/p>\n<p class=\"western\"><span style=\"color: #333333;\"><span style=\"font-family: Arial, serif;\"><span style=\"font-size: small;\">Diese unsere thematischen Interessen stehen in engem Zusammenhang mit dem Aufruf:<\/span><\/span><\/span><\/p>\n<p class=\"western\"><strong><span style=\"color: #333333;\">\u201e<\/span><\/strong><strong><span style=\"color: #333333;\"><span style=\"font-family: Arial, serif;\"><span style=\"font-size: medium;\"><b>S<\/b><\/span><\/span><\/span><\/strong><strong><span style=\"color: #000000;\"><span style=\"font-family: Arial, serif;\"><span style=\"font-size: medium;\"><b>agt NEIN, \u00e4chtet Aggressionen, bannt die Weltkriegsgefahr!\u201c <\/b><\/span><\/span><\/span><\/strong><strong><span style=\"color: #333333;\"><span style=\"font-family: Arial, serif;\"><span style=\"font-size: medium;\"><b>(<a href=\"http:\/\/www.neinzurnato.de\/\" target=\"_blank\">Nein zur NATO<\/a>)\u00a0<\/b><\/span><\/span><\/span><\/strong><span style=\"color: #333333;\"><span style=\"font-family: Arial, serif;\"><span style=\"font-size: small;\">und dem dringenden Appell:<\/span><\/span><\/span><\/p>\n<p class=\"western\"><strong><span style=\"color: #000000;\">\u201e<\/span><\/strong><span style=\"font-size: medium;\"><strong><span style=\"color: #000000;\"><span style=\"font-family: Arial, serif;\"><b>Multipolare Welt gegen Krieg\u201c<\/b><\/span><\/span><\/strong><span style=\"color: #333333;\"><span style=\"font-family: Arial, serif;\">\u00a0<\/span><\/span><strong><span style=\"color: #333333;\"><span style=\"font-family: Arial, serif;\"><b>(<a href=\"http:\/\/multipolare-welt-gegen-krieg.org\/\">F\u00fcr eine multipolare Koalition des Friedens<\/a><\/b><\/span><\/span><\/strong><a href=\"http:\/\/multipolare-welt-gegen-krieg.org\/\"><span style=\"color: #333333;\"><span style=\"font-family: Arial, serif;\">)<\/span><\/span><\/a><\/span><\/p>\n<p class=\"western\" style=\"text-align: left;\"><span style=\"color: #333333;\"><span style=\"font-family: Arial, serif;\"><span style=\"font-size: small;\">Wir w\u00fcnschen uns eine intensive, streitbare und<\/span><\/span><\/span><em><span style=\"color: #333333;\"><span style=\"font-family: Arial, serif;\"><span style=\"font-size: small;\">\u00a0auf die praktische F\u00f6rderung der Friedensinitiativen<\/span><\/span><\/span><\/em><span style=\"color: #333333;\"><span style=\"font-family: Arial, serif;\"><span style=\"font-size: small;\">\u00a0gerichtete Diskussion.<\/span><\/span><\/span><\/p>\n<p class=\"western\"><span style=\"color: #333333;\"><span style=\"font-family: Arial, serif;\"><span style=\"font-size: small;\">Es er\u00fcbrigt sich, unserer Meinung nach,\u00a0Ken Jebsen im Rahmen dieser Einladung vorzustellen. Wir verweisen jedoch auf problemorientierte Beitr\u00e4ge wie <a href=\"https:\/\/www.berlin.freidenker.org\/?p=1530\">diesen<\/a> oder <a href=\"https:\/\/www.berlin.freidenker.org\/?p=1542\">diesen<\/a> auf unserer Webseite und gegebenenfalls weitere, die in den n\u00e4chsten Tagen erscheinen. Selbstverst\u00e4ndlich steht die Webseite f\u00fcr Meinungs\u00e4u\u00dferungen offen.<\/span><\/span><\/span><\/p>\n<p class=\"western\" style=\"text-align: left;\"><span style=\"color: #444444;\"><span style=\"font-family: Arial, serif;\"><span style=\"font-size: small;\">Mit solidarischen Gr\u00fc\u00dfen<\/span><\/span><\/span><\/p>\n<p class=\"western\"><span style=\"color: #333333;\"><span style=\"font-family: Arial, serif;\"><span style=\"font-size: small;\">Daniel Becker, Klaus-Peter Kurch<\/span><\/span><\/span><\/p>\n<p class=\"western\"><span style=\"color: #333333;\"><span style=\"font-family: Arial, serif;\"><span style=\"font-size: small;\">im Auftrag des Leitungskollektivs<\/span><\/span><\/span><span style=\"color: #333333;\"><span style=\"font-family: Arial, serif;\"><span style=\"font-size: small;\">.<\/span><\/span><\/span><\/p>\n<p class=\"western\" style=\"text-align: center;\">&#8212;&#8212;&#8212;&#8212;&#8212;&#8212;&#8212;&#8212;&#8212;&#8212;&#8212;&#8212;&#8212;&#8212;&#8212;&#8212;-<\/p>\n<p class=\"western\"><span style=\"color: #333333;\"><span style=\"font-family: Arial, serif;\"><span style=\"font-size: small;\">&#8230;\u00a0Da die Veranstaltung im Rahmen unserer Freidenker-Gespr\u00e4chsreihe stattfindet, wird jedem unserer Mitglieder und regelm\u00e4\u00dfigen TeilnehmerInnen ein Sitzplatz garantiert. Dar\u00fcber hinaus sind interessierte G\u00e4ste willkommen! Wir bitten aber in Anbetracht der begrenzten Platzzahl um <a href=\"https:\/\/www.berlin.freidenker.org\/?page_id=1500\" target=\"_blank\">rechtzeitige Anmeldung<\/a>\u00a0(bitte mit Tel.Nr. f\u00fcr etwaigen R\u00fcckruf). &#8230;<\/span><\/span><\/span><\/p>\n","protected":false},"excerpt":{"rendered":"<p>Bekanntlich haben wir eine f\u00fcr den 9.3. 2016 geplante \u00f6ffentliche Antikriegsveranstaltung in Berlin mit Ken Jebsen abgesagt. Hier wurden dazu erl\u00e4uternde Informationen gegeben. Mit R\u00fccksicht auf Drohungen gegen Dritte hatten wir den damaligen Einladungstext vom 25.2. 2016 offline gestellt. Inzwischen stellen wir fest, dass sich viele Au\u00dfenstehende f\u00fcr den Vorgang interessieren und Viele ihre Solidarit\u00e4t [&hellip;]<\/p>\n","protected":false},"author":4,"featured_media":0,"comment_status":"open","ping_status":"open","sticky":false,"template":"","format":"standard","meta":{"jetpack_post_was_ever_published":false,"_jetpack_newsletter_access":"","_jetpack_dont_email_post_to_subs":false,"_jetpack_newsletter_tier_id":0,"_jetpack_memberships_contains_paywalled_content":false,"_jetpack_memberships_contains_paid_content":false,"footnotes":""},"categories":[49,14,46,22,45,8,13],"tags":[59,41],"class_list":["post-1599","post","type-post","status-publish","format-standard","hentry","category-aufklaerung","category-aktivitaeten-des-dfv-berlin","category-freidenker-im-gespraech","category-friedensaktionen","category-friedensbewegung","category-standpunkte","category-veranstaltungen","tag-freidenker","tag-ken-jebsen"],"jetpack_featured_media_url":"","jetpack_shortlink":"https:\/\/wp.me\/py5dN-pN","jetpack_sharing_enabled":true,"_links":{"self":[{"href":"https:\/\/www.berlin.freidenker.org\/index.php?rest_route=\/wp\/v2\/posts\/1599","targetHints":{"allow":["GET"]}}],"collection":[{"href":"https:\/\/www.berlin.freidenker.org\/index.php?rest_route=\/wp\/v2\/posts"}],"about":[{"href":"https:\/\/www.berlin.freidenker.org\/index.php?rest_route=\/wp\/v2\/types\/post"}],"author":[{"embeddable":true,"href":"https:\/\/www.berlin.freidenker.org\/index.php?rest_route=\/wp\/v2\/users\/4"}],"replies":[{"embeddable":true,"href":"https:\/\/www.berlin.freidenker.org\/index.php?rest_route=%2Fwp%2Fv2%2Fcomments&post=1599"}],"version-history":[{"count":9,"href":"https:\/\/www.berlin.freidenker.org\/index.php?rest_route=\/wp\/v2\/posts\/1599\/revisions"}],"predecessor-version":[{"id":1633,"href":"https:\/\/www.berlin.freidenker.org\/index.php?rest_route=\/wp\/v2\/posts\/1599\/revisions\/1633"}],"wp:attachment":[{"href":"https:\/\/www.berlin.freidenker.org\/index.php?rest_route=%2Fwp%2Fv2%2Fmedia&parent=1599"}],"wp:term":[{"taxonomy":"category","embeddable":true,"href":"https:\/\/www.berlin.freidenker.org\/index.php?rest_route=%2Fwp%2Fv2%2Fcategories&post=1599"},{"taxonomy":"post_tag","embeddable":true,"href":"https:\/\/www.berlin.freidenker.org\/index.php?rest_route=%2Fwp%2Fv2%2Ftags&post=1599"}],"curies":[{"name":"wp","href":"https:\/\/api.w.org\/{rel}","templated":true}]}}