{"id":1629,"date":"2016-03-08T11:54:59","date_gmt":"2016-03-08T09:54:59","guid":{"rendered":"http:\/\/www.berlin.freidenker.org\/?p=1629"},"modified":"2016-03-13T09:51:13","modified_gmt":"2016-03-13T07:51:13","slug":"16-3-2016-berliner-runde-freidenker-im-gespraech","status":"publish","type":"post","link":"https:\/\/www.berlin.freidenker.org\/?p=1629","title":{"rendered":"16.3.2016 \u2013 \u201eBerliner Runde \u2013 Freidenker im Gespr\u00e4ch\u201c"},"content":{"rendered":"<p style=\"text-align: center;\"><span class=\"tm6\">Liebe Freidenkerin, lieber Freidenker, liebe Freunde,<\/span><\/p>\n<p class=\"Normal tm5\" style=\"text-align: center;\"><span class=\"tm6\">wir laden ein zu unserer n\u00e4chsten \u00f6ffentlichen<\/span><\/p>\n<p class=\"Normal tm5\" style=\"text-align: center;\"><strong><span class=\"tm6\">\u201eBerliner Runde \u2013 Freidenker im Gespr\u00e4ch\u201c<\/span><\/strong><\/p>\n<p class=\"Normal tm5\" style=\"text-align: center;\"><span class=\"tm6\">am <\/span><strong><span class=\"tm7\">Mittwoch, den 16. M\u00e4rz 2016, 18.00 Uhr<\/span><\/strong><\/p>\n<p class=\"Normal tm5\" style=\"text-align: center;\"><span class=\"tm8\">im B\u00fcrogeb\u00e4ude\u00a0<\/span><span class=\"tm8\">Franz-Mehring-Platz 1, 10243 Berlin-Friedrichshain,\u00a0<\/span><span class=\"tm8\">Raum 341<\/span><\/p>\n<p class=\"Normal tm5\" style=\"text-align: center;\"><strong><span style=\"color: #333333;\">\u201e<span style=\"font-family: Arial, serif;\"><span style=\"font-size: medium;\"><b>Die drohende Kriegsgefahr und was wir dagegen tun k\u00f6nnen\u201c<\/b><\/span><\/span><\/span><\/strong><\/p>\n<p class=\"Normal\" style=\"text-align: center;\"><strong><span style=\"color: #333333;\"><span style=\"font-family: Arial, serif;\"><span style=\"font-size: small;\"><b>Moderation: Daniel Becker, Dr. Klaus-Peter Kurch<\/b><\/span><\/span><\/span><\/strong><\/p>\n<p class=\"Normal\" style=\"text-align: center;\">.<\/p>\n<p class=\"western\" style=\"text-align: left;\"><span style=\"color: #333333;\"><span style=\"font-family: Arial, serif;\"><span style=\"font-size: small;\">Da das Treffen mit Ken Jebsen bereits am 9.3. stattgefunden hat, er also nicht anwesend sein wird und auch kein Referat vorgesehen ist, werden wir uns ganz auf die Diskussion konzentrieren. Wir sind optimistisch, dass es mehrere interessante Beitr\u00e4ge zur Einf\u00fchrung in die Diskussion gibt. Wir wollen uns u. a. mit diesen Fragen besch\u00e4ftigen:<\/span><\/span><\/span><\/p>\n<p class=\"western\" style=\"text-align: left;\"><span style=\"color: #333333;\"><span style=\"font-family: Arial, serif;\"><span style=\"font-size: small;\">&#8211; \u201eGrundlinien der US-amerikanisch-deutschen Mobilisierung gegen Russland&#8220;<\/span><\/span><\/span><\/p>\n<p class=\"western\" style=\"text-align: left;\"><span style=\"color: #333333;\"><span style=\"font-family: Arial, serif;\"><span style=\"font-size: small;\">&#8211; &#8222;Wer, was, wo ist die deutsche Friedensbewegung?&#8220;<\/span><\/span><\/span><\/p>\n<p class=\"western\"><span style=\"color: #333333;\"><span style=\"font-family: Arial, serif;\"><span style=\"font-size: small;\">&#8211; &#8222;Was k\u00f6nnen wir tun f\u00fcr den so notwendigen Aufschwung der Friedensbewegung?<\/span><\/span><\/span><span style=\"color: #333333;\"><span style=\"font-family: Arial, serif;\"><span style=\"font-size: small;\">.<\/span><\/span><\/span><\/p>\n<p class=\"western\"><span style=\"color: #333333;\"><span style=\"font-family: Arial, serif;\"><span style=\"font-size: small;\">Diese unsere thematischen Interessen stehen in engem Zusammenhang mit dem Aufruf:<\/span><\/span><\/span><\/p>\n<p class=\"western\"><strong><span style=\"color: #333333;\">\u201e<\/span><\/strong><strong><span style=\"color: #333333;\"><span style=\"font-family: Arial, serif;\"><span style=\"font-size: medium;\"><b>S<\/b><\/span><\/span><\/span><\/strong><strong><span style=\"color: #000000;\"><span style=\"font-family: Arial, serif;\"><span style=\"font-size: medium;\"><b>agt NEIN, \u00e4chtet Aggressionen, bannt die Weltkriegsgefahr!\u201c <\/b><\/span><\/span><\/span><\/strong><strong><span style=\"color: #333333;\"><span style=\"font-family: Arial, serif;\"><span style=\"font-size: medium;\"><b>(<a href=\"http:\/\/www.neinzurnato.de\/\" target=\"_blank\">Nein zur NATO<\/a>)\u00a0<\/b><\/span><\/span><\/span><\/strong><span style=\"color: #333333;\"><span style=\"font-family: Arial, serif;\"><span style=\"font-size: small;\">und dem dringenden Appell:<\/span><\/span><\/span><\/p>\n<p class=\"western\"><strong><span style=\"color: #000000;\">\u201e<\/span><\/strong><span style=\"font-size: medium;\"><strong><span style=\"color: #000000;\"><span style=\"font-family: Arial, serif;\"><b>Multipolare Welt gegen Krieg\u201c<\/b><\/span><\/span><\/strong><span style=\"color: #333333;\"><span style=\"font-family: Arial, serif;\">\u00a0<\/span><\/span><strong><span style=\"color: #333333;\"><span style=\"font-family: Arial, serif;\"><b>(<a href=\"http:\/\/multipolare-welt-gegen-krieg.org\/\">F\u00fcr eine multipolare Koalition des Friedens<\/a><\/b><\/span><\/span><\/strong><a href=\"http:\/\/multipolare-welt-gegen-krieg.org\/\"><span style=\"color: #333333;\"><span style=\"font-family: Arial, serif;\">)<\/span><\/span><\/a><\/span><\/p>\n<p class=\"western\" style=\"text-align: left;\"><span style=\"color: #333333;\"><span style=\"font-family: Arial, serif;\"><span style=\"font-size: small;\">Wir w\u00fcnschen uns eine freie und sachbezogene, intensive, streitbare Diskussion. Doch Streit ist kein Selbstzweck.\u00a0<\/span><\/span><\/span><span style=\"color: #333333;\"><span style=\"font-family: Arial, serif;\"><span style=\"font-size: small;\">Unsere Diskussion, zumal zehn Tage vor dem Ostermarsch 2016, ist\u00a0<\/span><\/span><\/span><em><span style=\"color: #333333;\"><span style=\"font-family: Arial, serif;\"><span style=\"font-size: small;\">auf die praktische F\u00f6rderung der Friedensinitiativen<\/span><\/span><\/span><\/em><span style=\"color: #333333;\"><span style=\"font-family: Arial, serif;\"><span style=\"font-size: small;\">\u00a0gerichtet. <\/span><\/span><\/span><\/p>\n<p class=\"western\" style=\"text-align: left;\"><span style=\"color: #333333;\"><span style=\"font-family: Arial, serif;\"><span style=\"font-size: small;\">Ideen, Vorschl\u00e4ge, Initiativen zum 26. M\u00e4rz 2016, zur Vorbereitung und Mitgestaltung des Berliner Ostermarsches sind willkommen. Und nat\u00fcrlich <\/span><\/span><\/span><span style=\"color: #333333;\"><span style=\"font-family: Arial, serif;\"><span style=\"font-size: small;\">steht diese Webseite f\u00fcr Meinungs\u00e4u\u00dferungen offen.<\/span><\/span><\/span><\/p>\n<p class=\"western\" style=\"text-align: left;\"><span style=\"color: #444444;\"><span style=\"font-family: Arial, serif;\"><span style=\"font-size: small;\">Mit solidarischen Gr\u00fc\u00dfen<\/span><\/span><\/span><\/p>\n<p class=\"Normal\" style=\"text-align: right;\"><strong><span class=\"tm14\">Leitungskollektiv der Berliner Freidenker<\/span><\/strong><\/p>\n<p class=\"Normal\">\n","protected":false},"excerpt":{"rendered":"<p>Liebe Freidenkerin, lieber Freidenker, liebe Freunde, wir laden ein zu unserer n\u00e4chsten \u00f6ffentlichen \u201eBerliner Runde \u2013 Freidenker im Gespr\u00e4ch\u201c am Mittwoch, den 16. M\u00e4rz 2016, 18.00 Uhr im B\u00fcrogeb\u00e4ude\u00a0Franz-Mehring-Platz 1, 10243 Berlin-Friedrichshain,\u00a0Raum 341 \u201eDie drohende Kriegsgefahr und was wir dagegen tun k\u00f6nnen\u201c Moderation: Daniel Becker, Dr. Klaus-Peter Kurch . Da das Treffen mit Ken Jebsen [&hellip;]<\/p>\n","protected":false},"author":4,"featured_media":0,"comment_status":"open","ping_status":"open","sticky":false,"template":"","format":"standard","meta":{"jetpack_post_was_ever_published":false,"_jetpack_newsletter_access":"","_jetpack_dont_email_post_to_subs":false,"_jetpack_newsletter_tier_id":0,"_jetpack_memberships_contains_paywalled_content":false,"_jetpack_memberships_contains_paid_content":false,"footnotes":""},"categories":[14,46,22,13],"tags":[61],"class_list":["post-1629","post","type-post","status-publish","format-standard","hentry","category-aktivitaeten-des-dfv-berlin","category-freidenker-im-gespraech","category-friedensaktionen","category-veranstaltungen","tag-nein-zur-nato"],"jetpack_featured_media_url":"","jetpack_shortlink":"https:\/\/wp.me\/py5dN-qh","jetpack_sharing_enabled":true,"_links":{"self":[{"href":"https:\/\/www.berlin.freidenker.org\/index.php?rest_route=\/wp\/v2\/posts\/1629","targetHints":{"allow":["GET"]}}],"collection":[{"href":"https:\/\/www.berlin.freidenker.org\/index.php?rest_route=\/wp\/v2\/posts"}],"about":[{"href":"https:\/\/www.berlin.freidenker.org\/index.php?rest_route=\/wp\/v2\/types\/post"}],"author":[{"embeddable":true,"href":"https:\/\/www.berlin.freidenker.org\/index.php?rest_route=\/wp\/v2\/users\/4"}],"replies":[{"embeddable":true,"href":"https:\/\/www.berlin.freidenker.org\/index.php?rest_route=%2Fwp%2Fv2%2Fcomments&post=1629"}],"version-history":[{"count":10,"href":"https:\/\/www.berlin.freidenker.org\/index.php?rest_route=\/wp\/v2\/posts\/1629\/revisions"}],"predecessor-version":[{"id":1696,"href":"https:\/\/www.berlin.freidenker.org\/index.php?rest_route=\/wp\/v2\/posts\/1629\/revisions\/1696"}],"wp:attachment":[{"href":"https:\/\/www.berlin.freidenker.org\/index.php?rest_route=%2Fwp%2Fv2%2Fmedia&parent=1629"}],"wp:term":[{"taxonomy":"category","embeddable":true,"href":"https:\/\/www.berlin.freidenker.org\/index.php?rest_route=%2Fwp%2Fv2%2Fcategories&post=1629"},{"taxonomy":"post_tag","embeddable":true,"href":"https:\/\/www.berlin.freidenker.org\/index.php?rest_route=%2Fwp%2Fv2%2Ftags&post=1629"}],"curies":[{"name":"wp","href":"https:\/\/api.w.org\/{rel}","templated":true}]}}