{"id":1659,"date":"2016-03-10T10:23:13","date_gmt":"2016-03-10T08:23:13","guid":{"rendered":"http:\/\/www.berlin.freidenker.org\/?p=1659"},"modified":"2016-03-10T10:23:45","modified_gmt":"2016-03-10T08:23:45","slug":"war-das-nun-quer-oder-schraeg-oder-ein-gewalttaetiges-propagandastaccato","status":"publish","type":"post","link":"https:\/\/www.berlin.freidenker.org\/?p=1659","title":{"rendered":"War das nun quer oder schr\u00e4g oder ein gewaltt\u00e4tiges Propagandastaccato?"},"content":{"rendered":"<p>War es die Show des &#8222;Eintags\u00fcberfliegers&#8220;, der gelegentlich mal nichts Falsches sagt, wie ein selbsternannter <a href=\"http:\/\/www.nrhz.de\/flyer\/beitrag.php?id=22547\" target=\"_blank\">Schlichter<\/a>\u00a0verlautbarte?<\/p>\n<p>Wurde da der Pappkamerad aufgestellt, gegen den anonyme Indymedianer (sorgf\u00e4ltig eingewiesen, beaufsichtigt und ma\u00dfvoll belobigt von ihrem,\u00a0<a href=\"https:\/\/linksunten.indymedia.org\/de\/node\/170866#comment-180945\" target=\"_blank\">na meinetwegen<\/a>, anonymen &#8222;back officer&#8220;) mit jugendlichem Schneid ihre stumpfen S\u00e4bel schwangen?<\/p>\n<p>War da irgendsoein &#8222;ich wei\u00df nicht was&#8220;, den mensch eigentlich ganz gut findet (im Vertrauen gesagt: pst, eigentlich toll findet), neben dem mensch aber keinesfalls gesehen werden m\u00f6chte (weil mensch\u00a0POLITISCHE\u00a0VERANTWORTUNG tr\u00e4gt).<\/p>\n<p>Welche Verwirrung! Da sprach ein GeheimdienstlerInnenabk\u00f6mmling, der im Abk\u00f6mmling des GeheimdienstlerInnenopfers den Verb\u00fcndeten fand. Doch darum ging es nur am Rande.<\/p>\n<p>Einfach so: Gestern Abend stellte sich Ken Jebsen (<a href=\"https:\/\/www.berlin.freidenker.org\/?p=1599\" target=\"_blank\">geplant war es<\/a>) den Berliner Freidenkern und ihren G\u00e4sten zum Gespr\u00e4ch &#8211; dar\u00fcber, was freies Denken ist und wie es zu einem Aufschwung der Friedensbewegung beitragen kann.<\/p>\n<p>Da waren drei Stunden viel zu kurz. Die 25 Teilnehmer h\u00e4tten es leicht auf 100 Wortmeldungen gebracht.<\/p>\n<p>Alle erlebten, dass leidenschaftliche politische Aufkl\u00e4rung befreit, dass sie sch\u00f6n macht, dass Meinungsstreit und br\u00fcderlicher, pardon geschwisterlicher, Geist zusammen geh\u00f6ren, dass da, wo Menschen einander aufmerksam zuh\u00f6ren, wenig Platz f\u00fcr Inhaber ewiger Wahrheiten ist.<\/p>\n<p>Es wurden Vorschl\u00e4ge gemacht. Es wurden Vorschl\u00e4ge angenommen (meinte das der arme <a href=\"https:\/\/www.uibk.ac.at\/literaturhaus\/slh\/pdf_lesebuch\/6-bertolt-brecht.pdf\" target=\"_blank\">b b<\/a>?).<\/p>\n<p>Alle gemeinsam blieben so tief verschiedener Meinung. Und nirgends ein Abgrund. Und soviel neue Lust auf neue Gespr\u00e4che. Und soviel fr\u00f6hliche Gesichter auf dem Bild. Und Platz f\u00fcr mehr Gesichter.<\/p>\n<p>Her mit dem Bild!<\/p>\n","protected":false},"excerpt":{"rendered":"<p>War es die Show des &#8222;Eintags\u00fcberfliegers&#8220;, der gelegentlich mal nichts Falsches sagt, wie ein selbsternannter Schlichter\u00a0verlautbarte? Wurde da der Pappkamerad aufgestellt, gegen den anonyme Indymedianer (sorgf\u00e4ltig eingewiesen, beaufsichtigt und ma\u00dfvoll belobigt von ihrem,\u00a0na meinetwegen, anonymen &#8222;back officer&#8220;) mit jugendlichem Schneid ihre stumpfen S\u00e4bel schwangen? War da irgendsoein &#8222;ich wei\u00df nicht was&#8220;, den mensch eigentlich ganz [&hellip;]<\/p>\n","protected":false},"author":4,"featured_media":0,"comment_status":"open","ping_status":"open","sticky":false,"template":"","format":"standard","meta":{"jetpack_post_was_ever_published":false,"_jetpack_newsletter_access":"","_jetpack_dont_email_post_to_subs":false,"_jetpack_newsletter_tier_id":0,"_jetpack_memberships_contains_paywalled_content":false,"_jetpack_memberships_contains_paid_content":false,"footnotes":""},"categories":[27,49,14,46,22,45,24,19,21],"tags":[63,64,41,56],"class_list":["post-1659","post","type-post","status-publish","format-standard","hentry","category-arbeiterfotografie","category-aufklaerung","category-aktivitaeten-des-dfv-berlin","category-freidenker-im-gespraech","category-friedensaktionen","category-friedensbewegung","category-friko-berlin","category-kultur","category-politik","tag-berlin-kreuzberg","tag-brecht","tag-ken-jebsen","tag-nichtkampfprinzip"],"jetpack_featured_media_url":"","jetpack_shortlink":"https:\/\/wp.me\/py5dN-qL","jetpack_sharing_enabled":true,"_links":{"self":[{"href":"https:\/\/www.berlin.freidenker.org\/index.php?rest_route=\/wp\/v2\/posts\/1659","targetHints":{"allow":["GET"]}}],"collection":[{"href":"https:\/\/www.berlin.freidenker.org\/index.php?rest_route=\/wp\/v2\/posts"}],"about":[{"href":"https:\/\/www.berlin.freidenker.org\/index.php?rest_route=\/wp\/v2\/types\/post"}],"author":[{"embeddable":true,"href":"https:\/\/www.berlin.freidenker.org\/index.php?rest_route=\/wp\/v2\/users\/4"}],"replies":[{"embeddable":true,"href":"https:\/\/www.berlin.freidenker.org\/index.php?rest_route=%2Fwp%2Fv2%2Fcomments&post=1659"}],"version-history":[{"count":1,"href":"https:\/\/www.berlin.freidenker.org\/index.php?rest_route=\/wp\/v2\/posts\/1659\/revisions"}],"predecessor-version":[{"id":1660,"href":"https:\/\/www.berlin.freidenker.org\/index.php?rest_route=\/wp\/v2\/posts\/1659\/revisions\/1660"}],"wp:attachment":[{"href":"https:\/\/www.berlin.freidenker.org\/index.php?rest_route=%2Fwp%2Fv2%2Fmedia&parent=1659"}],"wp:term":[{"taxonomy":"category","embeddable":true,"href":"https:\/\/www.berlin.freidenker.org\/index.php?rest_route=%2Fwp%2Fv2%2Fcategories&post=1659"},{"taxonomy":"post_tag","embeddable":true,"href":"https:\/\/www.berlin.freidenker.org\/index.php?rest_route=%2Fwp%2Fv2%2Ftags&post=1659"}],"curies":[{"name":"wp","href":"https:\/\/api.w.org\/{rel}","templated":true}]}}