{"id":1697,"date":"2016-03-13T18:25:11","date_gmt":"2016-03-13T16:25:11","guid":{"rendered":"http:\/\/www.berlin.freidenker.org\/?p=1697"},"modified":"2016-03-13T18:25:11","modified_gmt":"2016-03-13T16:25:11","slug":"bei-freidenkern-gefunden-und-anderswo-216","status":"publish","type":"post","link":"https:\/\/www.berlin.freidenker.org\/?p=1697","title":{"rendered":"Bei Freidenkern gefunden\u2026 und anderswo\u2026 2\/16"},"content":{"rendered":"<p>Bemerkenswert hartn\u00e4ckig kleben bestimmte Zuschreibungen an bestimmten Personen. Ausgerechnet Merkel gilt als &#8222;Mutti der Nation&#8220;, Gauck als seri\u00f6ser Politiker, Wagenknecht als ziemlich radikale Linke, fast Kommunistin.<\/p>\n<p>Auch negative Etiketten funktionieren: Ken Jebsen ist Antisemit.<\/p>\n<p>Alle diese Abstempelungen kommen ohne Begr\u00fcndung aus. Der Stempelbild rastet in ein vorbereitetes akzeptiertes Muster ein und ist dadurch vor Sachargumentation fast 100%ig gesch\u00fctzt. Gegenargumentation, Darstellung der Fakten und ihrer Logik, haben erst dann eine Chance, wenn das hermetische Denkmuster ersch\u00fcttert ist.<\/p>\n<p>Und selbst der Hinweis, dass ein Minimum konzentrierten Lesens vorausgesetzt werden muss, scheint nicht \u00fcberfl\u00fcssig zu sein.<\/p>\n<p>All das spricht nicht gegen informative, schl\u00fcssige, Zusammenh\u00e4nge aufdeckende Argumentationen. Im Gegenteil, sie sind unersetzlich.<\/p>\n<p>Mit den Vorw\u00fcrfen des Antisemitismus gegen Ken Jebsen, setzt sich<strong> <a href=\"http:\/\/mirahoward.de\/\" target=\"_blank\">Mira Howard<\/a><\/strong> auseinander: <strong><a href=\"http:\/\/mirahoward.de\/post\/138545368695\/ken-jebsen-antisemit-oder-friedensaktivist\" target=\"_blank\">&#8222;Ken Jebsen &#8211; Antisemit oder Friedensaktivist?&#8220;<\/a><\/strong>.\u00a0Ihr Artikel ist durchaus ausf\u00fchrlich und l\u00e4dt zur geistigen Mitarbeit ein. Meine Erfahrungen der letzten Zeit lassen mich annehmen, dass einige Menschen diesen Artikel hilfreich finden werden.<\/p>\n<p style=\"text-align: center;\"><strong>***<\/strong><\/p>\n<p style=\"text-align: left;\">F\u00fcr ein anderes Fundst\u00fcck habe ich <strong><a href=\"https:\/\/propagandaschau.wordpress.com\/2015\/10\/10\/interview-mit-dirk-pohlmann-zensur-und-politische-propaganda\/\" target=\"_blank\">Dirk Pohlmann<\/a><\/strong> zu danken. Wir sprachen dar\u00fcber, dass bei allem Meinungsstreit \u00fcber Fl\u00fcchtlinge\/Migranten nicht nur generell von den Fluchtursachen viel zu wenig die Rede ist (und deshalb auch nur selten <a href=\"http:\/\/www.nrhz.de\/flyer\/beitrag.php?id=22044\" target=\"_blank\">Forderungen aufgestellt werden, die die Beseitigung der Fluchtursachen betreffen<\/a>), sondern dar\u00fcber hinaus, dass besonders die Fluchtursachen, die mit den Sanktionen gegen Syrien gesetzt sind, v\u00f6llig au\u00dfen vor bleiben. Sanktionen sind der erste kriegerische Akt und eine der bedeutendsten Ursachen f\u00fcr die Zerst\u00f6rung lebenswerter Gesellschaftsverh\u00e4ltnisse, die schlie\u00dflich zur Flucht f\u00fchren. Dirk Pohlmann machte mich auf <strong><a href=\"https:\/\/www.wko.at\/Content.Node\/service\/aussenwirtschaft\/fhp\/Embargos\/Aktueller_Stand_der_Sanktionen_gegen_Syrien.html\" target=\"_blank\">diese Webseite der Wirtschaftskammer \u00d6sterreich <\/a><\/strong>aufmerksam, auf der das aggressive Sanktionsregime der EU gegen Syrien einschlie\u00dflich seiner &#8222;Rechtsquellen&#8220; umfangreich dargestellt ist.<\/p>\n","protected":false},"excerpt":{"rendered":"<p>Bemerkenswert hartn\u00e4ckig kleben bestimmte Zuschreibungen an bestimmten Personen. Ausgerechnet Merkel gilt als &#8222;Mutti der Nation&#8220;, Gauck als seri\u00f6ser Politiker, Wagenknecht als ziemlich radikale Linke, fast Kommunistin. Auch negative Etiketten funktionieren: Ken Jebsen ist Antisemit. Alle diese Abstempelungen kommen ohne Begr\u00fcndung aus. Der Stempelbild rastet in ein vorbereitetes akzeptiertes Muster ein und ist dadurch vor Sachargumentation [&hellip;]<\/p>\n","protected":false},"author":4,"featured_media":0,"comment_status":"open","ping_status":"open","sticky":false,"template":"","format":"standard","meta":{"jetpack_post_was_ever_published":false,"_jetpack_newsletter_access":"","_jetpack_dont_email_post_to_subs":false,"_jetpack_newsletter_tier_id":0,"_jetpack_memberships_contains_paywalled_content":false,"_jetpack_memberships_contains_paid_content":false,"footnotes":""},"categories":[49,14,30,45,23],"tags":[71,73,74,41,72,76,75],"class_list":["post-1697","post","type-post","status-publish","format-standard","hentry","category-aufklaerung","category-aktivitaeten-des-dfv-berlin","category-europa","category-friedensbewegung","category-syrien","tag-antisemitismus","tag-dirk-pohlmann","tag-fluchtursachen","tag-ken-jebsen","tag-mira-howard","tag-neue-rheinische-zeitung","tag-sanktionen"],"jetpack_featured_media_url":"","jetpack_shortlink":"https:\/\/wp.me\/py5dN-rn","jetpack_sharing_enabled":true,"_links":{"self":[{"href":"https:\/\/www.berlin.freidenker.org\/index.php?rest_route=\/wp\/v2\/posts\/1697","targetHints":{"allow":["GET"]}}],"collection":[{"href":"https:\/\/www.berlin.freidenker.org\/index.php?rest_route=\/wp\/v2\/posts"}],"about":[{"href":"https:\/\/www.berlin.freidenker.org\/index.php?rest_route=\/wp\/v2\/types\/post"}],"author":[{"embeddable":true,"href":"https:\/\/www.berlin.freidenker.org\/index.php?rest_route=\/wp\/v2\/users\/4"}],"replies":[{"embeddable":true,"href":"https:\/\/www.berlin.freidenker.org\/index.php?rest_route=%2Fwp%2Fv2%2Fcomments&post=1697"}],"version-history":[{"count":4,"href":"https:\/\/www.berlin.freidenker.org\/index.php?rest_route=\/wp\/v2\/posts\/1697\/revisions"}],"predecessor-version":[{"id":1701,"href":"https:\/\/www.berlin.freidenker.org\/index.php?rest_route=\/wp\/v2\/posts\/1697\/revisions\/1701"}],"wp:attachment":[{"href":"https:\/\/www.berlin.freidenker.org\/index.php?rest_route=%2Fwp%2Fv2%2Fmedia&parent=1697"}],"wp:term":[{"taxonomy":"category","embeddable":true,"href":"https:\/\/www.berlin.freidenker.org\/index.php?rest_route=%2Fwp%2Fv2%2Fcategories&post=1697"},{"taxonomy":"post_tag","embeddable":true,"href":"https:\/\/www.berlin.freidenker.org\/index.php?rest_route=%2Fwp%2Fv2%2Ftags&post=1697"}],"curies":[{"name":"wp","href":"https:\/\/api.w.org\/{rel}","templated":true}]}}