{"id":1702,"date":"2016-03-14T22:04:53","date_gmt":"2016-03-14T20:04:53","guid":{"rendered":"http:\/\/www.berlin.freidenker.org\/?p=1702"},"modified":"2016-03-14T22:05:15","modified_gmt":"2016-03-14T20:05:15","slug":"liebe-freidenkerin-lieber-freidenker-liebe-freunde","status":"publish","type":"post","link":"https:\/\/www.berlin.freidenker.org\/?p=1702","title":{"rendered":"Liebe Freidenkerin, lieber Freidenker, liebe Freunde,"},"content":{"rendered":"<p>wegen Warnungen vor eventuellen Randalen am B\u00fcrogeb\u00e4ude am Mehringplatz 1 gegen unsere Veranstaltung <a href=\"https:\/\/www.berlin.freidenker.org\/?p=1629\" target=\"_blank\">&#8222;Die drohende Kriegsgefahr und was wir dagegen tun k\u00f6nnen&#8220; <\/a>sagen wir die Veranstaltung, die am Mittwoch, den 16.3.2016 stattfinden sollte, hiermit ab.<\/p>\n<p>Wir werden am 22.3.2016 in der erweiterten Leitung \u00fcber unsere weiteren Aktivit\u00e4ten beraten und Euch informieren.<\/p>\n<p style=\"text-align: right;\"><strong><span class=\"tm14\">Leitungskollektiv der Berliner Freidenker<\/span><\/strong><\/p>\n","protected":false},"excerpt":{"rendered":"<p>wegen Warnungen vor eventuellen Randalen am B\u00fcrogeb\u00e4ude am Mehringplatz 1 gegen unsere Veranstaltung &#8222;Die drohende Kriegsgefahr und was wir dagegen tun k\u00f6nnen&#8220; sagen wir die Veranstaltung, die am Mittwoch, den 16.3.2016 stattfinden sollte, hiermit ab. Wir werden am 22.3.2016 in der erweiterten Leitung \u00fcber unsere weiteren Aktivit\u00e4ten beraten und Euch informieren. Leitungskollektiv der Berliner Freidenker<\/p>\n","protected":false},"author":4,"featured_media":0,"comment_status":"open","ping_status":"open","sticky":false,"template":"","format":"standard","meta":{"jetpack_post_was_ever_published":false,"_jetpack_newsletter_access":"","_jetpack_dont_email_post_to_subs":false,"_jetpack_newsletter_tier_id":0,"_jetpack_memberships_contains_paywalled_content":false,"_jetpack_memberships_contains_paid_content":false,"footnotes":""},"categories":[49,14,45,13],"tags":[61],"class_list":["post-1702","post","type-post","status-publish","format-standard","hentry","category-aufklaerung","category-aktivitaeten-des-dfv-berlin","category-friedensbewegung","category-veranstaltungen","tag-nein-zur-nato"],"jetpack_featured_media_url":"","jetpack_shortlink":"https:\/\/wp.me\/py5dN-rs","jetpack_sharing_enabled":true,"_links":{"self":[{"href":"https:\/\/www.berlin.freidenker.org\/index.php?rest_route=\/wp\/v2\/posts\/1702","targetHints":{"allow":["GET"]}}],"collection":[{"href":"https:\/\/www.berlin.freidenker.org\/index.php?rest_route=\/wp\/v2\/posts"}],"about":[{"href":"https:\/\/www.berlin.freidenker.org\/index.php?rest_route=\/wp\/v2\/types\/post"}],"author":[{"embeddable":true,"href":"https:\/\/www.berlin.freidenker.org\/index.php?rest_route=\/wp\/v2\/users\/4"}],"replies":[{"embeddable":true,"href":"https:\/\/www.berlin.freidenker.org\/index.php?rest_route=%2Fwp%2Fv2%2Fcomments&post=1702"}],"version-history":[{"count":1,"href":"https:\/\/www.berlin.freidenker.org\/index.php?rest_route=\/wp\/v2\/posts\/1702\/revisions"}],"predecessor-version":[{"id":1703,"href":"https:\/\/www.berlin.freidenker.org\/index.php?rest_route=\/wp\/v2\/posts\/1702\/revisions\/1703"}],"wp:attachment":[{"href":"https:\/\/www.berlin.freidenker.org\/index.php?rest_route=%2Fwp%2Fv2%2Fmedia&parent=1702"}],"wp:term":[{"taxonomy":"category","embeddable":true,"href":"https:\/\/www.berlin.freidenker.org\/index.php?rest_route=%2Fwp%2Fv2%2Fcategories&post=1702"},{"taxonomy":"post_tag","embeddable":true,"href":"https:\/\/www.berlin.freidenker.org\/index.php?rest_route=%2Fwp%2Fv2%2Ftags&post=1702"}],"curies":[{"name":"wp","href":"https:\/\/api.w.org\/{rel}","templated":true}]}}