{"id":1704,"date":"2016-03-14T23:24:16","date_gmt":"2016-03-14T21:24:16","guid":{"rendered":"http:\/\/www.berlin.freidenker.org\/?p=1704"},"modified":"2016-03-15T01:14:43","modified_gmt":"2016-03-14T23:14:43","slug":"damit-die-antideutsche-welt-heil-bleibt","status":"publish","type":"post","link":"https:\/\/www.berlin.freidenker.org\/?p=1704","title":{"rendered":"Damit die antideutsche Welt heil bleibt, &#8230;."},"content":{"rendered":"<p style=\"text-align: center;\"><em><strong>schnibbelt &#8222;linksunten.indymedia&#8220; etwaige\u00a0Gegenreden einfach weg. <\/strong><\/em><\/p>\n<p style=\"text-align: center;\"><em><strong>Zensur ist das nicht, sondern Moderation.<\/strong><\/em><\/p>\n<p align=\"justify\"><span style=\"color: #000000;\"><span style=\"font-family: verdana, sans-serif;\"><span style=\"font-size: small;\">In zwei Postings <a href=\"https:\/\/linksunten.indymedia.org\/de\/node\/170866\" target=\"_blank\">(hier<\/a> und <a href=\"https:\/\/linksunten.indymedia.org\/de\/node\/172048\" target=\"_blank\">hier<\/a>) mit insgesamt knapp 60 Kommentaren (die die Moderatoren offensichtlich &#8222;besonders wertvoll&#8220; fanden) haben Anonyme sich dort mit zwei Veranstaltungen der Freidenker besch\u00e4ftigt. &#8222;Au fein!&#8220;, dachten die Freidenker, &#8222;da wollen wir gerne mitreden&#8220;. Die Software hatte nichts dagegen und zeigte am 13.3.2016 20:48 Uhr dieses Bild:<\/span><\/span><\/span><\/p>\n<p style=\"text-align: center;\" align=\"justify\"><a href=\"https:\/\/i0.wp.com\/www.berlin.freidenker.org\/wp-content\/uploads\/2016\/03\/indy2-f%C3%BCr-fd-seite.jpg?ssl=1\" rel=\"attachment wp-att-1708\"><img data-recalc-dims=\"1\" loading=\"lazy\" decoding=\"async\" class=\"alignnone size-medium wp-image-1708\" src=\"https:\/\/i0.wp.com\/www.berlin.freidenker.org\/wp-content\/uploads\/2016\/03\/indy2-f%C3%BCr-fd-seite.jpg?resize=300%2C175&#038;ssl=1\" alt=\"indy2 f\u00fcr fd-seite\" width=\"300\" height=\"175\" srcset=\"https:\/\/i0.wp.com\/www.berlin.freidenker.org\/wp-content\/uploads\/2016\/03\/indy2-f%C3%BCr-fd-seite.jpg?resize=300%2C175&amp;ssl=1 300w, https:\/\/i0.wp.com\/www.berlin.freidenker.org\/wp-content\/uploads\/2016\/03\/indy2-f%C3%BCr-fd-seite.jpg?w=640&amp;ssl=1 640w\" sizes=\"auto, (max-width: 300px) 100vw, 300px\" \/><\/a><\/p>\n<p align=\"justify\">&#8222;Eine gef\u00e4hrliche Querfront-Software hat sich hier linksunten eingenistet&#8220;, knurrte der Mod, streifte sich fluchend die &#8222;Rechts-offen-Schutzhandschuhe&#8220; \u00fcber und stopfte den Text in den prallen Beutel &#8222;VT&#8220; (aus dem er manchmal heimlich &#8218;was &#8218;rausfischt &#8211; zum Schm\u00f6kern auf&#8217;m Klo).<\/p>\n<p align=\"justify\">Diese M\u00f6glichkeit haben Sie, liebe Leserinnen und Leser nicht, weshalb wir den Text des Screenshots nun\u00a0besser lesbar wiedergeben:<\/p>\n<p align=\"justify\"><em><span style=\"color: #000000;\"><span style=\"font-family: verdana, sans-serif;\"><span style=\"font-size: small;\">&#8222;Beide Veranstaltungen hatten das Thema:\u00a0<\/span><\/span><\/span><strong><span style=\"color: #000000;\"><span style=\"font-family: verdana, sans-serif;\"><span style=\"font-size: small;\">\u201eDie drohende Kriegsgefahr und was wir dagegen tun k\u00f6nnen\u201c.\u00a0<\/span><\/span><\/span><\/strong><span style=\"color: #000000;\"><span style=\"font-family: verdana, sans-serif;\"><span style=\"font-size: small;\">Und sie formulierten nat\u00fcrlich noch mehr diskussionsw\u00fcrdige, vom Thema abgeleitete Probleme.\u00a0<\/span><\/span><\/span><\/em><\/p>\n<p align=\"justify\"><em><span style=\"color: #000000;\"><span style=\"font-family: verdana, sans-serif;\"><span style=\"font-size: small;\">Auf dieser Seite, die antikapitalistisch, antifaschistisch usw. sein will, wurde ein gewaltiger Wind angefacht, und mensch schaffte es, tats\u00e4chlich kein einziges Wort zu Krieg und Frieden zu sagen. So als g\u00e4b&#8217;s kein morgen!<\/span><\/span><\/span><\/em><\/p>\n<p align=\"justify\"><em><span style=\"color: #000000;\"><span style=\"font-family: verdana, sans-serif;\"><span style=\"font-size: small;\">Man k\u00f6nnte auf die Idee kommen, dass das ganze Get\u00f6se um den Namen K. J. nur den Vorwand lieferte, damit nur ja das Thema nicht zur Sprache kommt. Wir Freidenker sind da anders. Wir arbeiten f\u00fcr den Frieden und gegen die NATO (Hier ist unser Aufruf dazu:\u00a0<a href=\"http:\/\/www.neinzurnato.de\/?page_id=173\" target=\"_blank\">http:\/\/www.neinzurnato.de\/?page_id=173<\/a>)\u00a0ob mit oder ohne Ken Jebsen. Aber die Aufgeregten hier kriegen es sogar fertig, ein Phantom Ken Jebsen zu kreieren, nur um kein Wort zur NATO-Kriegsfrage sagen zu m\u00fcssen. Oder irre ich mich? Kl\u00e4rt mich mal auf, wo z. B. Eure Kampfposition gegen die aggressive NATO-BRD-Politik in Osteuropa zu finden ist? Diesbez\u00fcglich d\u00fcrft Ihr mich gern belehren.<\/span><\/span><\/span><\/em><\/p>\n<p align=\"justify\"><em><span style=\"color: #000000;\"><span style=\"font-family: verdana, sans-serif;\"><span style=\"font-size: small;\">Im Belehren seid ihr doch ziemlich gut. Oben setzt jemand paar Links auf die Webseite der Berliner Freidenker und verk\u00fcndet rotzfrech (Tschuldigung!), nun habe er zu den Freidenkern \u201erecherchiert\u201c. Das h\u00e4tte doch wohl ein einziger schlichter Link auch getan oder meinetwegen noch ein zweiter, auf die Verbandsseite. Oder ging es in Wirklichkeit darum viiiiiel gr\u00fcndliches Studieren vorzut\u00e4uschen und jedem Beitrag eine flottes Etikett zu verpassen, damit nur Keiner und Keine auf die Idee kommt, mal selber zu lesen.<\/span><\/span><\/span><\/em><\/p>\n<p align=\"justify\"><em><span style=\"color: #000000;\"><span style=\"font-family: verdana, sans-serif;\"><span style=\"font-size: small;\">Mir f\u00e4llt n\u00e4mlich auf, dass Ihr als Gr\u00fcppchen jeder Diskussion (in der Verzicht auf P\u00f6beleien vereinbart wurde), gnadenlos ausweicht, und wenn ich mich an das eine oder andere meiner Gespr\u00e4che mit Autonomen erinnere, kamen wir immer sehr schnell an den Punkt, dass mein Gespr\u00e4chspartner sagte, dass er da &#8222;nicht so tief drinne&#8220; stecke. Naja, mag Zufall gewesen sein.<\/span><\/span><\/span><\/em><\/p>\n<p align=\"justify\"><em><span style=\"color: #000000;\"><span style=\"font-family: verdana, sans-serif;\"><span style=\"font-size: small;\">Ich frag mich nur, was habt Ihr davon. Jeden zweiten Abend in der Kneipe &#8222;Antifascista&#8220; br\u00fcllen, ist das nicht zu wenig?<\/span><\/span><\/span><\/em><\/p>\n<p align=\"justify\"><em><span style=\"color: #000000;\"><span style=\"font-family: verdana, sans-serif;\"><span style=\"font-size: small;\">Genug.<\/span><\/span><\/span><\/em><\/p>\n<p align=\"justify\"><em><span style=\"color: #000000;\"><span style=\"font-family: verdana, sans-serif;\"><span style=\"font-size: small;\">Wenn ihr jetzt meint, ich h\u00e4tte etwas viel den Oberschlauen &#8218;raush\u00e4ngen lassen, habt Ihr vielleicht sogar (ein bi\u00dfchen) recht. Unter Normalos w\u00fcrde ich vorschlagen, darauf mal beim Bier zur\u00fcckzukommen. <\/span><\/span><\/span><\/em><\/p>\n<p align=\"justify\"><em><span style=\"color: #000000;\"><span style=\"font-family: verdana, sans-serif;\"><span style=\"font-size: small;\">So long.&#8220;<\/span><\/span><\/span><\/em><\/p>\n","protected":false},"excerpt":{"rendered":"<p>schnibbelt &#8222;linksunten.indymedia&#8220; etwaige\u00a0Gegenreden einfach weg. Zensur ist das nicht, sondern Moderation. In zwei Postings (hier und hier) mit insgesamt knapp 60 Kommentaren (die die Moderatoren offensichtlich &#8222;besonders wertvoll&#8220; fanden) haben Anonyme sich dort mit zwei Veranstaltungen der Freidenker besch\u00e4ftigt. &#8222;Au fein!&#8220;, dachten die Freidenker, &#8222;da wollen wir gerne mitreden&#8220;. Die Software hatte nichts dagegen und [&hellip;]<\/p>\n","protected":false},"author":4,"featured_media":0,"comment_status":"open","ping_status":"open","sticky":false,"template":"","format":"standard","meta":{"jetpack_post_was_ever_published":false,"_jetpack_newsletter_access":"","_jetpack_dont_email_post_to_subs":false,"_jetpack_newsletter_tier_id":0,"_jetpack_memberships_contains_paywalled_content":false,"_jetpack_memberships_contains_paid_content":false,"footnotes":""},"categories":[49,14,46,45,8],"tags":[78,41,79,77],"class_list":["post-1704","post","type-post","status-publish","format-standard","hentry","category-aufklaerung","category-aktivitaeten-des-dfv-berlin","category-freidenker-im-gespraech","category-friedensbewegung","category-standpunkte","tag-antideutsch","tag-ken-jebsen","tag-querfront","tag-zensur"],"jetpack_featured_media_url":"","jetpack_shortlink":"https:\/\/wp.me\/py5dN-ru","jetpack_sharing_enabled":true,"_links":{"self":[{"href":"https:\/\/www.berlin.freidenker.org\/index.php?rest_route=\/wp\/v2\/posts\/1704","targetHints":{"allow":["GET"]}}],"collection":[{"href":"https:\/\/www.berlin.freidenker.org\/index.php?rest_route=\/wp\/v2\/posts"}],"about":[{"href":"https:\/\/www.berlin.freidenker.org\/index.php?rest_route=\/wp\/v2\/types\/post"}],"author":[{"embeddable":true,"href":"https:\/\/www.berlin.freidenker.org\/index.php?rest_route=\/wp\/v2\/users\/4"}],"replies":[{"embeddable":true,"href":"https:\/\/www.berlin.freidenker.org\/index.php?rest_route=%2Fwp%2Fv2%2Fcomments&post=1704"}],"version-history":[{"count":10,"href":"https:\/\/www.berlin.freidenker.org\/index.php?rest_route=\/wp\/v2\/posts\/1704\/revisions"}],"predecessor-version":[{"id":1716,"href":"https:\/\/www.berlin.freidenker.org\/index.php?rest_route=\/wp\/v2\/posts\/1704\/revisions\/1716"}],"wp:attachment":[{"href":"https:\/\/www.berlin.freidenker.org\/index.php?rest_route=%2Fwp%2Fv2%2Fmedia&parent=1704"}],"wp:term":[{"taxonomy":"category","embeddable":true,"href":"https:\/\/www.berlin.freidenker.org\/index.php?rest_route=%2Fwp%2Fv2%2Fcategories&post=1704"},{"taxonomy":"post_tag","embeddable":true,"href":"https:\/\/www.berlin.freidenker.org\/index.php?rest_route=%2Fwp%2Fv2%2Ftags&post=1704"}],"curies":[{"name":"wp","href":"https:\/\/api.w.org\/{rel}","templated":true}]}}