{"id":1747,"date":"2016-03-30T13:45:04","date_gmt":"2016-03-30T11:45:04","guid":{"rendered":"http:\/\/www.berlin.freidenker.org\/?p=1747"},"modified":"2016-04-02T22:25:32","modified_gmt":"2016-04-02T20:25:32","slug":"bei-freidenkern-gefunden-und-anderswo-316","status":"publish","type":"post","link":"https:\/\/www.berlin.freidenker.org\/?p=1747","title":{"rendered":"Bei Freidenkern gefunden\u2026 und anderswo\u2026 3\/16"},"content":{"rendered":"<p><strong>Krieg, tats\u00e4chlich tobender Krieg oder &#8222;nur&#8220; drohender, \u00fcberschattet alles in unserer Zeit.\u00a0<\/strong><strong>Wissen wir genug \u00fcber Krieg? Denken wir tief genug dar\u00fcber nach?<\/strong><\/p>\n<p>Oder meinen wir, dass plakative Anklagen gen\u00fcgen, wie z. B.: &#8222;Krieg ist Terror!&#8220; Meinen wir, dass unsere zutiefst ehrliche, leidenschaftliche Ablehnung gen\u00fcgt? Wenn Abermillionen in aller Welt rufen: &#8222;Die Waffen nieder!&#8220; &#8211; wird dann Friede ein?<\/p>\n<p>Wir wissen, dass es nicht so ist.<\/p>\n<p>Gegen den Krieg aktiv zu sein, verlangt unsere Leidenschaft, verlangt Mobilisierung aber auch viel, viel Wissen und die Anstrengung des Begriffs.<\/p>\n<p style=\"text-align: center;\"><strong>*<\/strong><\/p>\n<p><strong><a href=\"https:\/\/de.wikipedia.org\/wiki\/John_Pilger\" target=\"_blank\">John Pilger<\/a><\/strong>\u00a0der ber\u00fchmte Aufkl\u00e4rer von der anderen Seite der Welt (zu wenige seiner Arbeiten sind ins Deutsche \u00fcbersetzt,<a href=\"https:\/\/www.youtube.com\/watch?v=FHOYSrU5P0Q\" target=\"_blank\"> hier<\/a> immerhin der beeindruckende Dokumentarfilm &#8222;Krieg f\u00fcr Demokratie&#8220;) ver\u00f6ffentlichte am 20.3.2016 den aufr\u00fcttelnden Beitrag: <strong>&#8222;Ein Weltkrieg hat begonnen. Das Schweigen brechen&#8220;<\/strong>.<\/p>\n<p>&#8212;&#8212;&#8212;&#8212;&#8212;&#8212;&#8212;&#8212;&#8212;&#8212;&#8212;&#8212;&#8212;&#8212;&#8212;-<\/p>\n<p><strong>Update 2.4.2016:<\/strong><\/p>\n<p><a href=\"http:\/\/www.free21.org\/ein-weltkrieg-hat-begonnen-brecht-das-schweigen\/\" target=\"_blank\"><strong>(Auf Free21 ist jetzt erfreulicherweise die komplette \u00dcbersetzung von John Pilgers Artikel zu finden.)<\/strong><\/a><\/p>\n<p>&#8212;&#8212;&#8212;&#8212;&#8212;&#8212;&#8212;&#8212;&#8212;&#8212;&#8212;&#8212;&#8212;&#8212;&#8212;-<\/p>\n<p>Wir danken Bernhard Trautvetter f\u00fcr die \u00dcbersetzung einiger ausgew\u00e4hlter Passagen von Pilgers Artikel.<\/p>\n<p><em>&#8222;&#8230;Edward Bernay beschrieb &#8230; &#8222;die bewusste und intelligente Manipulation der Gewohnheiten und Meinungen&#8220; demokratischer Gesellschaften. Er nannte es eine &#8218;unsichtbare Regierung&#8216;.<\/em><\/p>\n<p><em>Wie viele Menschen haben wahrgenommen, dass ein Weltkrieg begonnen hat? Im Moment ist es ein Krieg der Propaganda, der L\u00fcgen und der Ablenkung, aber das kann sich abrupt \u00e4ndern mit der ersten verfehlten Order, der ersten Rakete.\u00a0<\/em><\/p>\n<p><em>&#8230;2009 pl\u00e4dierte Pr\u00e4sident Obama &#8230; im Zentrum von Prag &#8230; &#8222;die Welt frei von nuklearen Waffen&#8220; zu machen. Atomare R\u00fcstungsausgaben stiegen unter Obama h\u00f6her als unter jedem anderen amerikanischen Pr\u00e4sidenten. Die Kosten summieren sich \u00fcber 30 Jahre auf weit \u00fcber 1000 Mrd. $. Eine kleine nukleare Bombe wird geplant. Sie ist bekannt als die\u00a0<\/em><em>B61 Modell 12. Sie ist ohne Vergleich. General J. Cartwright&#8230; sagte &#8222;das Verkleinern [macht den Gebrauch dieser nuklearen]\u00a0 Waffe denkbarer. &#8230;<\/em><\/p>\n<p><em>In Lettland, Litauen und Estland &#8211; vor Russlands Toren &#8211; stationiert das US-Milit\u00e4r Gefechtstruppen, Panzer, schwere Waffen, schwere Waffen. Diese extreme Provokation der 2. Atommacht der Welt geschieht hinter dem Vorhang des Schweigens im Westen. &#8230;<\/em><\/p>\n<p><em>Die USA kreisen China mit einem Netz von Basen ein, &#8230;Raketen, &#8230;atomwaffenf\u00e4higen Jets&#8230;.<\/em><\/p>\n<p><em>Vor einer Generation stoppte ein postmoderner Kult, bekannt als &#8218;identity politics&#8216; viele intelligente &#8230; Menschen, die die Gr\u00fcnde f\u00fcr &#8230; Bewegungen &#8230;, die die V\u00f6lker betrogen ergr\u00fcndet hatten&#8230; .\u00a0<\/em><em>Selbstversunkenheit, eine Art von &#8218;Ich-ismus&#8216; wurde zum neuen Zeitgeist in privilegierten westlichen Gesellschaften und signalisierten die Demission einer gro\u00dfen kollektiven Bewegung gegen Krieg, soziale Ungerechtigkeit, Ungleichheit, Rassismus und Sexismus.<\/em><\/p>\n<p><em>Heute kann der tiefe Schlaf vorbei sein. Die Jugend bewegt sich wieder. Schrittweise&#8230;<\/em><\/p>\n<p><em>Wo ist der Mut, wo die Kreativit\u00e4t und Entschlossenheit, die den Beginn einer langen Reise in eine bessere, gerechte und friedliche Welt markiert? &#8230;<\/em><\/p>\n<p><em>Wo sind die, die das Schweigen brechen?&#8220;<\/em><\/p>\n<p style=\"text-align: center;\"><strong>*<\/strong><\/p>\n<p>Dagmar Henn verdanken wir die \u00dcbersetzung des h\u00f6chst anregenden russischen Beitrags: <strong><a href=\"http:\/\/vineyardsaker.de\/analyse\/assad-hat-in-syrien-nicht-seinesgleichen\/\" target=\"_blank\">&#8222;Assad hat in Syrien nicht seinesgleichen&#8220;<\/a><\/strong>. Es ist ein Interview, das Alexej Peskow mit dem Historiker, Publizisten und Politiker\u00a0<strong><a href=\"https:\/\/de.wikipedia.org\/wiki\/Nikolai_Wiktorowitsch_Starikow\" target=\"_blank\">Nikolai Starikow <\/a><\/strong>f\u00fchrte. Mich haben seine \u00dcberlegungen zum modernen Nicht-Kernwaffenkrieg beeindruckt. Sein Blick ist weit genug f\u00fcr gro\u00dfe historische R\u00e4ume. (Pl\u00f6tzlich macht die Erinnerung an die <a href=\"https:\/\/de.wikipedia.org\/wiki\/Britische_Ostindien-Kompanie\" target=\"_blank\">Britische Ostindien-Kompanie<\/a> Sinn.) Bedeutsam sind seine Hinweise auf Zentralasien, denn das ist die\u00a0Zentralregion des gro\u00dfen chinesischen und russischen Projekts <a href=\"http:\/\/www.zeit.de\/politik\/ausland\/2015-07\/china-russland-ufa-brics-sco-globalisierung-seidenstrasse\" target=\"_blank\">&#8222;Neue Seidenstrasse&#8220;<\/a>, mit Aspekten, wie, <a href=\"https:\/\/de.wikipedia.org\/wiki\/Seidenstra%C3%9Fenstrategie\" target=\"_blank\">&#8222;Seidenstra\u00dfenstrategie&#8220;<\/a>\u00a0und\u00a0<a href=\"https:\/\/de.wikipedia.org\/wiki\/TRACECA\" target=\"_blank\">TRACECA<\/a>, Aspekte,\u00a0von denen der brave deutsche Friedensbewegte kaum eine Ahnung hat (obwohl auch deutsche Wissenschaftler l\u00e4ngst dazu arbeiten, vergl <a href=\"https:\/\/www.uni-bielefeld.de\/(de)\/tdrc\/ag_sozanth\/publications\/working_papers\/wp337.pdf\" target=\"_blank\">hier<\/a>). Aber doch haben sollte.<\/p>\n<p style=\"text-align: center;\"><strong>*<\/strong><\/p>\n<p>Und eine dritte Fundstelle m\u00f6chte ich nennen, da es mir um die differenzierte, konkrete Betrachtung einer Kriegszeit geht, dieser durch alle Zeiten von komplexen aber erkennbaren Interessen geschaffenen m\u00f6rderischen Ereignisse. Ich spreche von <strong>Karlheinz Deschners <a href=\"https:\/\/de.wikipedia.org\/wiki\/Kriminalgeschichte_des_Christentums\" target=\"_blank\">&#8222;Kriminalgeschichte des Christentums&#8220;<\/a><\/strong>, diesmal von dem Band 6 mit dem 9. Kapitel: <strong>&#8222;Der erste Stauferk\u00f6nig, Kreuzz\u00fcge wie vom Flie\u00dfband und ein heiliger Kirchenlehrer&#8220;<\/strong>. Was dort auf 45 Seiten beschriebenen wird, geschah vor 850 bis 900 Jahren. Aber selten war Aufkl\u00e4rung diesseitiger und heutiger und unverzichtbarer.<\/p>\n","protected":false},"excerpt":{"rendered":"<p>Krieg, tats\u00e4chlich tobender Krieg oder &#8222;nur&#8220; drohender, \u00fcberschattet alles in unserer Zeit.\u00a0Wissen wir genug \u00fcber Krieg? Denken wir tief genug dar\u00fcber nach? Oder meinen wir, dass plakative Anklagen gen\u00fcgen, wie z. B.: &#8222;Krieg ist Terror!&#8220; Meinen wir, dass unsere zutiefst ehrliche, leidenschaftliche Ablehnung gen\u00fcgt? Wenn Abermillionen in aller Welt rufen: &#8222;Die Waffen nieder!&#8220; &#8211; wird [&hellip;]<\/p>\n","protected":false},"author":4,"featured_media":0,"comment_status":"open","ping_status":"open","sticky":false,"template":"","format":"standard","meta":{"jetpack_post_was_ever_published":false,"_jetpack_newsletter_access":"","_jetpack_dont_email_post_to_subs":false,"_jetpack_newsletter_tier_id":0,"_jetpack_memberships_contains_paywalled_content":false,"_jetpack_memberships_contains_paid_content":false,"footnotes":""},"categories":[49,46,45,21,80],"tags":[91,93,95,94,92,87,96],"class_list":["post-1747","post","type-post","status-publish","format-standard","hentry","category-aufklaerung","category-freidenker-im-gespraech","category-friedensbewegung","category-politik","category-religion","tag-john-pilger","tag-karlheinz-deschner","tag-kreuzzug","tag-neue-seidenstrasse","tag-nikolai-starikow","tag-nwo","tag-usa"],"jetpack_featured_media_url":"","jetpack_shortlink":"https:\/\/wp.me\/py5dN-sb","jetpack_sharing_enabled":true,"_links":{"self":[{"href":"https:\/\/www.berlin.freidenker.org\/index.php?rest_route=\/wp\/v2\/posts\/1747","targetHints":{"allow":["GET"]}}],"collection":[{"href":"https:\/\/www.berlin.freidenker.org\/index.php?rest_route=\/wp\/v2\/posts"}],"about":[{"href":"https:\/\/www.berlin.freidenker.org\/index.php?rest_route=\/wp\/v2\/types\/post"}],"author":[{"embeddable":true,"href":"https:\/\/www.berlin.freidenker.org\/index.php?rest_route=\/wp\/v2\/users\/4"}],"replies":[{"embeddable":true,"href":"https:\/\/www.berlin.freidenker.org\/index.php?rest_route=%2Fwp%2Fv2%2Fcomments&post=1747"}],"version-history":[{"count":7,"href":"https:\/\/www.berlin.freidenker.org\/index.php?rest_route=\/wp\/v2\/posts\/1747\/revisions"}],"predecessor-version":[{"id":1754,"href":"https:\/\/www.berlin.freidenker.org\/index.php?rest_route=\/wp\/v2\/posts\/1747\/revisions\/1754"}],"wp:attachment":[{"href":"https:\/\/www.berlin.freidenker.org\/index.php?rest_route=%2Fwp%2Fv2%2Fmedia&parent=1747"}],"wp:term":[{"taxonomy":"category","embeddable":true,"href":"https:\/\/www.berlin.freidenker.org\/index.php?rest_route=%2Fwp%2Fv2%2Fcategories&post=1747"},{"taxonomy":"post_tag","embeddable":true,"href":"https:\/\/www.berlin.freidenker.org\/index.php?rest_route=%2Fwp%2Fv2%2Ftags&post=1747"}],"curies":[{"name":"wp","href":"https:\/\/api.w.org\/{rel}","templated":true}]}}