{"id":1755,"date":"2016-04-03T01:39:58","date_gmt":"2016-04-02T23:39:58","guid":{"rendered":"http:\/\/www.berlin.freidenker.org\/?p=1755"},"modified":"2016-04-02T22:41:17","modified_gmt":"2016-04-02T20:41:17","slug":"ein-woertchen-zum-sonntag-in-ehren-2","status":"publish","type":"post","link":"https:\/\/www.berlin.freidenker.org\/?p=1755","title":{"rendered":"Ein W\u00f6rtchen zum Sonntag in Ehren &#8230;"},"content":{"rendered":"<p>&#8230; soll den FreidenkerInnen niemand verwehren.<\/p>\n<p><span class=\"colour\"><span class=\"size\"><span class=\"font\">Nach den Anschl\u00e4gen in Br\u00fcssel und der T\u00fcrkei ist der Terror wieder in aller Munde.<\/span><\/span><\/span><\/p>\n<div><span class=\"colour\"><span class=\"size\"><span class=\"font\">Im heutigen Wort zum Sonntag gehen wir in der Geschichte zur\u00fcck und betrachten exemplarisch einige herausragende Entwicklungen der letzten 60 Jahre im Nahen Osten, die bei der Entstehung des Daesh (Mit der Bezeichnung \u201eIslamischer Staat&#8220; w\u00fcrde diese Terrorbande nur unn\u00f6tig geehrt, denn es ist kein Staat) eine wichtige Vorgeschichte darstellen.<\/span><\/span><\/span><\/div>\n<div><span class=\"colour\"><span class=\"size\"><span class=\"font\"><br \/>\nSchonungslos offenbaren Max Uthoff und Claus von Wagner, das doppelb\u00f6dige Kriegstreiben der US-Administrationen, wo Diktatoren unterst\u00fctzt und bewaffnet werden, solange es den Zugang zu billigem \u00d6l sichert, um sie anschlie\u00dfend unter frei erfundenen Kriegsgr\u00fcnden auszuschalten, wenn es im Sinne \u201edes Guten&#8220; ist. Ehemalige Verschw\u00f6rungstheorien werden immer wieder zur knallharten geostrategischen Praxis, wenn 40 Jahre alte CIA-Akten de-klassifiziert werden.<\/span><\/span><\/span><\/div>\n<div><\/div>\n<div><span class=\"colour\"><span class=\"colour\"><span class=\"size\"><span class=\"font\">Aus Sicht der Freidenker gilt es diese Terrorspirale zu durchbrechen.<br \/>\nDer Austritt der Bundesrepublik aus der NATO, Schlie\u00dfung der US-St\u00fctzpunkte auf deutschem Boden (insbesondere Ramstein und B\u00fcchel), sowie eine Beendung der Auslandseins\u00e4tze der Bundeswehr seien als ein paar der wichtigsten Ma\u00dfnahmen an dieser Stelle genannt.<\/span><\/span><\/span><\/span>Aber genug der Worte. Auch wenn es eigentlich nicht zum Lachen ist, genie\u00dfen Sie diese 7 Minuten eines sehr realit\u00e4tsnahen Kabaretts.<\/div>\n<div>\n<p>Mit friedlichen Gr\u00fc\u00dfen<\/p>\n<p style=\"text-align: left;\">Das Leitungskollektiv der Berliner Freidenker<\/p>\n<\/div>\n<p><iframe loading=\"lazy\" src=\"\/\/www.youtube.com\/embed\/tC_vYJBhJuc\" width=\"425\" height=\"350\" allowfullscreen=\"allowfullscreen\"><\/iframe><\/p>\n<p>&nbsp;<\/p>\n<div><\/div>\n","protected":false},"excerpt":{"rendered":"<p>&#8230; soll den FreidenkerInnen niemand verwehren. Nach den Anschl\u00e4gen in Br\u00fcssel und der T\u00fcrkei ist der Terror wieder in aller Munde. Im heutigen Wort zum Sonntag gehen wir in der Geschichte zur\u00fcck und betrachten exemplarisch einige herausragende Entwicklungen der letzten 60 Jahre im Nahen Osten, die bei der Entstehung des Daesh (Mit der Bezeichnung \u201eIslamischer [&hellip;]<\/p>\n","protected":false},"author":4,"featured_media":0,"comment_status":"open","ping_status":"open","sticky":false,"template":"","format":"standard","meta":{"jetpack_post_was_ever_published":false,"_jetpack_newsletter_access":"","_jetpack_dont_email_post_to_subs":false,"_jetpack_newsletter_tier_id":0,"_jetpack_memberships_contains_paywalled_content":false,"_jetpack_memberships_contains_paid_content":false,"footnotes":""},"categories":[49,22,21],"tags":[99,100,98],"class_list":["post-1755","post","type-post","status-publish","format-standard","hentry","category-aufklaerung","category-friedensaktionen","category-politik","tag-claus-von-wagner","tag-die-anstalt","tag-max-uthoff"],"jetpack_featured_media_url":"","jetpack_shortlink":"https:\/\/wp.me\/py5dN-sj","jetpack_sharing_enabled":true,"_links":{"self":[{"href":"https:\/\/www.berlin.freidenker.org\/index.php?rest_route=\/wp\/v2\/posts\/1755","targetHints":{"allow":["GET"]}}],"collection":[{"href":"https:\/\/www.berlin.freidenker.org\/index.php?rest_route=\/wp\/v2\/posts"}],"about":[{"href":"https:\/\/www.berlin.freidenker.org\/index.php?rest_route=\/wp\/v2\/types\/post"}],"author":[{"embeddable":true,"href":"https:\/\/www.berlin.freidenker.org\/index.php?rest_route=\/wp\/v2\/users\/4"}],"replies":[{"embeddable":true,"href":"https:\/\/www.berlin.freidenker.org\/index.php?rest_route=%2Fwp%2Fv2%2Fcomments&post=1755"}],"version-history":[{"count":6,"href":"https:\/\/www.berlin.freidenker.org\/index.php?rest_route=\/wp\/v2\/posts\/1755\/revisions"}],"predecessor-version":[{"id":1759,"href":"https:\/\/www.berlin.freidenker.org\/index.php?rest_route=\/wp\/v2\/posts\/1755\/revisions\/1759"}],"wp:attachment":[{"href":"https:\/\/www.berlin.freidenker.org\/index.php?rest_route=%2Fwp%2Fv2%2Fmedia&parent=1755"}],"wp:term":[{"taxonomy":"category","embeddable":true,"href":"https:\/\/www.berlin.freidenker.org\/index.php?rest_route=%2Fwp%2Fv2%2Fcategories&post=1755"},{"taxonomy":"post_tag","embeddable":true,"href":"https:\/\/www.berlin.freidenker.org\/index.php?rest_route=%2Fwp%2Fv2%2Ftags&post=1755"}],"curies":[{"name":"wp","href":"https:\/\/api.w.org\/{rel}","templated":true}]}}