{"id":1764,"date":"2016-04-05T19:52:26","date_gmt":"2016-04-05T17:52:26","guid":{"rendered":"http:\/\/www.berlin.freidenker.org\/?p=1764"},"modified":"2016-04-05T19:54:57","modified_gmt":"2016-04-05T17:54:57","slug":"13-4-2016-berliner-runde-freidenker-im-gespraech","status":"publish","type":"post","link":"https:\/\/www.berlin.freidenker.org\/?p=1764","title":{"rendered":"13.4.2016 \u2013 \u201eBerliner Runde \u2013 Freidenker im Gespr\u00e4ch\u201c"},"content":{"rendered":"<p align=\"center\"><span style=\"color: #333333;\"><span style=\"font-family: 'Liberation Serif', serif;\"><span style=\"font-size: medium;\">Liebe Freidenkerin, lieber Freidenker, liebe Freunde,<\/span><\/span><\/span><\/p>\n<p align=\"center\"><span style=\"color: #333333;\"><span style=\"font-family: 'Liberation Serif', serif;\"><span style=\"font-size: medium;\">wir laden ein zu unserer n\u00e4chsten \u00f6ffentlichen<\/span><\/span><\/span><\/p>\n<p align=\"center\"><strong><span style=\"color: #333333;\">\u201e<\/span><\/strong><strong><span style=\"color: #333333;\"><span style=\"font-family: 'Liberation Serif', serif;\"><span style=\"font-size: large;\"><b>Berliner Runde \u2013 Freidenker im Gespr\u00e4ch\u201c<\/b><\/span><\/span><\/span><\/strong><\/p>\n<p align=\"center\"><span style=\"color: #333333;\"><span style=\"font-family: 'Liberation Serif', serif;\"><span style=\"font-size: medium;\">am <\/span><\/span><\/span><strong><span style=\"color: #333333;\"><span style=\"font-family: 'Liberation Serif', serif;\"><span style=\"font-size: medium;\"><b>Mittwoch, den 13. April 2016, 18.00 Uhr<\/b><\/span><\/span><\/span><\/strong><\/p>\n<p align=\"center\"><span style=\"color: #333333;\"><span style=\"font-family: 'Liberation Serif', serif;\"><span style=\"font-size: medium;\">im Klub der Volkssolidarit\u00e4t, Torstr. 203 \u2013 205, 10115 Berlin<b>*<\/b><\/span><\/span><\/span><\/p>\n<p align=\"center\"><span style=\"color: #333333;\"><span style=\"font-family: 'Liberation Serif', serif;\"><span style=\"font-size: large;\"><b>&#8222;Wie gef\u00e4hrlich ist die NATO?&#8220;<\/b><\/span><\/span><\/span><\/p>\n<p align=\"center\"><strong><span style=\"color: #333333;\"><span style=\"font-family: 'Liberation Serif', serif;\"><span style=\"font-size: medium;\"><b>Referent: Oberst a. D. Bernd Biedermann<\/b><\/span><\/span><\/span><\/strong><\/p>\n<p>&nbsp;<\/p>\n<p><span style=\"color: #333333;\"><span style=\"font-family: 'Liberation Serif', serif;\"><span style=\"font-size: medium;\">Genosse Biedermann wird Ausf\u00fchrungen machen zu solchen Schwerpunkten und Fragen, wie:<\/span><\/span><\/span><\/p>\n<p><em><span style=\"color: #333333;\"><span style=\"font-family: 'Liberation Serif', serif;\"><span style=\"font-size: medium;\">*Ziele der USA bei Gr\u00fcndung der NATO<\/span><\/span><\/span><\/em><\/p>\n<p><em><span style=\"color: #333333;\"><span style=\"font-family: 'Liberation Serif', serif;\"><span style=\"font-size: medium;\">*Zur Rolle Deutschlands in der NATO<br \/>\n&#8211; w\u00e4hrend des Kalten Krieges<br \/>\n&#8211; danach und heute<\/span><\/span><\/span><\/em><\/p>\n<p><em><span style=\"color: #333333;\"><span style=\"font-family: 'Liberation Serif', serif;\"><span style=\"font-size: medium;\">*Die USA in Deutschland (der geheime Staatsvertrag, Einrichtungen,<br \/>\nStreitkr\u00e4fte, Kernwaffen in B\u00fcchel, atomare Teilhabe)<\/span><\/span><\/span><\/em><\/p>\n<p><em><span style=\"color: #333333;\"><span style=\"font-family: 'Liberation Serif', serif;\"><span style=\"font-size: medium;\">*Geheime Operationen der USA von deutschem Boden<\/span><\/span><\/span><\/em><\/p>\n<p><em><span style=\"color: #333333;\"><span style=\"font-family: 'Liberation Serif', serif;\"><span style=\"font-size: medium;\">*Bedeutung der USA und Russland hinsichtlich origin\u00e4rer deutscher Interessen<\/span><\/span><\/span><\/em><\/p>\n<p><em><span style=\"color: #333333;\"><span style=\"font-family: 'Liberation Serif', serif;\"><span style=\"font-size: medium;\">*Neue Macht, neue Verantwortung \u2013 Elemente einer deutschen Au\u00dfen-und<br \/>\nSicherheitspolitik f\u00fcr eine Welt im Umbruch (Das Papier der &#8222;Stiftung Wissenschaft und Politik&#8220; vom September 2013 <a href=\"https:\/\/www.swp-berlin.org\/fileadmin\/contents\/products\/projekt_papiere\/DeutAussenSicherhpol_SWP_GMF_2013.pdf\" target=\"_blank\">steht hier online zur Verf\u00fcgung<\/a>)<\/span><\/span><\/span><\/em><\/p>\n<p><em><span style=\"color: #333333;\"><span style=\"font-family: 'Liberation Serif', serif;\"><span style=\"font-size: medium;\">*EU-Armee \u2013 Ja oder Nein?<\/span><\/span><\/span><\/em><\/p>\n<p><em><span style=\"color: #333333;\"><span style=\"font-family: 'Liberation Serif', serif;\"><span style=\"font-size: medium;\">*Zum milit\u00e4rischen Kr\u00e4fteverh\u00e4ltnis NATO-Russische F\u00f6deration-VRChina<\/span><\/span><\/span><\/em><\/p>\n<p><em><span style=\"color: #333333;\"><span style=\"font-family: 'Liberation Serif', serif;\"><span style=\"font-size: medium;\">*Was bedeutet Krieg heute?<\/span><\/span><\/span><\/em><\/p>\n<p style=\"text-align: center;\">*<\/p>\n<p style=\"text-align: left;\"><span style=\"color: #333333;\"><span style=\"font-family: 'Liberation Serif', serif;\"><span style=\"font-size: medium;\">Genosse Biedermann hat sich k\u00fcrzlich mit skandal\u00f6s-scharfmacherischen Ausf\u00fchrungen des deutschen NATO-Generals Domr\u00f6se auseinandergesetzt,<a href=\"http:\/\/www.freigeist-weimar.de\/beitragsanzeige\/ein-scharfmacher-und-kriegstreiber-offenbart-sich-ungeniert\/\" target=\"_blank\"> hier <\/a>nachzulesen. Das Video vom Auftritt des Generals Domr\u00f6se ist<a href=\"https:\/\/www.youtube.com\/watch?v=Cp0mOsgU2LU\" target=\"_blank\"> hier<\/a> zu finden. <\/span><\/span><\/span><\/p>\n<pre class=\"western\"><span style=\"color: #282e21;\"><span style=\"font-family: 'Liberation Serif', serif;\"><span style=\"font-size: medium;\">Selbstverst\u00e4ndlich stellen wir das ganze Thema in den Zusammenhang\r\nmit dem bekannten Aufruf der Freidenker und von <\/span><\/span><\/span><span style=\"color: #282e21;\"><span style=\"font-family: 'Liberation Serif', serif;\"><span style=\"font-size: medium;\">A<\/span><\/span><\/span><span style=\"color: #282e21;\"><span style=\"font-family: 'Liberation Serif', serif;\"><span style=\"font-size: medium;\">rbeiterfotografie<a href=\"http:\/\/www.neinzurnato.de\/\" target=\"_blank\">\r\n \"NATO raus - raus aus der NATO\", <\/a>\r\nf\u00fcr den wir <\/span><\/span><\/span><span style=\"color: #282e21;\"><span style=\"font-family: 'Liberation Serif', serif;\"><span style=\"font-size: medium;\">Unterschriften sammeln und den wir in den kommenden Monaten \r\nverst\u00e4rkt weiter verbreiten wollen.<\/span><\/span><\/span><\/pre>\n<p><span style=\"color: #444444;\"><span style=\"font-family: 'Liberation Serif', serif;\"><span style=\"font-size: medium;\">Mit solidarischen Gr\u00fc\u00dfen<\/span><\/span><\/span><\/p>\n<p align=\"right\"><strong><span style=\"color: #333333;\"><span style=\"font-family: 'Liberation Serif', serif;\"><span style=\"font-size: medium;\"><b>Leitungskollektiv der Berliner Freidenker<\/b><\/span><\/span><\/span><\/strong><\/p>\n<p>&nbsp;<\/p>\n<p><span style=\"font-family: 'Liberation Serif', serif;\"><span style=\"font-size: medium;\"><span style=\"color: #333333;\"><b>*<\/b><\/span><span style=\"color: #333333;\">S1-, S2-, S25-Oranienburger Str., U6-Oranienburger Tor<\/span><\/span><\/span><\/p>\n","protected":false},"excerpt":{"rendered":"<p>Liebe Freidenkerin, lieber Freidenker, liebe Freunde, wir laden ein zu unserer n\u00e4chsten \u00f6ffentlichen \u201eBerliner Runde \u2013 Freidenker im Gespr\u00e4ch\u201c am Mittwoch, den 13. April 2016, 18.00 Uhr im Klub der Volkssolidarit\u00e4t, Torstr. 203 \u2013 205, 10115 Berlin* &#8222;Wie gef\u00e4hrlich ist die NATO?&#8220; Referent: Oberst a. D. Bernd Biedermann &nbsp; Genosse Biedermann wird Ausf\u00fchrungen machen zu [&hellip;]<\/p>\n","protected":false},"author":4,"featured_media":0,"comment_status":"open","ping_status":"open","sticky":false,"template":"","format":"standard","meta":{"jetpack_post_was_ever_published":false,"_jetpack_newsletter_access":"","_jetpack_dont_email_post_to_subs":false,"_jetpack_newsletter_tier_id":0,"_jetpack_memberships_contains_paywalled_content":false,"_jetpack_memberships_contains_paid_content":false,"footnotes":""},"categories":[27,49,14,21,13],"tags":[],"class_list":["post-1764","post","type-post","status-publish","format-standard","hentry","category-arbeiterfotografie","category-aufklaerung","category-aktivitaeten-des-dfv-berlin","category-politik","category-veranstaltungen"],"jetpack_featured_media_url":"","jetpack_shortlink":"https:\/\/wp.me\/py5dN-ss","jetpack_sharing_enabled":true,"_links":{"self":[{"href":"https:\/\/www.berlin.freidenker.org\/index.php?rest_route=\/wp\/v2\/posts\/1764","targetHints":{"allow":["GET"]}}],"collection":[{"href":"https:\/\/www.berlin.freidenker.org\/index.php?rest_route=\/wp\/v2\/posts"}],"about":[{"href":"https:\/\/www.berlin.freidenker.org\/index.php?rest_route=\/wp\/v2\/types\/post"}],"author":[{"embeddable":true,"href":"https:\/\/www.berlin.freidenker.org\/index.php?rest_route=\/wp\/v2\/users\/4"}],"replies":[{"embeddable":true,"href":"https:\/\/www.berlin.freidenker.org\/index.php?rest_route=%2Fwp%2Fv2%2Fcomments&post=1764"}],"version-history":[{"count":13,"href":"https:\/\/www.berlin.freidenker.org\/index.php?rest_route=\/wp\/v2\/posts\/1764\/revisions"}],"predecessor-version":[{"id":1778,"href":"https:\/\/www.berlin.freidenker.org\/index.php?rest_route=\/wp\/v2\/posts\/1764\/revisions\/1778"}],"wp:attachment":[{"href":"https:\/\/www.berlin.freidenker.org\/index.php?rest_route=%2Fwp%2Fv2%2Fmedia&parent=1764"}],"wp:term":[{"taxonomy":"category","embeddable":true,"href":"https:\/\/www.berlin.freidenker.org\/index.php?rest_route=%2Fwp%2Fv2%2Fcategories&post=1764"},{"taxonomy":"post_tag","embeddable":true,"href":"https:\/\/www.berlin.freidenker.org\/index.php?rest_route=%2Fwp%2Fv2%2Ftags&post=1764"}],"curies":[{"name":"wp","href":"https:\/\/api.w.org\/{rel}","templated":true}]}}