{"id":1779,"date":"2016-04-05T18:50:51","date_gmt":"2016-04-05T16:50:51","guid":{"rendered":"http:\/\/www.berlin.freidenker.org\/?p=1779"},"modified":"2016-04-05T21:54:49","modified_gmt":"2016-04-05T19:54:49","slug":"information-von-der-leitungssitzung-der-berliner-freidenker-am-22-3-2016","status":"publish","type":"post","link":"https:\/\/www.berlin.freidenker.org\/?p=1779","title":{"rendered":"Information von der Leitungssitzung der Berliner Freidenker am 22. 3. 2016"},"content":{"rendered":"<p align=\"left\"><span style=\"color: #000000;\"><span style=\"font-family: 'Liberation Serif';\"><span style=\"font-size: medium;\">Am 22.3.2016 hat die Leitung der Berliner Freidenker ihre planm\u00e4\u00dfige Sitzung durchgef\u00fchrt. Alle gew\u00e4hlten Leitungsmitglieder waren anwesend, dar\u00fcber hinaus einige interessierte Verbandsmitglieder, sowie auch einige Nichtmitglieder als G\u00e4ste.<\/span><\/span><\/span><\/p>\n<p align=\"left\"><span style=\"color: #000000;\"><span style=\"font-family: 'Liberation Serif';\"><span style=\"font-size: medium;\">Besonders gro\u00dfen Raum nahm die Diskussion des Haupttagesordnungspunktes ein \u2013 die Einsch\u00e4tzung der im M\u00e4rz 2016 geplanten Veranstaltungen, also der beiden abgesagten \u00f6ffentlichen (9. und 16. 3. 2016) und der mit Ken Jebsen am 9.3. durchgef\u00fchrten nicht\u00f6ffentlichen Veranstaltung. <\/span><\/span><\/span><\/p>\n<p align=\"left\"><span style=\"color: #000000;\"><span style=\"font-family: 'Liberation Serif';\"><span style=\"font-size: medium;\">In der Diskussion wurde nachdr\u00fccklich herausgearbeitet, dass es in allen drei Veranstaltungen um die offensive Position der Freidenker im Friedenskampf ging \u2013 die bekannte Position des <\/span><\/span><\/span><\/p>\n<p align=\"center\"><span style=\"color: #333333;\">\u201c<span style=\"font-family: 'Liberation Serif';\"><span style=\"font-size: medium;\"><b>Deutschland raus aus der NATO, NATO raus aus Deutschland; strategische gleichberechtigte Kooperation mit Russland\u201d<\/b><\/span><\/span><\/span><\/p>\n<p align=\"left\"><span style=\"color: #000000;\"><span style=\"font-family: 'Liberation Serif';\"><span style=\"font-size: medium;\">und dass die Freidenker diese Position auch zuk\u00fcnftig mit aller Konsequenz und gemeinsam mit allen B\u00fcndnispartnern, die dazu bereit sind, vertreten und propagieren werden.<\/span><\/span><\/span><\/p>\n<p align=\"left\"><span style=\"color: #000000;\"><span style=\"font-family: 'Liberation Serif';\"><span style=\"font-size: medium;\">Die Leitung sch\u00e4tzte selbstkritisch ein, die \u00e4u\u00dferst heftigen Gegenaktionen und das Ausma\u00df der Personalisierungen in den \u00f6ffentlichen Angriffen nicht ausreichend vorhergesehen zu haben. Dadurch wurden die Absagen unvermeidlich, und die geplante inhaltliche Sto\u00dfrichtung kam nicht so zur Geltung, wie wir es wollten. <\/span><\/span><\/span><\/p>\n<p align=\"left\"><span style=\"color: #000000;\"><span style=\"font-family: 'Liberation Serif';\"><span style=\"font-size: medium;\">Wir haben die nachhaltige Erfahrung gemacht, dass von nicht wenigen Kontrahenten jede direkte inhaltliche Auseinandersetzung vermieden wird, sondern stattdessen ausschlie\u00dflich auf Diskreditierung gesetzt wird.\u00a0<\/span><\/span><\/span><span style=\"color: #000000;\"><span style=\"font-family: 'Liberation Serif';\"><span style=\"font-size: medium;\">Auch gegen\u00fcber solchen Positionen bleiben wir gespr\u00e4chsbereit, flehen aber nicht um Geh\u00f6r. <\/span><\/span><\/span><\/p>\n<p align=\"left\"><span style=\"color: #000000;\"><span style=\"font-family: 'Liberation Serif';\"><span style=\"font-size: medium;\">Wir haben bemerkt, dass mit vielen Friedensfreunden, darunter bew\u00e4hrten Gef\u00e4hrten aus B\u00fcndnissen und langem gemeinsamem Kampf, verschiedenartige Meinungsverschiedenheiten bestehen. Es gibt also viel Gespr\u00e4chsbedarf, und nicht nur unsere bew\u00e4hrte \u00f6ffentliche Runde \u201eFreidenker im Gespr\u00e4ch\u201c wird Gelegenheit bieten, an solchen politisch-geistigen Problemen unserer Zeit zu arbeiten. <\/span><\/span><\/span><\/p>\n<p align=\"left\"><span style=\"color: #000000;\"><span style=\"font-family: 'Liberation Serif';\"><span style=\"font-size: medium;\">Zum Wie des Meinungsstreits haben wir eine interessante Erfahrung gemacht &#8211; es wurden n\u00e4mlich i<\/span><\/span><\/span><span style=\"color: #000000;\"><span style=\"font-family: 'Liberation Serif';\"><span style=\"font-size: medium;\">n der Diskussion, die wir am 9.3. gemeinsam mit Ken Jebsen f\u00fchrten, spontan zwei Regeln f\u00fcr den konstruktiven Meinungsstreit formuliert. An ihnen wollen wir festhalten:<\/span><\/span><\/span><\/p>\n<p align=\"center\"><span style=\"color: #333333;\">\u201e<span style=\"font-family: 'Liberation Serif';\"><span style=\"font-size: medium;\"><i>Unhintergehbare Prinzipien der Kommunikation von freien Partnern (Rassisten geh\u00f6ren per Definition nicht dazu) sind, dass niemand das Recht auf \u201cletzte Urteile\u201d hat (Keiner ist im Besitz der Wahrheit.) und dass ALLES ausgesprochen werden darf. (Es gibt keine Tabus.)\u201c<\/i><\/span><\/span><\/span><\/p>\n<p align=\"left\"><span style=\"color: #333333;\"><span style=\"font-family: 'Liberation Serif';\"><span style=\"font-size: medium;\">Zu den erfreulichen Tatsachen der Auseinandersetzungen des letzten Monats geh\u00f6rt, dass wir viel Solidarisierung erfahren haben. Neue Interessenten haben zu uns gefunden. Wir lernen andere FriedensaktivistInnen kennen, die zwar ebenfalls nicht perfekt sind aber Positionen mit uns teilen, die uns \u2013 nicht zuletzt in der Friedensfrage \u2013 besonders wichtig sind. <\/span><\/span><\/span><\/p>\n<p align=\"right\"><span style=\"color: #333333;\"><span style=\"font-family: 'Liberation Serif';\"><span style=\"font-size: medium;\">Leitungskollektiv der Berliner Freidenker<\/span><\/span><\/span><\/p>\n","protected":false},"excerpt":{"rendered":"<p>Am 22.3.2016 hat die Leitung der Berliner Freidenker ihre planm\u00e4\u00dfige Sitzung durchgef\u00fchrt. Alle gew\u00e4hlten Leitungsmitglieder waren anwesend, dar\u00fcber hinaus einige interessierte Verbandsmitglieder, sowie auch einige Nichtmitglieder als G\u00e4ste. Besonders gro\u00dfen Raum nahm die Diskussion des Haupttagesordnungspunktes ein \u2013 die Einsch\u00e4tzung der im M\u00e4rz 2016 geplanten Veranstaltungen, also der beiden abgesagten \u00f6ffentlichen (9. und 16. 3. [&hellip;]<\/p>\n","protected":false},"author":4,"featured_media":0,"comment_status":"open","ping_status":"open","sticky":false,"template":"","format":"standard","meta":{"jetpack_post_was_ever_published":false,"_jetpack_newsletter_access":"","_jetpack_dont_email_post_to_subs":false,"_jetpack_newsletter_tier_id":0,"_jetpack_memberships_contains_paywalled_content":false,"_jetpack_memberships_contains_paid_content":false,"footnotes":""},"categories":[14,46,45,24,8],"tags":[101],"class_list":["post-1779","post","type-post","status-publish","format-standard","hentry","category-aktivitaeten-des-dfv-berlin","category-freidenker-im-gespraech","category-friedensbewegung","category-friko-berlin","category-standpunkte","tag-leitungssitzung-freidenker"],"jetpack_featured_media_url":"","jetpack_shortlink":"https:\/\/wp.me\/py5dN-sH","jetpack_sharing_enabled":true,"_links":{"self":[{"href":"https:\/\/www.berlin.freidenker.org\/index.php?rest_route=\/wp\/v2\/posts\/1779","targetHints":{"allow":["GET"]}}],"collection":[{"href":"https:\/\/www.berlin.freidenker.org\/index.php?rest_route=\/wp\/v2\/posts"}],"about":[{"href":"https:\/\/www.berlin.freidenker.org\/index.php?rest_route=\/wp\/v2\/types\/post"}],"author":[{"embeddable":true,"href":"https:\/\/www.berlin.freidenker.org\/index.php?rest_route=\/wp\/v2\/users\/4"}],"replies":[{"embeddable":true,"href":"https:\/\/www.berlin.freidenker.org\/index.php?rest_route=%2Fwp%2Fv2%2Fcomments&post=1779"}],"version-history":[{"count":2,"href":"https:\/\/www.berlin.freidenker.org\/index.php?rest_route=\/wp\/v2\/posts\/1779\/revisions"}],"predecessor-version":[{"id":1781,"href":"https:\/\/www.berlin.freidenker.org\/index.php?rest_route=\/wp\/v2\/posts\/1779\/revisions\/1781"}],"wp:attachment":[{"href":"https:\/\/www.berlin.freidenker.org\/index.php?rest_route=%2Fwp%2Fv2%2Fmedia&parent=1779"}],"wp:term":[{"taxonomy":"category","embeddable":true,"href":"https:\/\/www.berlin.freidenker.org\/index.php?rest_route=%2Fwp%2Fv2%2Fcategories&post=1779"},{"taxonomy":"post_tag","embeddable":true,"href":"https:\/\/www.berlin.freidenker.org\/index.php?rest_route=%2Fwp%2Fv2%2Ftags&post=1779"}],"curies":[{"name":"wp","href":"https:\/\/api.w.org\/{rel}","templated":true}]}}