{"id":1782,"date":"2016-04-06T16:57:52","date_gmt":"2016-04-06T14:57:52","guid":{"rendered":"http:\/\/www.berlin.freidenker.org\/?p=1782"},"modified":"2016-04-06T16:57:52","modified_gmt":"2016-04-06T14:57:52","slug":"information-von-der-leitungssitzung-der-berliner-freidenker-am-4-4-2016","status":"publish","type":"post","link":"https:\/\/www.berlin.freidenker.org\/?p=1782","title":{"rendered":"Information von der Leitungssitzung der Berliner Freidenker am 4. 4. 2016"},"content":{"rendered":"<p>Am 4.4.2016 hat die Leitung der Berliner Freidenker ihre planm\u00e4\u00dfige Sitzung durchgef\u00fchrt.<\/p>\n<p style=\"text-align: center;\"><strong>*<\/strong><\/p>\n<p>Es gab eine Neuigkeit: Unsere Leitungssitzung begann gegen 19.15 Uhr, wir trafen uns aber bereits um 18 Uhr. Wir hatten n\u00e4mlich beschlossen, zun\u00e4chst eine Stunde an der <a href=\"https:\/\/www.mahnwache.info\/termine\/item\/687-108-mahnwache-f%C3%BCr-den-frieden-berlin.html\" target=\"_blank\">Berliner Montagsmahnwache f\u00fcr den Frieden<\/a> auf dem Wittenbergplatz teilzunehmen, die seit zwei Jahren w\u00f6chentlich stattfindet. Wir f\u00fchrten viele Gespr\u00e4che mit Organisatoren und Besuchern der Mahnwache, in denen wir die N\u00e4he unserer Positionen, etwa zur aggressiven Rolle der NATO, feststellten aber auch interessante Meinungsverschiedenheiten im Detail diskutierten. F\u00fcr den Aufruf der Freidenker und von Arbeiterfotografie <a href=\"http:\/\/www.neinzurnato.de\/\" target=\"_blank\">\u201cDeutschland raus aus der NATO, NATO raus aus Deutschland; strategische gleichberechtigte Kooperation mit Russland\u201d<\/a> konnten wir 10 Unterschriften sammeln und acht Buttons verkaufen.<\/p>\n<p style=\"text-align: center;\"><strong>*<\/strong><\/p>\n<p>W\u00e4hrend der Leitungssitzung kamen wir noch einmal auf unsere Diskussion vom 22.3. zur\u00fcck (Siehe<a href=\"https:\/\/www.berlin.freidenker.org\/?p=1779\" target=\"_blank\"> hier<\/a>) und stellten noch einmal klar: Wir sind uns einig, dass wir Berliner Freidenker OFFEN mit den Friedenskr\u00e4ften zusammenarbeiten, gegen die mit den bekannten Querfrontvorw\u00fcrfen aus &#8222;antideutschen Positionen&#8220; gehetzt wird. Das betrifft z. B. Ken Jebsen, die Berliner Montagsmahnwache, die Band &#8222;Bandbreite&#8220; und andere. Zugleich ist diese Solidarisierung NICHT das Primat unserer Friedensarbeit. Wir werden uns nicht durch den erbitterten Streit um dieses oder jenes &#8222;rote Tuch&#8220; von den HAUPTINHALTEN unseres langfristig angelegten Friedenskampfes abhalten lassen. Diese Hauptinhalte sind im oben bereits erw\u00e4hnten Aufruf<\/p>\n<p style=\"text-align: center;\">\u201cDeutschland raus aus der NATO, NATO raus aus Deutschland; strategische gleichberechtigte Kooperation mit Russland\u201d<\/p>\n<p>niedergelegt, f\u00fcr dessen gr\u00f6\u00dfere Verbreitung wir uns mit aller Kraft und mit noch mehr Initiative und Phantasie einsetzen wollen.<\/p>\n<p style=\"text-align: center;\"><strong>* <\/strong><\/p>\n<p>Die Leitung beschloss die n\u00e4chsten Themen unserer \u00f6ffentlichen &#8222;Berliner Runden &#8211; Freidenker im Gespr\u00e4ch&#8220; (jeweils am 2. Mittwoch des Monats, 18 Uhr im Klub der Volkssolidarit\u00e4t, Torstr. 203):<\/p>\n<p>&#8211; 13.4. &#8222;Wie gef\u00e4hrlich ist die NATO heute?&#8220; mit Oberst a. D. <a href=\"http:\/\/www.vip-ev.de\/text721.htm\" target=\"_blank\">Bernd Biedermann<\/a><\/p>\n<p>&#8211; 11.5. &#8222;9\/11\u00a0&#8211; &#8222;Krieg gegen den Terror&#8220; &#8211; Islam&#8220;\u00a0 mit <a href=\"https:\/\/www.youtube.com\/watch?v=wZGT7NJOjZ0\">Elias Davidsson<\/a><\/p>\n<p>&#8211; 8.6.<a href=\"http:\/\/rotfuchs.net\/files\/rotfuchs-beilagen-pdf\/RF-219-04-16-Beilage-Mahlow.pdf\" target=\"_blank\"> &#8222;Russland &#8211; die politische Lage vor den Dumawahlen<\/a>. Probleme und Perspektiven&#8220; mit Bruno Mahlow (angefragt)<\/p>\n<p>&#8211; Im Juli und August finden keine planm\u00e4\u00dfig Freidenkerrunden im Klub Torstr. statt, wir bereiten aber f\u00fcr voraussichtlich Anfang Juli eine Veranstaltung in\/mit der venezolanischen Botschaft vor.<\/p>\n<p style=\"text-align: center;\"><strong> * <\/strong><\/p>\n<p>Wir Freidenker werden uns besonders in Hinblick auf den 75. Jahrestag des \u00dcberfalls des faschistischen Deutschland auf die Sowjetunion sowie im Vorfeld des NATO-Gipfels von Warschau im Juli am Friedensmarkt der Friko am 24.6.2016 aktiv beteiligen. Wir rufen zu Ideen und Initiativen und Mitarbeit f\u00fcr diesen Tag auf!<\/p>\n<p style=\"text-align: center;\"><strong>* <\/strong><\/p>\n<p>Unsere n\u00e4chste Leitungssitzung am 2. 5. 2016 werden wir wieder mit einem etwa einst\u00fcndigen Besuch der Berliner Montagsmahnwache f\u00fcr den Frieden am Wittenbergplatz um 18 Uhr beginnen.<\/p>\n<p style=\"text-align: right;\">Leitungskollektiv der Berliner Freidenker<\/p>\n","protected":false},"excerpt":{"rendered":"<p>Am 4.4.2016 hat die Leitung der Berliner Freidenker ihre planm\u00e4\u00dfige Sitzung durchgef\u00fchrt. * Es gab eine Neuigkeit: Unsere Leitungssitzung begann gegen 19.15 Uhr, wir trafen uns aber bereits um 18 Uhr. Wir hatten n\u00e4mlich beschlossen, zun\u00e4chst eine Stunde an der Berliner Montagsmahnwache f\u00fcr den Frieden auf dem Wittenbergplatz teilzunehmen, die seit zwei Jahren w\u00f6chentlich stattfindet. [&hellip;]<\/p>\n","protected":false},"author":4,"featured_media":0,"comment_status":"open","ping_status":"open","sticky":false,"template":"","format":"standard","meta":{"jetpack_post_was_ever_published":false,"_jetpack_newsletter_access":"","_jetpack_dont_email_post_to_subs":false,"_jetpack_newsletter_tier_id":0,"_jetpack_memberships_contains_paywalled_content":false,"_jetpack_memberships_contains_paid_content":false,"footnotes":""},"categories":[14,46,45,24,21,8,13],"tags":[103,106,102,105,41,69,104,107],"class_list":["post-1782","post","type-post","status-publish","format-standard","hentry","category-aktivitaeten-des-dfv-berlin","category-freidenker-im-gespraech","category-friedensbewegung","category-friko-berlin","category-politik","category-standpunkte","category-veranstaltungen","tag-bandbreite","tag-bruno-mahlow","tag-buendnispolitik","tag-elias-davidsson","tag-ken-jebsen","tag-montagsmahnwachen","tag-oberst-a-d-biedermann","tag-russland"],"jetpack_featured_media_url":"","jetpack_shortlink":"https:\/\/wp.me\/py5dN-sK","jetpack_sharing_enabled":true,"_links":{"self":[{"href":"https:\/\/www.berlin.freidenker.org\/index.php?rest_route=\/wp\/v2\/posts\/1782","targetHints":{"allow":["GET"]}}],"collection":[{"href":"https:\/\/www.berlin.freidenker.org\/index.php?rest_route=\/wp\/v2\/posts"}],"about":[{"href":"https:\/\/www.berlin.freidenker.org\/index.php?rest_route=\/wp\/v2\/types\/post"}],"author":[{"embeddable":true,"href":"https:\/\/www.berlin.freidenker.org\/index.php?rest_route=\/wp\/v2\/users\/4"}],"replies":[{"embeddable":true,"href":"https:\/\/www.berlin.freidenker.org\/index.php?rest_route=%2Fwp%2Fv2%2Fcomments&post=1782"}],"version-history":[{"count":4,"href":"https:\/\/www.berlin.freidenker.org\/index.php?rest_route=\/wp\/v2\/posts\/1782\/revisions"}],"predecessor-version":[{"id":1786,"href":"https:\/\/www.berlin.freidenker.org\/index.php?rest_route=\/wp\/v2\/posts\/1782\/revisions\/1786"}],"wp:attachment":[{"href":"https:\/\/www.berlin.freidenker.org\/index.php?rest_route=%2Fwp%2Fv2%2Fmedia&parent=1782"}],"wp:term":[{"taxonomy":"category","embeddable":true,"href":"https:\/\/www.berlin.freidenker.org\/index.php?rest_route=%2Fwp%2Fv2%2Fcategories&post=1782"},{"taxonomy":"post_tag","embeddable":true,"href":"https:\/\/www.berlin.freidenker.org\/index.php?rest_route=%2Fwp%2Fv2%2Ftags&post=1782"}],"curies":[{"name":"wp","href":"https:\/\/api.w.org\/{rel}","templated":true}]}}