{"id":1795,"date":"2016-04-08T19:31:09","date_gmt":"2016-04-08T17:31:09","guid":{"rendered":"http:\/\/www.berlin.freidenker.org\/?p=1795"},"modified":"2016-04-09T18:00:35","modified_gmt":"2016-04-09T16:00:35","slug":"demonstrationen-in-hellersdorf-am-2-4-16","status":"publish","type":"post","link":"https:\/\/www.berlin.freidenker.org\/?p=1795","title":{"rendered":"Demonstrationen in Hellersdorf am 2.4.16"},"content":{"rendered":"<p style=\"text-align: center;\"><strong>Bericht von Albrecht Ludloff<\/strong><\/p>\n<p>Die Gruppe &#8222;Nein zum Heim &#8211; Marzahn-Hellersdorf&#8220; &#8211; laut der <a href=\"http:\/\/www.mbr-berlin.de\/\">Mobilen Beratung gegen Rechtsextremismus Berlin (MBR)<\/a> rechtsextreme Strukturen \u2013 hatte f\u00fcr den 02.04.16 zu einem Aufmarsch in Hellersdorf aufgerufen. Verschiedene Initiativen, darunter &#8222;Willkommen in Marzahn&#8220; und das &#8222;Berliner B\u00fcndnis gegen Rechts&#8220;, das u.a. vom Berliner Senat und auch Wirtschaftsunternehmen gef\u00f6rdert wird, mobilisierten zu Protesten. Hier der Link zum Verein f\u00fcr politische Kultur e.V., der auf seiner Webseite<a href=\"http:\/\/berlin-gegen-nazis.de\/samstag-02-04-2016-13-uhr-rechtsextremer-aufmarsch-in-hellersdorf-proteste-angekuendigt\/\">http:\/\/berlin-gegen-nazis.de\/samstag-02-04-2016-13-uhr-rechtsextremer-aufmarsch-in-hellersdorf-proteste-angekuendigt\/<\/a> wesentlich zur Information und Koordination der Gegendemontrationen beigetragen hatte.<strong>\u00a0<\/strong><\/p>\n<p><strong>Schlussendlich versuchte ein Aufgebot von mehreren hundert Polizisten, ca. 200 Fremdenfeinde vor Behinderungen durch \u00fcber 1.000 Gegendemonstrierende zu sch\u00fctzen. Die Freunde und Helfer versuchten teils mit massiver Gewalt, Pfefferspray und sogar Hunden, die hartn\u00e4ckigen Blockaden an verschiedenen Stellen aufzul\u00f6sen. Mit wechselndem Erfolg.<\/strong> Unter den Gegendemonstranten brachten VertreterInnen zahlreicher Organisationen (wie ver.di, die Linke, SPD, die GEW, Deutscher Freidenkerverband, Jusos, Antifa u.a.) und Einzelpersonen laut und klar ihren entschiedenen Widerstand gegen Ausl\u00e4nderhass und Intoleranz zum Ausdruck. <strong>Zahlreiche Studierende der Alice-Salomon-Hochschule <a href=\"http:\/\/www.ash-berlin.eu\/\">http:\/\/www.ash-berlin.eu\/<\/a>\u00a0hatten nicht nur ihr Geb\u00e4ude &#8222;beflaggt&#8220;, sondern mit tollen Rhythmen die Reichsfahnentr\u00e4ger unh\u00f6rbar gemacht!<\/strong><strong>\u00a0<\/strong><\/p>\n<p>Mehrere Gegendemonstranten brachten im Gespr\u00e4ch zum Ausdruck, dass sie selbst ihre Heimat nur bei Gefahr starkem Druck verlassen w\u00fcrden. Weil sie sich das auch bei den Gefl\u00fcchteten so vorstellen,<strong> m\u00fcssten sich die Proteste eigentlich gegen die Verantwortlichen der Kriegs- und Vertreibungspolitik richten \u2013 in westlichen Regierungen, NATO, Geheimdiensten, Medien und dem milit\u00e4risch-industriellen Komplex, nicht zuletzt beim durch die EZB- und FED-Geldschwemme besonders aggressiven, unter Kapitalvermehrungszwang stehenden Finanzkapital.<\/strong><strong>\u00a0<\/strong><\/p>\n<p><strong>Wer versucht, das ganze aus der Vogelperspektive zu betrachten, kommt zu dem Eindruck, dass es den Herrschenden ganz recht ist, wenn ihre Untertanen zerstritten sind: untereinander und mit den Fl\u00fcchtlingen. Und dass sie dazu beitragen.<\/strong><\/p>\n<p><strong>\u00a0<\/strong><strong>&#8222;Merkw\u00fcrdig&#8220; die unterschiedliche Berichterstattung in Berliner Medien:<\/strong><strong>\u00a0<\/strong><\/p>\n<p><strong>Tageszeitung<a href=\"https:\/\/www.jungewelt.de\/2016\/04-04\/007.php?sstr=hellersdorf\" target=\"_blank\">\u00a0&#8222;junge Welt<\/a>&#8222;.<\/strong><\/p>\n<p>Die<strong>\u00a0&#8222;<a href=\"http:\/\/www.berliner-zeitung.de\/berlin\/linke-blockieren-in-marzahn-hellersdorf-rechte-demonstration-23819572\" target=\"_blank\">Berliner Zeitung<\/a>&#8222;<\/strong> brachte mehrere Meldungen.\u00a0Hier hei\u00dft es: <em>&#8222;Linke Initiativen hatten zu drei Gegenkundgebungen nahe dem U-Bahnhof Hellersdorf aufgerufen. Auf Plakaten der Teilnehmer war \u201eBunt statt braun\u201c und \u201eF\u00fcr eine solidarische Gesellschaft &#8211; jetzt und \u00fcberall\u201c zu lesen. Au\u00dferdem waren Fahnen von SPD, Linke und Piraten zu sehen. Zu Beginn der Veranstaltung hatte die Polizei ein Plakat wegen strafbaren Inhalts konfisziert.<\/em>&#8220;<\/p>\n<p>Tendenzi\u00f6s? Tipp an die Redaktion: Es w\u00e4re nicht unwesentlich, das Plakat auch eindeutig dem Tr\u00e4ger zuzuordnen. Wenn solche Darstellung gew\u00e4hlt wird, f\u00fchlt sich der aufmerksame Leser &#8222;faktenlos gelenkt&#8220;, also manipuliert.<\/p>\n<p>Den Vogel schoss dieselbe Zeitung in ihrer Printausgabe vom 04.04.16 ab (Anlage): In dem Artikelchen wird zumindest sehr nahegelegt, dass &#8222;Linke&#8220; u.a. wegen Volksverhetzung verhaftet wurden.<\/p>\n<p style=\"text-align: center;\"><a href=\"https:\/\/i0.wp.com\/www.berlin.freidenker.org\/wp-content\/uploads\/2016\/04\/160404-demomeldung-fd-webseite.jpg?ssl=1\" rel=\"attachment wp-att-1801\"><img data-recalc-dims=\"1\" loading=\"lazy\" decoding=\"async\" class=\"alignnone size-full wp-image-1801\" src=\"https:\/\/i0.wp.com\/www.berlin.freidenker.org\/wp-content\/uploads\/2016\/04\/160404-demomeldung-fd-webseite.jpg?resize=300%2C692&#038;ssl=1\" alt=\"160404 demomeldung fd-webseite\" width=\"300\" height=\"692\" srcset=\"https:\/\/i0.wp.com\/www.berlin.freidenker.org\/wp-content\/uploads\/2016\/04\/160404-demomeldung-fd-webseite.jpg?w=300&amp;ssl=1 300w, https:\/\/i0.wp.com\/www.berlin.freidenker.org\/wp-content\/uploads\/2016\/04\/160404-demomeldung-fd-webseite.jpg?resize=130%2C300&amp;ssl=1 130w\" sizes=\"auto, (max-width: 300px) 100vw, 300px\" \/><\/a><\/p>\n<p style=\"text-align: center;\"><a href=\"https:\/\/i0.wp.com\/www.berlin.freidenker.org\/wp-content\/uploads\/2016\/04\/160404-IMG_20160402_132808-fd-webseite-e1460217616971.jpg?ssl=1\" rel=\"attachment wp-att-1804\"><img data-recalc-dims=\"1\" loading=\"lazy\" decoding=\"async\" class=\"alignnone size-full wp-image-1804\" src=\"https:\/\/i0.wp.com\/www.berlin.freidenker.org\/wp-content\/uploads\/2016\/04\/160404-IMG_20160402_132808-fd-webseite-e1460217616971.jpg?resize=500%2C281&#038;ssl=1\" alt=\"160404 IMG_20160402_132808 fd webseite\" width=\"500\" height=\"281\" \/><\/a><\/p>\n","protected":false},"excerpt":{"rendered":"<p>Bericht von Albrecht Ludloff Die Gruppe &#8222;Nein zum Heim &#8211; Marzahn-Hellersdorf&#8220; &#8211; laut der Mobilen Beratung gegen Rechtsextremismus Berlin (MBR) rechtsextreme Strukturen \u2013 hatte f\u00fcr den 02.04.16 zu einem Aufmarsch in Hellersdorf aufgerufen. Verschiedene Initiativen, darunter &#8222;Willkommen in Marzahn&#8220; und das &#8222;Berliner B\u00fcndnis gegen Rechts&#8220;, das u.a. vom Berliner Senat und auch Wirtschaftsunternehmen gef\u00f6rdert wird, [&hellip;]<\/p>\n","protected":false},"author":4,"featured_media":0,"comment_status":"open","ping_status":"open","sticky":false,"template":"","format":"standard","meta":{"jetpack_post_was_ever_published":false,"_jetpack_newsletter_access":"","_jetpack_dont_email_post_to_subs":false,"_jetpack_newsletter_tier_id":0,"_jetpack_memberships_contains_paywalled_content":false,"_jetpack_memberships_contains_paid_content":false,"footnotes":""},"categories":[14,22,21,8,13],"tags":[111,112],"class_list":["post-1795","post","type-post","status-publish","format-standard","hentry","category-aktivitaeten-des-dfv-berlin","category-friedensaktionen","category-politik","category-standpunkte","category-veranstaltungen","tag-fluechtlinge","tag-solidaritaet"],"jetpack_featured_media_url":"","jetpack_shortlink":"https:\/\/wp.me\/py5dN-sX","jetpack_sharing_enabled":true,"_links":{"self":[{"href":"https:\/\/www.berlin.freidenker.org\/index.php?rest_route=\/wp\/v2\/posts\/1795","targetHints":{"allow":["GET"]}}],"collection":[{"href":"https:\/\/www.berlin.freidenker.org\/index.php?rest_route=\/wp\/v2\/posts"}],"about":[{"href":"https:\/\/www.berlin.freidenker.org\/index.php?rest_route=\/wp\/v2\/types\/post"}],"author":[{"embeddable":true,"href":"https:\/\/www.berlin.freidenker.org\/index.php?rest_route=\/wp\/v2\/users\/4"}],"replies":[{"embeddable":true,"href":"https:\/\/www.berlin.freidenker.org\/index.php?rest_route=%2Fwp%2Fv2%2Fcomments&post=1795"}],"version-history":[{"count":11,"href":"https:\/\/www.berlin.freidenker.org\/index.php?rest_route=\/wp\/v2\/posts\/1795\/revisions"}],"predecessor-version":[{"id":1823,"href":"https:\/\/www.berlin.freidenker.org\/index.php?rest_route=\/wp\/v2\/posts\/1795\/revisions\/1823"}],"wp:attachment":[{"href":"https:\/\/www.berlin.freidenker.org\/index.php?rest_route=%2Fwp%2Fv2%2Fmedia&parent=1795"}],"wp:term":[{"taxonomy":"category","embeddable":true,"href":"https:\/\/www.berlin.freidenker.org\/index.php?rest_route=%2Fwp%2Fv2%2Fcategories&post=1795"},{"taxonomy":"post_tag","embeddable":true,"href":"https:\/\/www.berlin.freidenker.org\/index.php?rest_route=%2Fwp%2Fv2%2Ftags&post=1795"}],"curies":[{"name":"wp","href":"https:\/\/api.w.org\/{rel}","templated":true}]}}