{"id":1846,"date":"2016-04-14T23:45:01","date_gmt":"2016-04-14T21:45:01","guid":{"rendered":"http:\/\/www.berlin.freidenker.org\/?p=1846"},"modified":"2016-04-15T11:43:11","modified_gmt":"2016-04-15T09:43:11","slug":"zum-apriltreffen-mit-oberst-biedermann-und-dem-thema-wie-gefaehrlich-ist-die-nato","status":"publish","type":"post","link":"https:\/\/www.berlin.freidenker.org\/?p=1846","title":{"rendered":"Zum Apriltreffen mit Oberst Biedermann und dem Thema \u201eWie gef\u00e4hrlich ist die NATO?\u201c"},"content":{"rendered":"<p style=\"text-align: center;\"><strong>Beitrag von Freidenker\u00a0Renato Lorenz, Berlin<\/strong><\/p>\n<p class=\"western\" style=\"text-align: left;\" align=\"left\"><em>Nach solch einem Abend, f\u00fcr den ich mich bedanke, ist man angeregt, eine Menge schreiben zu wollen, Zustimmendes und Kritisches hinsichtlich mancherlei \u00c4u\u00dferungen. Schon deshalb kann er als gelungen bezeichnet werden. Herr Biedermann hat sich redlich bem\u00fcht, das Thema NATO-Gefahr zu referieren. Seine historischen Lebenserinnerungen aus seiner DDR-Zeit waren f\u00fcr mich sehr interessant. Es w\u00e4re ganz sicher aber spannender gewesen, Herrn Biedermann zu einem Thema um China herum geh\u00f6rt zu haben, zu dem er offensichtlich tiefe Einblicke nutzen kann. Denn zur NATO war nach meinem Geschmack nicht so sehr detailliert und wenig Neues f\u00fcr mich berichtet worden. Ich erinnerte mich ab und an beim Zuh\u00f6ren an die einst geh\u00f6rte Beschreibung eines vom Stahlhelm verdr\u00fcckten Milit\u00e4rgehirns und meinte, beim Vortragenden zuweilen einige solche Dellen bemerkt zu haben. Mit 13 Jahren Berufssoldatsein in der NVA darf ich mir diese Bemerkung leisten.<\/em><\/p>\n<p class=\"western\" style=\"text-align: left;\" align=\"left\"><em>Zur Klarstellung sei deshalb aber doch wichtig hervorzuheben, dass nach wie vor gilt, dass mit der Gr\u00fcndung der NATO unter Einschluss der profaschistischen BRD bereits sehr zeitig und bis heute von den Potsdamer Beschl\u00fcssen der alliierten M\u00e4chte zur Sicherung des Friedens und der Schaffung von Garantien gegen jedwede Aggression von deutscher Seite abger\u00fcckt worden war. Wer der BRD heute \u201eSicherungsaufgaben\u201c zuschreiben will vergisst, wer die Macht hat und welche Ziele mit dieser Macht verfolgt werden und dass allein nur zu diesem Zweck von offizieller Seite der Humanismus vorgeschoben wird. Gestern erst ist der Afrika-Einsatz der Bundeswehr ausgeweitet worden, ohne dass das mit Satire besch\u00e4ftigte Volk dar\u00fcber erkennbar nachsinnt.<\/em><\/p>\n<p class=\"western\" style=\"text-align: left;\" align=\"left\"><em>Insofern kann eine humanistische und fortschrittliche Position nicht mit der Einsch\u00e4tzung eines DDR-Luftabwehroberst a.D. konform gehen, dass das \u201eDach\u201c des milit\u00e4risch zu sch\u00fctzenden Nationalstaates Deutschlands \u201egef\u00e4hrlich offen\u201c ist. Denn darin kann dann ja nur die Forderung nach \u201eSchlie\u00dfung\u201c also nach Aufr\u00fcstung begr\u00fcndet sein bzw. diese daraus abgeleitet werden. Ich wiederhole deshalb: Jede Waffe, jedes St\u00fcck Munition und jeder Soldat unter imperialistischer Herrschaft sind je eines bzw. einer zu viel. Das deutsche Volk hat keine feindlichen V\u00f6lker, wie die anderen V\u00f6lker auch nicht. Wohl aber sind die \u00fcber ihm und \u00fcber viele von ihnen Herrschende die Feinde.<\/em><\/p>\n<p class=\"western\" style=\"text-align: left;\" align=\"left\"><em>Die \u00dcberzeugung von Herrn Biedermann, dass die Herrschenden die eigenen Lebensgrundlagen nicht zerst\u00f6ren werden, teile ich auch nicht. Der Gegenbeweis ist l\u00e4ngst mehrfach erbracht, sei es durch die Atomwaffenentwicklung inklusive des zweifachen Einsatzes gegen Zivilisten durch die USA oder die globale Umweltzerst\u00f6rung im Interesse von Maximalprofiten. Eine Chance zum \u00dcberlegen hat die Menschheit nur, wenn alsbald die Machtverh\u00e4ltnisse vor dem finalen Ausreizen der M\u00f6glichkeiten im Profitstreben ver\u00e4ndert werden.<\/em><\/p>\n","protected":false},"excerpt":{"rendered":"<p>Beitrag von Freidenker\u00a0Renato Lorenz, Berlin Nach solch einem Abend, f\u00fcr den ich mich bedanke, ist man angeregt, eine Menge schreiben zu wollen, Zustimmendes und Kritisches hinsichtlich mancherlei \u00c4u\u00dferungen. Schon deshalb kann er als gelungen bezeichnet werden. Herr Biedermann hat sich redlich bem\u00fcht, das Thema NATO-Gefahr zu referieren. Seine historischen Lebenserinnerungen aus seiner DDR-Zeit waren f\u00fcr [&hellip;]<\/p>\n","protected":false},"author":4,"featured_media":0,"comment_status":"open","ping_status":"open","sticky":false,"template":"","format":"standard","meta":{"jetpack_post_was_ever_published":false,"_jetpack_newsletter_access":"","_jetpack_dont_email_post_to_subs":false,"_jetpack_newsletter_tier_id":0,"_jetpack_memberships_contains_paywalled_content":false,"_jetpack_memberships_contains_paid_content":false,"footnotes":""},"categories":[49,46,45,47,21],"tags":[127,128,57,126,96],"class_list":["post-1846","post","type-post","status-publish","format-standard","hentry","category-aufklaerung","category-freidenker-im-gespraech","category-friedensbewegung","category-nation","category-politik","tag-brd","tag-faschismus","tag-nato","tag-oberst-biedermann","tag-usa"],"jetpack_featured_media_url":"","jetpack_shortlink":"https:\/\/wp.me\/py5dN-tM","jetpack_sharing_enabled":true,"_links":{"self":[{"href":"https:\/\/www.berlin.freidenker.org\/index.php?rest_route=\/wp\/v2\/posts\/1846","targetHints":{"allow":["GET"]}}],"collection":[{"href":"https:\/\/www.berlin.freidenker.org\/index.php?rest_route=\/wp\/v2\/posts"}],"about":[{"href":"https:\/\/www.berlin.freidenker.org\/index.php?rest_route=\/wp\/v2\/types\/post"}],"author":[{"embeddable":true,"href":"https:\/\/www.berlin.freidenker.org\/index.php?rest_route=\/wp\/v2\/users\/4"}],"replies":[{"embeddable":true,"href":"https:\/\/www.berlin.freidenker.org\/index.php?rest_route=%2Fwp%2Fv2%2Fcomments&post=1846"}],"version-history":[{"count":3,"href":"https:\/\/www.berlin.freidenker.org\/index.php?rest_route=\/wp\/v2\/posts\/1846\/revisions"}],"predecessor-version":[{"id":1855,"href":"https:\/\/www.berlin.freidenker.org\/index.php?rest_route=\/wp\/v2\/posts\/1846\/revisions\/1855"}],"wp:attachment":[{"href":"https:\/\/www.berlin.freidenker.org\/index.php?rest_route=%2Fwp%2Fv2%2Fmedia&parent=1846"}],"wp:term":[{"taxonomy":"category","embeddable":true,"href":"https:\/\/www.berlin.freidenker.org\/index.php?rest_route=%2Fwp%2Fv2%2Fcategories&post=1846"},{"taxonomy":"post_tag","embeddable":true,"href":"https:\/\/www.berlin.freidenker.org\/index.php?rest_route=%2Fwp%2Fv2%2Ftags&post=1846"}],"curies":[{"name":"wp","href":"https:\/\/api.w.org\/{rel}","templated":true}]}}