{"id":1849,"date":"2016-04-15T11:40:16","date_gmt":"2016-04-15T09:40:16","guid":{"rendered":"http:\/\/www.berlin.freidenker.org\/?p=1849"},"modified":"2016-04-15T11:42:26","modified_gmt":"2016-04-15T09:42:26","slug":"eine-weitere-stellungnahme-zur-aprilrunde-freidenker-im-gespraech-mit-oberst-biedermnn","status":"publish","type":"post","link":"https:\/\/www.berlin.freidenker.org\/?p=1849","title":{"rendered":"Eine weitere Stellungnahme zur Aprilrunde &#8222;Freidenker im Gespr\u00e4ch&#8220; mit Oberst a. D. Biedermann"},"content":{"rendered":"<p lang=\"en-US\" style=\"text-align: center;\"><strong>von Freidenker Albrecht Ludloff<\/strong><\/p>\n<p lang=\"en-US\" style=\"text-align: center;\">(<strong>Bemerkung des Webmasters:<\/strong> Umfangreiche Stellungnahmen werden wir weiterhin als selbst\u00e4ndige Postings ver\u00f6ffentlichen. Hingewiesen sei aber auch auf die M\u00f6glichkeit, die Kommentarfunktion zu nutzen und Kommentare direkt zu den Beitr\u00e4gen zu schreiben.)<\/p>\n<p lang=\"en-US\"><span style=\"font-family: 'Courier New', monospace;\"><span style=\"font-size: small;\"><span style=\"font-family: Calibri, sans-serif;\"><span lang=\"de-DE\">Auch ich bedanke mich f\u00fcr die Themenwahl und die interessanten Ausf\u00fchrungen des Genossen Biedermann, die einen reichen pers\u00f6nlichen Erfahrungsschatz aus der Friedenssicherungspraxis des Friedensstaates DDR offenbarten.<\/span><\/span><\/span><\/span><\/p>\n<p lang=\"en-US\"><span style=\"font-family: 'Courier New', monospace;\"><span style=\"font-size: small;\"><span style=\"font-family: Calibri, sans-serif;\"><span lang=\"de-DE\">Vor diesem Hintergrund habe ich seine Feststellung, das \u201eDach\u201c eines Krieg f\u00fchren wollenden NATO-Deutschlands und \u2013Europas sei \u201egef\u00e4hrlich offen\u201c, tats\u00e4chlich als Begr\u00fcndung kriegsinteressierter NATO-Kreise (vorneweg Kriegsministerin und Bundespr\u00e4sident, den einige unserer Bev\u00f6lkerung ohne zu fragen ein zweites Mal antun wollen) verstanden, weitere Aufr\u00fcstung zu fordern und sich gegen\u00fcber USA und NATO zu einer Fast-Verdoppelung des \u201eVerteidigungs\u201chaushalts auf zwei Prozent des BIP zu bekennen.<\/span><\/span><\/span><\/span><\/p>\n<p lang=\"en-US\"><span style=\"font-family: 'Courier New', monospace;\"><span style=\"font-size: small;\"><span style=\"font-family: Calibri, sans-serif;\"><span lang=\"de-DE\">Aus meiner Sicht hat der Referent die aktuelle Situation der Kriegstauglichkeit dieses Staates und NATO-Europas milit\u00e4rstrategisch eingesch\u00e4tzt \u2013 und nat\u00fcrlich nicht(!) die weitere Hochr\u00fcstung dieses Staates gefordert, wie der Kommentator Herr Lorenz offenbar unterstellt. <\/span><\/span><\/span><\/span><\/p>\n<p><span style=\"font-family: Calibri, sans-serif;\"><span style=\"font-size: small;\">Folgende Feststellung von Herrn Lorenz unterst\u00fctze ich aber ganz nachdr\u00fccklich:<\/span><\/span><\/p>\n<p lang=\"en-US\">\u201e<span style=\"font-family: 'Courier New', monospace;\"><span style=\"font-size: small;\"><span style=\"font-family: Calibri, sans-serif;\"><span lang=\"de-DE\">Jede Waffe, jedes St\u00fcck Munition und jeder Soldat unter imperialistischer Herrschaft sind je eines bzw. einer zu viel. Das deutsche Volk hat keine feindlichen V\u00f6lker, wie die anderen V\u00f6lker auch nicht. Wohl aber sind die \u00fcber ihm und \u00fcber viele von ihnen Herrschende die Feinde.\u201c Karl Liebknecht l\u00e4sst gr\u00fc\u00dfen.<\/span><\/span><\/span><\/span><\/p>\n<p lang=\"en-US\"><span style=\"font-family: 'Courier New', monospace;\"><span style=\"font-size: small;\"><span style=\"font-family: Calibri, sans-serif;\"><span lang=\"de-DE\">Zu kurz gekommen ist mir eine realistische Einsch\u00e4tzung der tats\u00e4chlichen Kriegsgefahr. Es kann doch nur ein erster Schritt sein, konventionelle und nukleare Kr\u00e4fteverh\u00e4ltnisse, den R\u00fcstungsgrad neuartiger Waffen (Aufkl\u00e4rungs- und Kampfdrohnen) und Milit\u00e4rdoktrinen zu vergleichen. Aus meiner Sicht ist die Sicherheit Russlands durch eine Vielfalt von Ma\u00dfnahmen und Bestrebungen wie<\/span><\/span><\/span><\/span><\/p>\n<p lang=\"en-US\"><span style=\"font-family: 'Courier New', monospace;\"><span style=\"font-size: small;\"><span style=\"font-family: Calibri, sans-serif;\"><span lang=\"de-DE\">a) die NATO-Expansion direkt an die russische Grenze und Verlegung immer neuer Einheiten ins Baltikum,<\/span><\/span><\/span><\/span><\/p>\n<p lang=\"en-US\"><span style=\"font-family: 'Courier New', monospace;\"><span style=\"font-size: small;\"><span style=\"font-family: Calibri, sans-serif;\"><span lang=\"de-DE\">b) Russophobie oder\/und Destabilisierung russischer Nachbarstaaten durch \u201eFarbrevolutionen\u201c<\/span><\/span><\/span><\/span><\/p>\n<p lang=\"en-US\"><span style=\"font-family: 'Courier New', monospace;\"><span style=\"font-size: small;\"><span style=\"font-family: Calibri, sans-serif;\"><span lang=\"de-DE\">c) islamistische Bestrebungen im S\u00fcden, <\/span><\/span><\/span><\/span><\/p>\n<p><span style=\"font-family: Calibri, sans-serif;\"><span style=\"font-size: small;\">d) Raketenschilde, <\/span><\/span><\/p>\n<p lang=\"en-US\"><span style=\"font-family: 'Courier New', monospace;\"><span style=\"font-size: small;\"><span style=\"font-family: Calibri, sans-serif;\"><span lang=\"de-DE\">e) W\u00fchlarbeit durch NGOs und Stiftungen in der Russischen F\u00f6deration selbst <\/span><\/span><\/span><\/span><\/p>\n<p lang=\"en-US\"><span style=\"font-family: 'Courier New', monospace;\"><span style=\"font-size: small;\"><span style=\"font-family: Calibri, sans-serif;\"><span lang=\"de-DE\">u.a. weit st\u00e4rker gef\u00e4hrdet als noch vor zehn Jahren. Auch wenn die westliche mediale Stimmungsmache gegen Russland aufgrund der Geschichte offenbar schwer durchzusetzen ist.<\/span><\/span><\/span><\/span><\/p>\n<p lang=\"en-US\"><span style=\"font-family: 'Courier New', monospace;\"><span style=\"font-size: small;\"><span style=\"font-family: Calibri, sans-serif;\"><span lang=\"de-DE\">Gar nicht beachtet wurde die Frage einer Besucherin nach dem Thema asymmetrische Kriegsf\u00fchrung, das mehrere Besucher des Abends interessiert h\u00e4tte. Ebenso ihre zweite Frage zum Thema \u201eMassenvernichtungswaffen in Terroristenhand\u201c. Leider gab es darauf keine Antwort.<\/span><\/span><\/span><\/span><\/p>\n<p lang=\"en-US\"><span style=\"font-family: 'Courier New', monospace;\"><span style=\"font-size: small;\"><span style=\"font-family: Calibri, sans-serif;\"><span lang=\"de-DE\">Mich h\u00e4tte sowohl das Risiko des \u00dcberraschungsschlages aus Man\u00f6vern heraus interessiert als auch der Einfluss der durch die unmittelbare NATO-N\u00e4he stark verk\u00fcrzten Vorwarnzeiten auf Gestaltung der Verteidigung und Gew\u00e4hrleistung einer \u00fcberzeugenden Gegendrohung. Auch h\u00e4tte ich gern erfahren, wie weit und wie bewusst das deutsche und das NATO-F\u00fchrungspersonal die Gefahr eines \u201ehei\u00dfen Krieges aus Versehen\u201c billigend in Kauf nimmt. Diese Gefahr, die von Schnellst-Entscheidungen ausgeht, die immer st\u00e4rker von Computern gesteuert oder sogar getroffen werden, steht \u00fcberhaupt nicht in der \u00f6ffentlichen Diskussion. <\/span><\/span><\/span><\/span><\/p>\n<p lang=\"en-US\"><span style=\"font-family: 'Courier New', monospace;\"><span style=\"font-size: small;\"><span style=\"font-family: Calibri, sans-serif;\"><span lang=\"de-DE\">Zu den Rahmenbedingungen der Runde: Ein gr\u00f6\u00dferer Raum und bessere Luft w\u00e4ren f\u00fcr eine kl\u00e4rende, tiefgr\u00fcndige Diskussion sehr w\u00fcnschenswert gewesen. (Nur?) dieser Mangel lie\u00df dann bei mir den Eindruck entstehen, dass die Diskussion m\u00f6glichst schnell zu Ende gebracht werden sollte.<\/span><\/span><\/span><\/span><\/p>\n","protected":false},"excerpt":{"rendered":"<p>von Freidenker Albrecht Ludloff (Bemerkung des Webmasters: Umfangreiche Stellungnahmen werden wir weiterhin als selbst\u00e4ndige Postings ver\u00f6ffentlichen. Hingewiesen sei aber auch auf die M\u00f6glichkeit, die Kommentarfunktion zu nutzen und Kommentare direkt zu den Beitr\u00e4gen zu schreiben.) Auch ich bedanke mich f\u00fcr die Themenwahl und die interessanten Ausf\u00fchrungen des Genossen Biedermann, die einen reichen pers\u00f6nlichen Erfahrungsschatz aus [&hellip;]<\/p>\n","protected":false},"author":5,"featured_media":0,"comment_status":"open","ping_status":"closed","sticky":false,"template":"","format":"standard","meta":{"jetpack_post_was_ever_published":false,"_jetpack_newsletter_access":"","_jetpack_dont_email_post_to_subs":false,"_jetpack_newsletter_tier_id":0,"_jetpack_memberships_contains_paywalled_content":false,"_jetpack_memberships_contains_paid_content":false,"footnotes":""},"categories":[49,46,45,47,21],"tags":[127,130,129,57,107],"class_list":["post-1849","post","type-post","status-publish","format-standard","hentry","category-aufklaerung","category-freidenker-im-gespraech","category-friedensbewegung","category-nation","category-politik","tag-brd","tag-hybride-kriegsfuehrung","tag-krieg","tag-nato","tag-russland"],"jetpack_featured_media_url":"","jetpack_shortlink":"https:\/\/wp.me\/py5dN-tP","jetpack_sharing_enabled":true,"_links":{"self":[{"href":"https:\/\/www.berlin.freidenker.org\/index.php?rest_route=\/wp\/v2\/posts\/1849","targetHints":{"allow":["GET"]}}],"collection":[{"href":"https:\/\/www.berlin.freidenker.org\/index.php?rest_route=\/wp\/v2\/posts"}],"about":[{"href":"https:\/\/www.berlin.freidenker.org\/index.php?rest_route=\/wp\/v2\/types\/post"}],"author":[{"embeddable":true,"href":"https:\/\/www.berlin.freidenker.org\/index.php?rest_route=\/wp\/v2\/users\/5"}],"replies":[{"embeddable":true,"href":"https:\/\/www.berlin.freidenker.org\/index.php?rest_route=%2Fwp%2Fv2%2Fcomments&post=1849"}],"version-history":[{"count":5,"href":"https:\/\/www.berlin.freidenker.org\/index.php?rest_route=\/wp\/v2\/posts\/1849\/revisions"}],"predecessor-version":[{"id":1854,"href":"https:\/\/www.berlin.freidenker.org\/index.php?rest_route=\/wp\/v2\/posts\/1849\/revisions\/1854"}],"wp:attachment":[{"href":"https:\/\/www.berlin.freidenker.org\/index.php?rest_route=%2Fwp%2Fv2%2Fmedia&parent=1849"}],"wp:term":[{"taxonomy":"category","embeddable":true,"href":"https:\/\/www.berlin.freidenker.org\/index.php?rest_route=%2Fwp%2Fv2%2Fcategories&post=1849"},{"taxonomy":"post_tag","embeddable":true,"href":"https:\/\/www.berlin.freidenker.org\/index.php?rest_route=%2Fwp%2Fv2%2Ftags&post=1849"}],"curies":[{"name":"wp","href":"https:\/\/api.w.org\/{rel}","templated":true}]}}