{"id":1872,"date":"2016-04-19T10:32:39","date_gmt":"2016-04-19T08:32:39","guid":{"rendered":"http:\/\/www.berlin.freidenker.org\/?p=1872"},"modified":"2016-04-19T10:36:36","modified_gmt":"2016-04-19T08:36:36","slug":"bei-freidenkern-gefunden-und-anderswo-416","status":"publish","type":"post","link":"https:\/\/www.berlin.freidenker.org\/?p=1872","title":{"rendered":"Bei Freidenkern gefunden\u2026 und anderswo\u2026 4\/16"},"content":{"rendered":"<p style=\"text-align: center;\"><strong>*<\/strong><\/p>\n<p>Das erste Fundst\u00fcck ist aktuell. Es ist ein Artikel, den Willy Wimmer am 13.4.2016 bei <a href=\"http:\/\/www.cashkurs.com\/\" target=\"_blank\">&#8222;Cashkurs&#8220;<\/a> (und nicht nur dort) ver\u00f6ffentlicht hat &#8211;<strong><a href=\"http:\/\/www.cashkurs.com\/kategorie\/wirtschaftsfacts\/beitrag\/fluchtursachen-bekaempfen-praesident-obama-in-hannover-zur-rede-stellen\/\" target=\"_blank\"> &#8222;Fluchtursachen bek\u00e4mpfen &#8211; Pr\u00e4sident Obama in Hannover zur Rede stellen&#8220;<\/a>.<\/strong><\/p>\n<p>Es gibt viele \u00f6ffentliche Stellungnahmen von Willy Wimmer. Diese ragt f\u00fcr mich hervor u. a. durch die Dichte und Verdichtung\u00a0mit der zeitgeschichtliche Sachverhalte f\u00fcr die aktuelle Debatte in Erinnerung gerufen und fruchtbar gemacht werden. Wimmer kann das um so besser, als er selbst zeitgeschichtlicher Akteur war. Das f\u00e4ngt mit den ersten S\u00e4tzen besagten Artikels an:<\/p>\n<p><em>&#8222;Die US-amerikanische Politik hat seit dem ordin\u00e4ren Angriffskrieg gegen die Bundesrepublik Jugoslawien den Krieg nach Europa zur\u00fcckgebracht. Alle feierlichen Schw\u00fcre aus der Charta von Paris des November 1990 waren weggewischt. In Paris hatten sich die Streith\u00e4hne des Kalten Krieges feierlich in die Augen versprochen, Verhandlungen jedem Konflikt vorzuziehen und Streitf\u00e4lle nur noch auf dem Verhandlungsweg beizulegen. Seit den NATO-Bomben, auch der Deutschen Luftwaffe, auf Belgrad ist das alles weggewischt.&#8220;<\/em><\/p>\n<p>Vier S\u00e4tze, die das, was uns heute ob seiner &#8222;\u00dcberkomplexit\u00e4t&#8220;\u00a0als\u00a0undurchschaubar und ungestaltbar gelten soll, durchsichtig machen. Da sind die Akteure: USA, Russland, BRD. Da ist ihr gemeinsamer Endpunkt und Ausgangspunkt: Kalter Krieg, Charta von Paris 1990. Da ist der S\u00fcndenfall: Der Krieg zur Zerschlagung Jugoslawiens.<\/p>\n<p>Und da ist die seitdem herrschende Kriegspolitik der USA und ihrer Verb\u00fcndeten, die Verderben in jeder Form, nicht zuletzt auch in Form massenhafter Fluchtbewegungen erzeugt hat.<\/p>\n<p>Kein h\u00f6heres Wesen hat die Fl\u00fcchtlingskrise geschickt. Fluchtursachen sind benennbar. Willy Wimmer dr\u00fcckt es journalistisch pointiert aus: <em>&#8222;Die Fluchtursache ersten Grades kommt zur Er\u00f6ffnung der diesj\u00e4hrigen Hannover-Messe in wenigen Tagen, am 25. April 2016, nach Hannover.&#8220;<\/em><\/p>\n<p>Hilflosigkeit &#8222;der Politik&#8220; gegen\u00fcber &#8222;schwer fassbaren Gefahren&#8220;, die angeblich den Abbau demokratischer Rechte zu unser aller Sicherheit notwendig machen bis hin zum Einsatz der Bundeswehr im Innern &#8211; das ist der Weg der v\u00f6lligen Auslieferung der BRD an die NATO (die &#8222;zum globalen Angriffsb\u00fcndnis mutiert&#8220; ist) und damit der Weg der Steigerung jeder Art Kriegsgefahr.<\/p>\n<p>Wimmers Artikel ist nicht umfangreich aber konzentriert, Futter f\u00fcr nachdenkliche LeserInnen.<\/p>\n<p style=\"text-align: center;\"><strong>*<\/strong><\/p>\n<p>Als zweites Fundst\u00fcck verweise ich den <a href=\"https:\/\/opablog.net\/\" target=\"_blank\">opablog<\/a>,\u00a0einen kleinen Beitrag mit dem Titel: <a href=\"https:\/\/opablog.net\/2016\/04\/15\/fuenf-lehren-aus-zwei-geheimdienstberichten\/\" target=\"_blank\">&#8222;F\u00fcnf Lehren aus zwei Geheimdienstberichten&#8220;<\/a>. In diesem Beitrag lenke ich einmal mehr die Aufmerksamkeit darauf, dass Erdogan ein relevanter Politiker ist. Er ist das aber <strong>keineswegs<\/strong>, weil es einen Zusammenhang mit einem gewissen B. gibt. Er ist es aus einem ganz anderen Grund, einem, der die Friedensbewegung interessieren muss.<\/p>\n<p>In dem kleinen Posting komme ich auf das Thema &#8222;Transparenz von Organisationen der Zivilgesellschaft&#8220; zur\u00fcck. Die Geheimdienstberichte liefern die Vorlage.<\/p>\n<p style=\"text-align: left;\"><strong>Transparenz zivilgesellschaftlicher RegierungsHilfsOrganisationen (RHO) &#8211; ein Thema, das die Freidenker nicht l\u00e4nger verdr\u00e4ngen d\u00fcrfen.\u00a0<\/strong><\/p>\n","protected":false},"excerpt":{"rendered":"<p>* Das erste Fundst\u00fcck ist aktuell. Es ist ein Artikel, den Willy Wimmer am 13.4.2016 bei &#8222;Cashkurs&#8220; (und nicht nur dort) ver\u00f6ffentlicht hat &#8211; &#8222;Fluchtursachen bek\u00e4mpfen &#8211; Pr\u00e4sident Obama in Hannover zur Rede stellen&#8220;. Es gibt viele \u00f6ffentliche Stellungnahmen von Willy Wimmer. Diese ragt f\u00fcr mich hervor u. a. durch die Dichte und Verdichtung\u00a0mit der [&hellip;]<\/p>\n","protected":false},"author":4,"featured_media":0,"comment_status":"open","ping_status":"open","sticky":false,"template":"","format":"standard","meta":{"jetpack_post_was_ever_published":false,"_jetpack_newsletter_access":"","_jetpack_dont_email_post_to_subs":false,"_jetpack_newsletter_tier_id":0,"_jetpack_memberships_contains_paywalled_content":false,"_jetpack_memberships_contains_paid_content":false,"footnotes":""},"categories":[49,30,45,21,8],"tags":[137,138,57,141,87,136,140,135,134,139],"class_list":["post-1872","post","type-post","status-publish","format-standard","hentry","category-aufklaerung","category-europa","category-friedensbewegung","category-politik","category-standpunkte","tag-fluechtlingskrise","tag-kriegsgefahr","tag-nato","tag-nro","tag-nwo","tag-obama","tag-rho","tag-transparenz","tag-willy-wimmer","tag-zivilgesellschaft"],"jetpack_featured_media_url":"","jetpack_shortlink":"https:\/\/wp.me\/py5dN-uc","jetpack_sharing_enabled":true,"_links":{"self":[{"href":"https:\/\/www.berlin.freidenker.org\/index.php?rest_route=\/wp\/v2\/posts\/1872","targetHints":{"allow":["GET"]}}],"collection":[{"href":"https:\/\/www.berlin.freidenker.org\/index.php?rest_route=\/wp\/v2\/posts"}],"about":[{"href":"https:\/\/www.berlin.freidenker.org\/index.php?rest_route=\/wp\/v2\/types\/post"}],"author":[{"embeddable":true,"href":"https:\/\/www.berlin.freidenker.org\/index.php?rest_route=\/wp\/v2\/users\/4"}],"replies":[{"embeddable":true,"href":"https:\/\/www.berlin.freidenker.org\/index.php?rest_route=%2Fwp%2Fv2%2Fcomments&post=1872"}],"version-history":[{"count":8,"href":"https:\/\/www.berlin.freidenker.org\/index.php?rest_route=\/wp\/v2\/posts\/1872\/revisions"}],"predecessor-version":[{"id":1880,"href":"https:\/\/www.berlin.freidenker.org\/index.php?rest_route=\/wp\/v2\/posts\/1872\/revisions\/1880"}],"wp:attachment":[{"href":"https:\/\/www.berlin.freidenker.org\/index.php?rest_route=%2Fwp%2Fv2%2Fmedia&parent=1872"}],"wp:term":[{"taxonomy":"category","embeddable":true,"href":"https:\/\/www.berlin.freidenker.org\/index.php?rest_route=%2Fwp%2Fv2%2Fcategories&post=1872"},{"taxonomy":"post_tag","embeddable":true,"href":"https:\/\/www.berlin.freidenker.org\/index.php?rest_route=%2Fwp%2Fv2%2Ftags&post=1872"}],"curies":[{"name":"wp","href":"https:\/\/api.w.org\/{rel}","templated":true}]}}