{"id":1902,"date":"2016-04-24T14:06:59","date_gmt":"2016-04-24T12:06:59","guid":{"rendered":"http:\/\/www.berlin.freidenker.org\/?p=1902"},"modified":"2016-05-04T11:08:15","modified_gmt":"2016-05-04T09:08:15","slug":"das-wort-zum-sonntag-5-die-bandbreite-2","status":"publish","type":"post","link":"https:\/\/www.berlin.freidenker.org\/?p=1902","title":{"rendered":"Das Wort zum Sonntag #5 &#8211; Die Bandbreite"},"content":{"rendered":"<p>Die S\u00fcddeutsche Zeitung hat mit einem (von US-Stiftungen finanzierten) Journalisten-Konsortium einen der gr\u00f6\u00dften Leaks der j\u00fcngeren Vergangenheit publiziert. Doch westliche Machthaber kommen in den Medien praktisch nicht vor, daf\u00fcr handelt gef\u00fchlt jeder zweite Bericht von Putin, der selbst gar nicht in den Panama Papers vorkommt.<\/p>\n<p>Der Fall B\u00f6hmenmann wird aufgebl\u00e4ht.<\/p>\n<p>TTIP verschwindet in der medialen Versenkung und die BILD titelte &#8222;Was Obama an Merkel so mag!&#8220;<\/p>\n<p>Im Kiewer Parlament wird der rechtsradikale Andrij Parubij zum Vorsitzenden gew\u00e4hlt und die westlichen Medien (mit Ausnahme der Jungen Welt)<a href=\"http:\/\/www.rationalgalerie.de\/schmock\/ard-laesst-mann-in-kiew-verschwinden.html\" target=\"_blank\"> verzichten dar\u00fcber zu berichten<\/a>.<\/p>\n<div>Kriegseins\u00e4tze werden im deutschen Bundestag immer wieder verl\u00e4ngert,\u00a0und das Thema der DU-Munition unter den Teppich gekehrt.<\/div>\n<div style=\"text-align: center;\">\u00a0.<\/div>\n<div style=\"text-align: center;\"><strong>Was ist los in diesem Land?<\/strong><\/div>\n<p style=\"text-align: left;\">Das fragt auch der K\u00fcnstler und<a href=\"http:\/\/www.diekomplettebandbreite.de\/2013\/03\/potrait-warum-ich-freidenker-bin\/\" target=\"_blank\"> Freidenker<\/a> Wojna von der Bandbreite in diesem sechs Jahre alten Song. Musik ab!<\/p>\n<p><iframe loading=\"lazy\" src=\"\/\/www.youtube.com\/embed\/8fLuuuIptLE\" width=\"425\" height=\"350\" allowfullscreen=\"allowfullscreen\"><\/iframe><\/p>\n<p><a href=\"http:\/\/www.heise.de\/newsticker\/meldung\/Gegen-das-Freihandelsabkommen-TTIP-Bis-zu-90-000-Teilnehmer-bei-Demonstration-vor-Obama-Besuch-3181976.html\" target=\"_blank\">Gestern haben in Hannover Zehntausende gegen TTIP demonstriert.<\/a><\/p>\n<p>Am 10. &#8211; 12. Juni finden in und um <a href=\"http:\/\/www.ramstein-kampagne.eu\/\" target=\"_blank\">Ramstein Protestaktionen <\/a>gegen den von dort aus unterst\u00fctzten Drohnenkrieg statt, zu denen auch wir einladen.<\/p>\n<p style=\"text-align: left;\">Wir gr\u00fc\u00dfen alle gegen TTIP und Ramstein Engagierten!<\/p>\n<p style=\"text-align: left;\">Die Berliner Freidenker.<\/p>\n","protected":false},"excerpt":{"rendered":"<p>Die S\u00fcddeutsche Zeitung hat mit einem (von US-Stiftungen finanzierten) Journalisten-Konsortium einen der gr\u00f6\u00dften Leaks der j\u00fcngeren Vergangenheit publiziert. Doch westliche Machthaber kommen in den Medien praktisch nicht vor, daf\u00fcr handelt gef\u00fchlt jeder zweite Bericht von Putin, der selbst gar nicht in den Panama Papers vorkommt. Der Fall B\u00f6hmenmann wird aufgebl\u00e4ht. TTIP verschwindet in der medialen [&hellip;]<\/p>\n","protected":false},"author":4,"featured_media":0,"comment_status":"open","ping_status":"open","sticky":false,"template":"","format":"standard","meta":{"jetpack_post_was_ever_published":false,"_jetpack_newsletter_access":"","_jetpack_dont_email_post_to_subs":false,"_jetpack_newsletter_tier_id":0,"_jetpack_memberships_contains_paywalled_content":false,"_jetpack_memberships_contains_paid_content":false,"footnotes":""},"categories":[49,14,47,21],"tags":[103,145,143],"class_list":["post-1902","post","type-post","status-publish","format-standard","hentry","category-aufklaerung","category-aktivitaeten-des-dfv-berlin","category-nation","category-politik","tag-bandbreite","tag-ttip","tag-wort-zum-sonntag"],"jetpack_featured_media_url":"","jetpack_shortlink":"https:\/\/wp.me\/py5dN-uG","jetpack_sharing_enabled":true,"_links":{"self":[{"href":"https:\/\/www.berlin.freidenker.org\/index.php?rest_route=\/wp\/v2\/posts\/1902","targetHints":{"allow":["GET"]}}],"collection":[{"href":"https:\/\/www.berlin.freidenker.org\/index.php?rest_route=\/wp\/v2\/posts"}],"about":[{"href":"https:\/\/www.berlin.freidenker.org\/index.php?rest_route=\/wp\/v2\/types\/post"}],"author":[{"embeddable":true,"href":"https:\/\/www.berlin.freidenker.org\/index.php?rest_route=\/wp\/v2\/users\/4"}],"replies":[{"embeddable":true,"href":"https:\/\/www.berlin.freidenker.org\/index.php?rest_route=%2Fwp%2Fv2%2Fcomments&post=1902"}],"version-history":[{"count":16,"href":"https:\/\/www.berlin.freidenker.org\/index.php?rest_route=\/wp\/v2\/posts\/1902\/revisions"}],"predecessor-version":[{"id":1918,"href":"https:\/\/www.berlin.freidenker.org\/index.php?rest_route=\/wp\/v2\/posts\/1902\/revisions\/1918"}],"wp:attachment":[{"href":"https:\/\/www.berlin.freidenker.org\/index.php?rest_route=%2Fwp%2Fv2%2Fmedia&parent=1902"}],"wp:term":[{"taxonomy":"category","embeddable":true,"href":"https:\/\/www.berlin.freidenker.org\/index.php?rest_route=%2Fwp%2Fv2%2Fcategories&post=1902"},{"taxonomy":"post_tag","embeddable":true,"href":"https:\/\/www.berlin.freidenker.org\/index.php?rest_route=%2Fwp%2Fv2%2Ftags&post=1902"}],"curies":[{"name":"wp","href":"https:\/\/api.w.org\/{rel}","templated":true}]}}