{"id":1928,"date":"2016-04-28T09:01:15","date_gmt":"2016-04-28T07:01:15","guid":{"rendered":"http:\/\/www.berlin.freidenker.org\/?p=1928"},"modified":"2016-05-11T23:26:16","modified_gmt":"2016-05-11T21:26:16","slug":"11-5-2016-berliner-runde-freidenker-im-gespraech","status":"publish","type":"post","link":"https:\/\/www.berlin.freidenker.org\/?p=1928","title":{"rendered":"11.5.2016 \u2013 \u201eBerliner Runde \u2013 Freidenker im Gespr\u00e4ch\u201c"},"content":{"rendered":"<p class=\"western\" style=\"text-align: left;\" align=\"center\"><span style=\"color: #333333;\"><span style=\"font-size: small;\">Liebe Freidenkerin, lieber Freidenker, liebe Freunde,\u00a0<\/span><\/span><span style=\"color: #333333;\"><span style=\"font-size: small;\">wir laden ein zu unserer n\u00e4chsten \u00f6ffentlichen<\/span><\/span><\/p>\n<p class=\"western\" align=\"center\"><strong><span style=\"color: #333333;\">\u201e<\/span><\/strong><strong><span style=\"color: #333333;\"><span style=\"font-size: large;\"><b>Berliner Runde \u2013 Freidenker im Gespr\u00e4ch\u201c<\/b><\/span><\/span><\/strong><\/p>\n<p class=\"western\" align=\"center\"><span style=\"color: #333333;\"><span style=\"font-size: small;\"><b>am <\/b><\/span><\/span><strong><span style=\"color: #333333;\"><span style=\"font-size: small;\"><b>Mittwoch, dem <\/b><\/span><\/span><\/strong><strong><span style=\"color: #333333;\"><span style=\"font-size: small;\"><b>11. Mai 2016, 18.00 Uhr\u00a0<\/b><\/span><\/span><\/strong><span style=\"font-size: small;\"><span style=\"color: #333333;\">im Klub der Volkssolidarit\u00e4t, Torstr. 203 \u2013 205, 10115 Berlin<\/span><span style=\"color: #333333;\"><b>*<\/b><\/span><\/span><\/p>\n<p class=\"western\" align=\"center\"><span style=\"font-size: large;\"><span style=\"color: #333333;\"><b>&#8222;<\/b><\/span><span style=\"color: #282e21;\"><b>Die Legende des \u201e9\/11\u201c und die Fiktion des internationalen Terrorismus\u201c<\/b><\/span> <\/span><\/p>\n<p class=\"western\" align=\"center\"><strong><span style=\"color: #333333;\"><span style=\"font-size: large;\"><b>Referent: Elias Davidsson<\/b><\/span><\/span><\/strong><\/p>\n<p class=\"western\"><strong><span style=\"color: #333333;\"><span style=\"font-size: small;\">Einleitend erl\u00e4utert Elias Davidsson zu dem gew\u00e4hlten Thema:<\/span><\/span><\/strong><\/p>\n<p class=\"western\"><span style=\"font-size: small;\"><span style=\"color: #282e21;\">Der Zusammenbruch der realsozialistischen Welt in 1989\/1990 wurde von den imperialistischen Kreisen als ein Fluch empfunden, denn damit verschwand ihr wirksamste<\/span><span style=\"color: #282e21;\">s<\/span><span style=\"color: #282e21;\"> Feindbild, das die NATO 40 Jahre zusammenhielt und die Aufrechterhaltung von m\u00e4chtigen westlichen Streitkr\u00e4ften legitimierte. In den USA bef\u00fcrchteten diese Kreise, dass die Bev\u00f6lkerung nun eine \u201cFriedensdividende\u201d in der Form von Sozialleistungen erwarte. Ein neues, wirksames, mobilisierendes und langzeitiges Feindbild musste gefunden werden. Kein Staat der Welt war m\u00e4chtig genug, das alte Feindbild <\/span><span style=\"color: #282e21;\">zu <\/span><span style=\"color: #282e21;\">ersetzen. Das Feindbild musste daher synthetisch erstellt werden. Heute wissen wir es: Der internationale bzw. islamistische Terrorismus soll nun \u201ceine der schwersten Bedrohungen des Weltfriedens und der Sicherheit\u201d sein (O-Ton Sicherheitsrat der Vereinten Nationen). Daf\u00fcr m\u00fcssen nun alle Staaten an einem Strang ziehen, um diese gewaltige Gefahr zu bek\u00e4mpfen. <\/span><\/span><\/p>\n<p class=\"western\"><strong><span style=\"color: #282e21;\"><span style=\"font-size: small;\">In seinem Referat wird Elias Davidsson <\/span><\/span><\/strong><\/p>\n<p class=\"western\"><span style=\"color: #282e21;\"><span style=\"font-size: small;\">&#8211; den Aufbau des neuen Feindbildes und seine N\u00fctzlichkeit kurz beschreiben<\/span><\/span><\/p>\n<p class=\"western\"><span style=\"color: #282e21;\"><span style=\"font-size: small;\">&#8211; die wichtigsten Indizien anf\u00fchren, die gegen die offiziellen Thesen \u00fcber den 11. September 2001 sprechen<\/span><\/span><\/p>\n<p class=\"western\"><span style=\"color: #282e21;\"><span style=\"font-size: small;\">&#8211; der Frage nachgehen, ob bzw. in welchem Ausma\u00df europ\u00e4ische Gesellschaften, darunter Deutschland, vom internationalen Terrorismus bedroht sind und<\/span><\/span><\/p>\n<p class=\"western\"><span style=\"color: #282e21;\"><span style=\"font-size: small;\">&#8211; das Ph\u00e4nomen des \u201csynthetischen Terrorismus\u201d als eines eigenst\u00e4ndigen Typus des Staatsterrorismus erkl\u00e4ren.<\/span><\/span><\/p>\n<p class=\"western\"><span style=\"color: #282e21;\"><span style=\"font-size: small;\">Davidsson kommt auf Grund seiner langj\u00e4hrigen Forschung zum Ergebnis, dass die Anschl\u00e4ge des 9\/11 (genau wie Operationen \u201cGladio\u201d) im Auftrag des betreffenden Staates ausgef\u00fchrt wurden.<\/span><\/span><\/p>\n<p class=\"western\"><span style=\"color: #282e21;\"><span style=\"font-size: small;\"><strong>Davidsson betont:<\/strong> Das neue Feindbild \u2013 internationaler (oder islamistischer) Terrorismus \u2013 wird systematisch gepflegt, um seine Potenz aufrechtzuerhalten. Diese psychologischen Operationen dienen dem kapitalistisch-imperialistischen System zur Aush\u00f6hlung des Rechtsstaates und zur Legitimierung von Angriffskriegen und Interventionen. Insofern die Legende des 9\/11 und die Fiktion des internationalen Terrorismus von weiten Teilen der Bev\u00f6lkerung verinnerlicht werden, ebnen diese Mythen den Weg zum offenen Staatsterrorismus und Faschismus. Es gilt daher, diese Mythen zu erkennen und sie beim Namen zu nennen. <\/span><\/span><\/p>\n<p class=\"western\"><span style=\"color: #282e21;\"><span style=\"font-size: small;\">Davidssons verbl\u00fcffende Befunde, falls bekr\u00e4ftigt, stellen progressive und demokratische Kr\u00e4fte vor neue Herausforderungen, die zugleich ein revolution\u00e4res Potential beinhalten. <\/span><\/span><\/p>\n<p class=\"western\"><strong><span style=\"color: #282e21;\"><span style=\"font-size: small;\">\u00dcber den Referenten:<\/span><\/span><\/strong><\/p>\n<p class=\"western\"><span style=\"font-size: small;\"><span style=\"color: #282e21;\">Elias Davidsson wurde 1941 in Pal\u00e4stina geboren. Er lebte von 1962 bis 2008 in Island und ist isl\u00e4ndischer Staatsb\u00fcrger. Von Beruf Informatiker und sp\u00e4ter Musiker, setzte sich Davidsson schon seit den 70er Jahren f\u00fcr Frieden, Gerechtigkeit und gegen den Imperialismus ein. Er war Mitbegr\u00fcnder der Solidarit\u00e4tsorganisation \u201cVerein Island-Pal\u00e4stina\u201d. Seine politischen und juristischen Schriften sind weltweit verbreitet. Seit 2002, als Folge seiner Entdeckungen von Ungereimtheiten bei der offiziellen Darstellung von 9\/11, befasst er sich mit dem Thema des Terrorismus, zu dem noch in diesem Jahr im Zambon Verlag ein Buch auf <\/span><span style=\"color: #282e21;\">D<\/span><span style=\"color: #282e21;\">eutsch erscheint. Er ist seit 2008 Mitglied des Freidenkerverbandes. <\/span><\/span><\/p>\n<p class=\"western\"><span style=\"color: #282e21;\"><span style=\"font-size: small;\">Beitr\u00e4ge von Elias Davidsson zur Einf\u00fchrung ins Thema finden sich hier: <\/span><\/span><\/p>\n<p class=\"western\"><span style=\"color: #000000;\"><span style=\"font-size: small;\">&#8222;<\/span><\/span><span style=\"color: #000080;\"><span lang=\"zxx\"><u><a href=\"http:\/\/aldeilis.net\/german\/keine-beweise-dafdass-muslime-am-11-september-flugzeuge-entfen\/\"><span style=\"font-size: small;\">Haben islamistische Terroristen am11. September 2001 Flugzeuge entf\u00fchrt?<\/span><\/a><\/u><\/span><\/span><span style=\"color: #000000;\"><span style=\"font-size: small;\">\u201c<\/span><\/span><\/p>\n<p class=\"western\"><span style=\"color: #000000;\"><span style=\"font-size: small;\">&#8222;<\/span><\/span><span style=\"color: #000080;\"><span lang=\"zxx\"><u><a href=\"http:\/\/aldeilis.net\/german\/mythos-und-realitaet-der-terrorgefahr\/\"><span style=\"font-size: small;\">Mythos und Realit\u00e4t der Terrorgefahr<\/span><\/a><\/u><\/span><\/span><span style=\"color: #000000;\"><span style=\"font-size: small;\">\u201c<\/span><\/span><\/p>\n<p class=\"western\"><span style=\"color: #000000;\"><span style=\"font-size: small;\">&#8222;<\/span><\/span><span style=\"color: #000080;\"><span lang=\"zxx\"><u><a href=\"http:\/\/aldeilis.net\/german\/warum-sollten-wir-uns-mit-dem-fall-911-beschaeftigen\/\"><span style=\"font-size: small;\">Warum sollten wir uns mit dem Fall 9\/11 besch\u00e4ftigen?<\/span><\/a><\/u><\/span><\/span><span style=\"color: #000000;\"><span style=\"font-size: small;\">\u201c<\/span><\/span><\/p>\n<p class=\"western\"><span style=\"color: #000000;\"><span style=\"font-size: small;\">Verwiesen sei auch auf ein <a href=\"https:\/\/www.youtube.com\/watch?v=2_FVDyTXKtw\" target=\"_blank\">Gespr\u00e4ch von Ken Jebsen mit Elias Davidsson<\/a>.<\/span><\/span><\/p>\n<p class=\"western\"><span style=\"color: #000000;\"><span style=\"font-size: small;\">Wir freuen uns auf einen weiteren unkonventionellen und streitbaren Gastreferenten. <\/span><\/span><\/p>\n<p class=\"western\" align=\"right\"><strong><span style=\"color: #333333;\"><span style=\"font-size: small;\"><b>Leitungskollektiv der Berliner Freidenker<\/b><\/span><\/span><\/strong><\/p>\n<p class=\"western\"><span style=\"font-size: small;\"><span style=\"color: #333333;\"><b>*<\/b><\/span><span style=\"color: #333333;\">S1-, S2-, S25-Oranienburger Str., U6-Oranienburger Tor<\/span><\/span><\/p>\n","protected":false},"excerpt":{"rendered":"<p>Liebe Freidenkerin, lieber Freidenker, liebe Freunde,\u00a0wir laden ein zu unserer n\u00e4chsten \u00f6ffentlichen \u201eBerliner Runde \u2013 Freidenker im Gespr\u00e4ch\u201c am Mittwoch, dem 11. Mai 2016, 18.00 Uhr\u00a0im Klub der Volkssolidarit\u00e4t, Torstr. 203 \u2013 205, 10115 Berlin* &#8222;Die Legende des \u201e9\/11\u201c und die Fiktion des internationalen Terrorismus\u201c Referent: Elias Davidsson Einleitend erl\u00e4utert Elias Davidsson zu dem gew\u00e4hlten [&hellip;]<\/p>\n","protected":false},"author":4,"featured_media":0,"comment_status":"open","ping_status":"open","sticky":false,"template":"","format":"standard","meta":{"jetpack_post_was_ever_published":false,"_jetpack_newsletter_access":"","_jetpack_dont_email_post_to_subs":false,"_jetpack_newsletter_tier_id":0,"_jetpack_memberships_contains_paywalled_content":false,"_jetpack_memberships_contains_paid_content":false,"footnotes":""},"categories":[49,14,46,21,13],"tags":[85,105,152,151,96,86],"class_list":["post-1928","post","type-post","status-publish","format-standard","hentry","category-aufklaerung","category-aktivitaeten-des-dfv-berlin","category-freidenker-im-gespraech","category-politik","category-veranstaltungen","tag-85","tag-elias-davidsson","tag-imperialismus","tag-terrorismus","tag-usa","tag-verschwoerungstheorie"],"jetpack_featured_media_url":"","jetpack_shortlink":"https:\/\/wp.me\/py5dN-v6","jetpack_sharing_enabled":true,"_links":{"self":[{"href":"https:\/\/www.berlin.freidenker.org\/index.php?rest_route=\/wp\/v2\/posts\/1928","targetHints":{"allow":["GET"]}}],"collection":[{"href":"https:\/\/www.berlin.freidenker.org\/index.php?rest_route=\/wp\/v2\/posts"}],"about":[{"href":"https:\/\/www.berlin.freidenker.org\/index.php?rest_route=\/wp\/v2\/types\/post"}],"author":[{"embeddable":true,"href":"https:\/\/www.berlin.freidenker.org\/index.php?rest_route=\/wp\/v2\/users\/4"}],"replies":[{"embeddable":true,"href":"https:\/\/www.berlin.freidenker.org\/index.php?rest_route=%2Fwp%2Fv2%2Fcomments&post=1928"}],"version-history":[{"count":8,"href":"https:\/\/www.berlin.freidenker.org\/index.php?rest_route=\/wp\/v2\/posts\/1928\/revisions"}],"predecessor-version":[{"id":2029,"href":"https:\/\/www.berlin.freidenker.org\/index.php?rest_route=\/wp\/v2\/posts\/1928\/revisions\/2029"}],"wp:attachment":[{"href":"https:\/\/www.berlin.freidenker.org\/index.php?rest_route=%2Fwp%2Fv2%2Fmedia&parent=1928"}],"wp:term":[{"taxonomy":"category","embeddable":true,"href":"https:\/\/www.berlin.freidenker.org\/index.php?rest_route=%2Fwp%2Fv2%2Fcategories&post=1928"},{"taxonomy":"post_tag","embeddable":true,"href":"https:\/\/www.berlin.freidenker.org\/index.php?rest_route=%2Fwp%2Fv2%2Ftags&post=1928"}],"curies":[{"name":"wp","href":"https:\/\/api.w.org\/{rel}","templated":true}]}}