{"id":1995,"date":"2016-05-06T12:30:25","date_gmt":"2016-05-06T10:30:25","guid":{"rendered":"http:\/\/www.berlin.freidenker.org\/?p=1995"},"modified":"2016-05-06T12:30:25","modified_gmt":"2016-05-06T10:30:25","slug":"wer-darf-hier-was-schreiben","status":"publish","type":"post","link":"https:\/\/www.berlin.freidenker.org\/?p=1995","title":{"rendered":"WER darf hier WAS schreiben?"},"content":{"rendered":"<h3 style=\"text-align: center;\">Ein Beitrag zur Diskussion<\/h3>\n<p style=\"text-align: center;\">von Klaus-Peter Kurch<\/p>\n<p style=\"text-align: left;\">Wir befinden uns hier bei den FREIDENKERN,\u00a0pr\u00e4ziser gesagt, auf der Webseite des Berliner Landesverbandes dieses bundesweiten, eingetragenen Vereins.<\/p>\n<p style=\"text-align: left;\">Das Selbstverst\u00e4ndnis der Freidenker ist ausf\u00fchrlich formuliert in der <a href=\"http:\/\/www.freidenker.org\/cms\/dfv\/index.php?option=com_content&amp;view=article&amp;id=49&amp;Itemid=98\" target=\"_blank\">Berliner Erkl\u00e4rung von 1994<\/a>. Es gibt ein weiteres grunds\u00e4tzliches <a href=\"http:\/\/www.freidenker.org\/cms\/dfv\/images\/stories\/PDF\/aufklaerung.pdf\" target=\"_blank\">Dokument f\u00fcr Aufkl\u00e4rung und gegen Volksverdummung und Zerst\u00f6rung der Vernunft von 2009.<\/a>\u00a0Das sind gr\u00fcndlich durchdachte, wohlformulierte l\u00e4ngere Dokumente. Erlauben sie eine Kurzantwort auf die oben gestellte Frage? Ich versuche eine zu geben:<\/p>\n<p style=\"text-align: center;\"><strong>Grunds\u00e4tzlich darf hier Jede und Jeder seine Gedanken \u00e4u\u00dfern und seinen Standpunkt vertreten, der Aufkl\u00e4rung f\u00f6rdert und sich f\u00fcr Humanismus einsetzt.<\/strong><\/p>\n<p style=\"text-align: left;\">Dieser Rahmen ist sehr weit, dennoch ist er nicht unbestimmt. Antihumanistische, aufkl\u00e4rungsfeindliche Positionen haben auf dieser Webseite keinen Platz, und die Webredaktion (und im Streitfall die Kollektive Berliner Leitung) scheuen sich nicht, wenn notwendig, als &#8222;Zensoren&#8220; einzugreifen.<\/p>\n<p style=\"text-align: center;\"><strong>ALLES andere ist erlaubt!<\/strong><\/p>\n<p style=\"text-align: left;\">Wir wissen uns der materialistischen Dialektik verpflichtet. Wir wissen also, dass jeder Fortschritt, auch der Erkenntnisfortschritt, nur m\u00f6glich ist in &#8222;Einheit und Kampf der Gegens\u00e4tze&#8220;. Also Meinungsstreit &#8211; je qualifizierter, umso besser! Dazu geh\u00f6rt: Keine und Keiner ist im Besitz der absoluten Wahrheit. JEDES Argument darf ge\u00e4u\u00dfert werden und wird zur Kenntnis genommen.<\/p>\n<p style=\"text-align: left;\">Nat\u00fcrlich steckt der Teufel im Detail. Eine fruchtbare, befriedigende Diskussion kommt nicht von selbst und m\u00fchelos zustande. Regeln sollten beachtet werden, z. B. diese: Autorit\u00e4tsbeweise sind ung\u00fcltig! Ung\u00fcltig sind gleicherma\u00dfen positive (&#8222;Was x sagt ist richtig, weil y es sagt.&#8220;) wie negative\u00a0(&#8222;Was x sagt ist falsch, weil y es sagt.&#8220;) Autorit\u00e4tsbeweise.<\/p>\n<p style=\"text-align: left;\">Qualit\u00e4t des Meinungsstreits f\u00e4llt nicht vom Himmel. Der Meinungsstreit muss ge\u00fcbt, ausge\u00fcbt werden. Die privatesten Dinge sollte mensch &#8222;unter vier Augen&#8220; besprechen, Gr\u00fcppchen sollten ihre Verst\u00e4ndigung in Gr\u00fcppchen pflegen. Das Politische aber ist \u00f6ffentlich &#8211; &#8222;res publica&#8220;. Und zwar ohne, dass Repr\u00e4sentanten\/Beauftragte\/Ab-, Zu- oder Beigeordnete dazwischengeschaltet werden!<\/p>\n<p style=\"text-align: center;\"><strong>Seien wir freidenkende praktizierende Republikaner.<\/strong><\/p>\n<p style=\"text-align: left;\">Technisch l\u00e4uft es so:<\/p>\n<ul>\n<li style=\"text-align: left;\">Die Kommentarfunktion ist unter jedem Posting aktiviert. Der allererste Kommentar muss durch einen Webmaster freigeschaltet werden.<\/li>\n<li style=\"text-align: left;\">Jede\/Jeder kann nach Freischaltung des ersten Kommentars weitere Kommentare schreiben, ohne dass sich der Webmaster einschaltet.<\/li>\n<li style=\"text-align: left;\">Jede\/Jeder, die ein eigenes Posting ver\u00f6ffentlichen m\u00f6chte (unter eigenem Namen oder Pseudonym), sendet den entsprechenden Text an die Webredaktion, die die Ver\u00f6ffentlichung vornimmt bzw. angemessen reagiert.<\/li>\n<li style=\"text-align: left;\">Jedes Mitglied der Freidenker hat das Recht selbst Webmaster zu werden und sollte sich deshalb, wenn der Wunsch besteht, an die Kollektive Leitung wenden.<\/li>\n<\/ul>\n","protected":false},"excerpt":{"rendered":"<p>Ein Beitrag zur Diskussion von Klaus-Peter Kurch Wir befinden uns hier bei den FREIDENKERN,\u00a0pr\u00e4ziser gesagt, auf der Webseite des Berliner Landesverbandes dieses bundesweiten, eingetragenen Vereins. Das Selbstverst\u00e4ndnis der Freidenker ist ausf\u00fchrlich formuliert in der Berliner Erkl\u00e4rung von 1994. Es gibt ein weiteres grunds\u00e4tzliches Dokument f\u00fcr Aufkl\u00e4rung und gegen Volksverdummung und Zerst\u00f6rung der Vernunft von 2009.\u00a0Das [&hellip;]<\/p>\n","protected":false},"author":4,"featured_media":0,"comment_status":"open","ping_status":"open","sticky":false,"template":"","format":"standard","meta":{"jetpack_post_was_ever_published":false,"_jetpack_newsletter_access":"","_jetpack_dont_email_post_to_subs":false,"_jetpack_newsletter_tier_id":0,"_jetpack_memberships_contains_paywalled_content":false,"_jetpack_memberships_contains_paid_content":false,"footnotes":""},"categories":[14,46,19,80,8],"tags":[59,165,166,167,135],"class_list":["post-1995","post","type-post","status-publish","format-standard","hentry","category-aktivitaeten-des-dfv-berlin","category-freidenker-im-gespraech","category-kultur","category-religion","category-standpunkte","tag-freidenker","tag-meinungsstreit","tag-offenheit","tag-res-publica","tag-transparenz"],"jetpack_featured_media_url":"","jetpack_shortlink":"https:\/\/wp.me\/py5dN-wb","jetpack_sharing_enabled":true,"_links":{"self":[{"href":"https:\/\/www.berlin.freidenker.org\/index.php?rest_route=\/wp\/v2\/posts\/1995","targetHints":{"allow":["GET"]}}],"collection":[{"href":"https:\/\/www.berlin.freidenker.org\/index.php?rest_route=\/wp\/v2\/posts"}],"about":[{"href":"https:\/\/www.berlin.freidenker.org\/index.php?rest_route=\/wp\/v2\/types\/post"}],"author":[{"embeddable":true,"href":"https:\/\/www.berlin.freidenker.org\/index.php?rest_route=\/wp\/v2\/users\/4"}],"replies":[{"embeddable":true,"href":"https:\/\/www.berlin.freidenker.org\/index.php?rest_route=%2Fwp%2Fv2%2Fcomments&post=1995"}],"version-history":[{"count":8,"href":"https:\/\/www.berlin.freidenker.org\/index.php?rest_route=\/wp\/v2\/posts\/1995\/revisions"}],"predecessor-version":[{"id":2003,"href":"https:\/\/www.berlin.freidenker.org\/index.php?rest_route=\/wp\/v2\/posts\/1995\/revisions\/2003"}],"wp:attachment":[{"href":"https:\/\/www.berlin.freidenker.org\/index.php?rest_route=%2Fwp%2Fv2%2Fmedia&parent=1995"}],"wp:term":[{"taxonomy":"category","embeddable":true,"href":"https:\/\/www.berlin.freidenker.org\/index.php?rest_route=%2Fwp%2Fv2%2Fcategories&post=1995"},{"taxonomy":"post_tag","embeddable":true,"href":"https:\/\/www.berlin.freidenker.org\/index.php?rest_route=%2Fwp%2Fv2%2Ftags&post=1995"}],"curies":[{"name":"wp","href":"https:\/\/api.w.org\/{rel}","templated":true}]}}