{"id":2045,"date":"2016-05-10T12:00:21","date_gmt":"2016-05-10T10:00:21","guid":{"rendered":"http:\/\/www.berlin.freidenker.org\/?p=2045"},"modified":"2016-05-14T16:26:19","modified_gmt":"2016-05-14T14:26:19","slug":"osaritschi","status":"publish","type":"post","link":"https:\/\/www.berlin.freidenker.org\/?p=2045","title":{"rendered":"Osaritschi"},"content":{"rendered":"<p>Als ich k\u00fcrzlich \u00fcber <a href=\"https:\/\/opablog.net\/2016\/05\/03\/odessa-kalavrita\/\" target=\"_blank\">Odessa und Kalavrita <\/a>schrieb (Kalavrita, von dem ich noch nie geh\u00f6rt hatte), lie\u00df ich mir nicht tr\u00e4umen, wenige Tage sp\u00e4ter von einem weiteren, weithin unbekannten Ort eines Massakers zu erfahren &#8211; Osaritschi in Belarus.<\/p>\n<p>Am 8. Mai versammelten sich einige hundert Berliner am sowjetischen Ehrenmal in Berlin-Treptow, um den Tag der Befreiung zu feiern.<\/p>\n<p style=\"text-align: center;\"><a href=\"https:\/\/i0.wp.com\/www.berlin.freidenker.org\/wp-content\/uploads\/2016\/05\/160510-Freidenker-Blumengesteck-8.Mai-web.jpg?ssl=1\" rel=\"attachment wp-att-2050\"><img data-recalc-dims=\"1\" loading=\"lazy\" decoding=\"async\" class=\"alignnone size-full wp-image-2050\" src=\"https:\/\/i0.wp.com\/www.berlin.freidenker.org\/wp-content\/uploads\/2016\/05\/160510-Freidenker-Blumengesteck-8.Mai-web.jpg?resize=500%2C332&#038;ssl=1\" alt=\"160510 Freidenker-Blumengesteck-8.Mai web\" width=\"500\" height=\"332\" srcset=\"https:\/\/i0.wp.com\/www.berlin.freidenker.org\/wp-content\/uploads\/2016\/05\/160510-Freidenker-Blumengesteck-8.Mai-web.jpg?w=500&amp;ssl=1 500w, https:\/\/i0.wp.com\/www.berlin.freidenker.org\/wp-content\/uploads\/2016\/05\/160510-Freidenker-Blumengesteck-8.Mai-web.jpg?resize=300%2C199&amp;ssl=1 300w\" sizes=\"auto, (max-width: 500px) 100vw, 500px\" \/><\/a><\/p>\n<p>&nbsp;<\/p>\n<p>Wir Freidenker legten auch ein Blumengebinde nieder. Zu uns sprach auch ein Vertreter der Botschaft von Belarus. Er erinnerte an das Lager &#8222;Osaritschi&#8220; und setzte sich daf\u00fcr ein, dass an die Verbrechen der Wehrmacht in diesem Lager in angemessener Weise auch au\u00dferhalb seiner Heimat erinnert wird.<\/p>\n<p>Eine erste Information \u00fcber Osaritschi ist bei <a href=\"https:\/\/de.wikipedia.org\/wiki\/KZ_Osaritschi\" target=\"_blank\">Wikipedia <\/a>zu finden. Dort kamen in f\u00fcnf Tagen zwischen 9 000 und 20 000 Zivilisten um. Am Anfang des Wikipediatextes findet sich der Satz:\u00a0<em>&#8222;Das Massensterben in diesen Lagern wird von <a title=\"Dieter Pohl (Historiker)\" href=\"https:\/\/de.wikipedia.org\/wiki\/Dieter_Pohl_(Historiker)\">Dieter Pohl<\/a>, Historiker am M\u00fcnchner <a title=\"Institut f\u00fcr Zeitgeschichte\" href=\"https:\/\/de.wikipedia.org\/wiki\/Institut_f%C3%BCr_Zeitgeschichte\">Institut f\u00fcr Zeitgeschichte<\/a>, als \u201eeines der schwersten <a title=\"Verbrechen der Wehrmacht\" href=\"https:\/\/de.wikipedia.org\/wiki\/Verbrechen_der_Wehrmacht\">Verbrechen der Wehrmacht<\/a>\u00a0gegen Zivilisten \u00fcberhaupt\u201c charakterisiert.&#8220;\u00a0<\/em><\/p>\n<p>Wikipedia verlinkt auf <a href=\"http:\/\/vsr.mil.by\/2013\/03\/15\/ozarichi-mart-1944%E2%80%91go%E2%80%A6\/\" target=\"_blank\">diesen wichtigen Artikel<\/a> der belorussischen &#8222;Kriegszeitung&#8220; vom 15.3.2013 (der mit Hilfe des Google-\u00dcbersetzers gut lesbar ist) und h\u00e4lt weitere Links bereit &#8211; <a href=\"http:\/\/khatyn.by\/de\/genocide\/ccs\/ozarichi\/\" target=\"_blank\">hier<\/a> und<a href=\"http:\/\/www.esslinger-zeitung.de\/region\/esslingen_artikel,-als-lebendes-schutzschild-missbraucht-_arid,512915.html\" target=\"_blank\"> hier.<\/a>\u00a0Auch ein <a href=\"http:\/\/www.karlsruhe.de\/b1\/stadtgeschichte\/stelen\/infanteriedivision\/HF_sections\/content\/ZZmieNt4DMKCZr\/ZZmieQhuE7VriP\/Symposium-webkl.pdf\" target=\"_blank\">Symposion aus dem Jahr 2014 in Karlsruhe<\/a> wird dokumentiert, in dem es um ein &#8222;Ehrenmal&#8220; f\u00fcr die 35. Infanterie-Division geht, das in Karlsruhe aufgestellt wurde. Diese Division war an dem Verbrechen von Osaritschi beteiligt. Ihr Kommandeur General Georg Richert wurde 1945 in Minsk zum Tode verurteilt und hingerichtet.<\/p>\n<p>In den Quellen, die ich kurzfristig mit Hilfe des Internets erschlie\u00dfen konnte, sind zahlreiche Namen der in verschiedener Funktion verantwortlichen deutschen Offiziere genannt, angefangen bei dem Hauptverantwortlichen Generaloberst Josef Harpe. Keiner der f\u00fcr Osaritschi verantwortlichen Kriegsverbrecher (u. A.\u00a0General Friedrich Gossbach, Oberst\u00a0Werner Bodenstein)\u00a0wurde vor einem deutschen Gericht angeklagt; Bodenstein stieg zum General der Bundeswehr auf. Harpe lebte bis 1968 von der Justiz unbehelligt in der BRD.<\/p>\n<p>In der BRD wird in verschiedenen Gedenkst\u00e4tten die Erinnerung an die Verbrechen des deutschen Faschismus wachgehalten. Darunter sind einige wenige Orte, die an einzelne Verbrechen der Wehrmacht erinnern.<strong> Es gibt in Deutschland keinen Gedenkort, kein Gedenkzentrum, in dem in grunds\u00e4tzlicher und umfassenden Weise die Verbrechen der deutschen Wehrmacht in der Zeit des Faschismus dokumentiert und der \u00d6ffentlichkeit zug\u00e4nglich sind.<\/strong><\/p>\n<p style=\"text-align: center;\"><em><strong>Deutschland, dass heute wieder in den militaristischen Sumpf gef\u00fchrt wird, braucht dringend einen solchen Ort!<\/strong><\/em><\/p>\n","protected":false},"excerpt":{"rendered":"<p>Als ich k\u00fcrzlich \u00fcber Odessa und Kalavrita schrieb (Kalavrita, von dem ich noch nie geh\u00f6rt hatte), lie\u00df ich mir nicht tr\u00e4umen, wenige Tage sp\u00e4ter von einem weiteren, weithin unbekannten Ort eines Massakers zu erfahren &#8211; Osaritschi in Belarus. Am 8. Mai versammelten sich einige hundert Berliner am sowjetischen Ehrenmal in Berlin-Treptow, um den Tag der [&hellip;]<\/p>\n","protected":false},"author":4,"featured_media":0,"comment_status":"open","ping_status":"open","sticky":false,"template":"","format":"standard","meta":{"jetpack_post_was_ever_published":false,"_jetpack_newsletter_access":"","_jetpack_dont_email_post_to_subs":false,"_jetpack_newsletter_tier_id":0,"_jetpack_memberships_contains_paywalled_content":false,"_jetpack_memberships_contains_paid_content":false,"footnotes":""},"categories":[1,49,22,21],"tags":[177,178,176,158,179],"class_list":["post-2045","post","type-post","status-publish","format-standard","hentry","category-allgemein","category-aufklaerung","category-friedensaktionen","category-politik","tag-belarus","tag-bundeswehr","tag-osaritschi","tag-tag-der-befreiung","tag-wehrmacht"],"jetpack_featured_media_url":"","jetpack_shortlink":"https:\/\/wp.me\/py5dN-wZ","jetpack_sharing_enabled":true,"_links":{"self":[{"href":"https:\/\/www.berlin.freidenker.org\/index.php?rest_route=\/wp\/v2\/posts\/2045","targetHints":{"allow":["GET"]}}],"collection":[{"href":"https:\/\/www.berlin.freidenker.org\/index.php?rest_route=\/wp\/v2\/posts"}],"about":[{"href":"https:\/\/www.berlin.freidenker.org\/index.php?rest_route=\/wp\/v2\/types\/post"}],"author":[{"embeddable":true,"href":"https:\/\/www.berlin.freidenker.org\/index.php?rest_route=\/wp\/v2\/users\/4"}],"replies":[{"embeddable":true,"href":"https:\/\/www.berlin.freidenker.org\/index.php?rest_route=%2Fwp%2Fv2%2Fcomments&post=2045"}],"version-history":[{"count":5,"href":"https:\/\/www.berlin.freidenker.org\/index.php?rest_route=\/wp\/v2\/posts\/2045\/revisions"}],"predecessor-version":[{"id":2075,"href":"https:\/\/www.berlin.freidenker.org\/index.php?rest_route=\/wp\/v2\/posts\/2045\/revisions\/2075"}],"wp:attachment":[{"href":"https:\/\/www.berlin.freidenker.org\/index.php?rest_route=%2Fwp%2Fv2%2Fmedia&parent=2045"}],"wp:term":[{"taxonomy":"category","embeddable":true,"href":"https:\/\/www.berlin.freidenker.org\/index.php?rest_route=%2Fwp%2Fv2%2Fcategories&post=2045"},{"taxonomy":"post_tag","embeddable":true,"href":"https:\/\/www.berlin.freidenker.org\/index.php?rest_route=%2Fwp%2Fv2%2Ftags&post=2045"}],"curies":[{"name":"wp","href":"https:\/\/api.w.org\/{rel}","templated":true}]}}