{"id":2056,"date":"2016-05-12T21:18:16","date_gmt":"2016-05-12T19:18:16","guid":{"rendered":"http:\/\/www.berlin.freidenker.org\/?p=2056"},"modified":"2016-05-13T21:55:48","modified_gmt":"2016-05-13T19:55:48","slug":"selbstlaeufer-militarisierung","status":"publish","type":"post","link":"https:\/\/www.berlin.freidenker.org\/?p=2056","title":{"rendered":"&#8222;Selbstl\u00e4ufer&#8220; Militarisierung?"},"content":{"rendered":"<p>Das eigentliche Thema fasst die \u00dcberschrift nicht. Das m\u00fcsste hei\u00dfen: &#8222;Selbstl\u00e4ufer Faschisierung&#8220;; das aber nur nebenbei.<\/p>\n<p>&#8222;Selbstl\u00e4ufer Militarisierung&#8220; ist schon schlimm genug. <a href=\"https:\/\/deutsch.rt.com\/meinung\/38254-wo-ist-opposition-kaum-protest\/\" target=\"_blank\">Nur Rainer Rupp <\/a>(soweit ich sehe) bei RTdeutsch hat politisch sensibel reagiert.\u00a0&#8222;Uschi&#8220; (oder &#8222;Flintenuschi&#8220;, wie manche sie nennen) vollf\u00fchrt <a href=\"http:\/\/www.shz.de\/deutschland-welt\/politik\/ursula-von-der-leyen-will-deutschland-aufruesten-id12570601.html\" target=\"_blank\">die Wende von der Abr\u00fcstung zur Aufr\u00fcstung<\/a>.<\/p>\n<p>Angeblich mag eine Mehrheit von Bundesb\u00fcrgern den Krieg nicht. Umso mehr mag sie Schutz und Sicherheit, der Heimat, der christlichen Werte, \u00fcberall. Der Terror macht&#8217;s m\u00f6glich, genauer: der &#8222;Krieg gegen den Terror&#8220;.<\/p>\n<p>Gut zehn Jahre hat man intensiv gearbeitet. Dann &#8211; 9\/11 2001 &#8211; war es soweit.\u00a0<em>&#8222;Die Antiterrorkoalition unter der F\u00fchrung der USA ist zu Beginn des 21. Jahrhunderts zum neuen <strong>sicherheitspolitischen Organisationsprinzip internationaler Beziehungen<\/strong> avanciert.&#8220;<\/em>\u00a0 (<a href=\"https:\/\/www.politik-soziologie.uni-bonn.de\/institut\/lehrkoerper\/theorie.pdf\" target=\"_blank\">Quelle<\/a>, auf Hamilton fu\u00dfend (Info von Elias Davidsson), Hervorhebung von mir).<\/p>\n<p>Kein Staat, kein Gericht, kein Politiker und keine Politikerin, keine &#8222;Linke&#8220;, keine &#8222;Friedensorganisation&#8220;, keine politische Kraft unserer &#8222;aufgekl\u00e4rten Gesellschaft&#8220; hat das Jahrhundertverbrechen &#8222;9\/11&#8220; in den Mittelpunkt von Kl\u00e4rung und Ahndung ger\u00fcckt. Damit haben sie alle nicht schlechthin ein monstr\u00f6ses Verbrechen &#8222;passieren lassen&#8220;. Viel mehr wurde akzeptiert: Eine v\u00f6llige Verschiebung aller politisch-moralischen Koordinaten. Der imperialistische Krieg des USA\/NATO-gef\u00fchrten Machtkomplexes wurde in jeder denkbaren Form dauerhaft als Gesetz etabliert.<\/p>\n<p>Seit 2001 haben einige Staaten, der Not gehorchend, ihre Kampfkraft gegen die das Leben der Menschheit bedrohende Strategie der genannten M\u00e4chte wieder gefunden, und sie tun viel diese weiter zu st\u00e4rken. Nat\u00fcrlich geh\u00f6rt die imperialistische BRD nicht zu diesen Staaten, im Gegenteil. Sie aktiviert (einmal mehr sozialdemokratisch &#8222;umsichtig&#8220;) ihre aggressive Politik. <a href=\"http:\/\/www.bundeswehr-journal.de\/2016\/ministerin-oeffnet-tuer-fuer-funktionsfaehige-bundeswehr-1\/\" target=\"_blank\">Jetzt <\/a>also erf\u00fcllt sie &#8222;des Volkes stilles Sehnen&#8220; nach wehrhaftem Schutz in &#8222;unruhigen Zeiten&#8220;. Und es gibt keine entschlossene prinzipienfeste Friedensbewegung, keine k\u00e4mpferische linke Friedenspartei, die gegen das BRD-NATO-Verderben das Menschenm\u00f6gliche tut.<\/p>\n<p>Einzelne Rufer gibt es, kleine Gruppen. Ja, es gibt <a href=\"https:\/\/www.berlin.freidenker.org\/?p=1981\" target=\"_blank\">Bem\u00fchungen (nicht nur in Ramstein), Friedensnotwendiges gemeinsam zu bestimmen und sich in Aktionen zuverl\u00e4ssig zu verbinden <\/a>&#8211; Anf\u00e4nge, w\u00e4hrend die R\u00e4der der Macht rollen.<\/p>\n<p>Voraussetzungen f\u00fcr die Neugr\u00fcndung einer radikalen (an die Wurzeln gehenden) Friedensopposition-Systemopposition \u00a0fehlen noch. K\u00f6nnen sie geschaffen werden? M\u00fcssen sie geschaffen werden?<\/p>\n","protected":false},"excerpt":{"rendered":"<p>Das eigentliche Thema fasst die \u00dcberschrift nicht. Das m\u00fcsste hei\u00dfen: &#8222;Selbstl\u00e4ufer Faschisierung&#8220;; das aber nur nebenbei. &#8222;Selbstl\u00e4ufer Militarisierung&#8220; ist schon schlimm genug. Nur Rainer Rupp (soweit ich sehe) bei RTdeutsch hat politisch sensibel reagiert.\u00a0&#8222;Uschi&#8220; (oder &#8222;Flintenuschi&#8220;, wie manche sie nennen) vollf\u00fchrt die Wende von der Abr\u00fcstung zur Aufr\u00fcstung. Angeblich mag eine Mehrheit von Bundesb\u00fcrgern den [&hellip;]<\/p>\n","protected":false},"author":4,"featured_media":0,"comment_status":"open","ping_status":"open","sticky":false,"template":"","format":"standard","meta":{"jetpack_post_was_ever_published":false,"_jetpack_newsletter_access":"","_jetpack_dont_email_post_to_subs":false,"_jetpack_newsletter_tier_id":0,"_jetpack_memberships_contains_paywalled_content":false,"_jetpack_memberships_contains_paid_content":false,"footnotes":""},"categories":[49,30,22,45,175,21],"tags":[178,152,57,87,181,144,180],"class_list":["post-2056","post","type-post","status-publish","format-standard","hentry","category-aufklaerung","category-europa","category-friedensaktionen","category-friedensbewegung","category-nato","category-politik","tag-bundeswehr","tag-imperialismus","tag-nato","tag-nwo","tag-rainer-rupp","tag-ramstein","tag-von-der-leyen"],"jetpack_featured_media_url":"","jetpack_shortlink":"https:\/\/wp.me\/py5dN-xa","jetpack_sharing_enabled":true,"_links":{"self":[{"href":"https:\/\/www.berlin.freidenker.org\/index.php?rest_route=\/wp\/v2\/posts\/2056","targetHints":{"allow":["GET"]}}],"collection":[{"href":"https:\/\/www.berlin.freidenker.org\/index.php?rest_route=\/wp\/v2\/posts"}],"about":[{"href":"https:\/\/www.berlin.freidenker.org\/index.php?rest_route=\/wp\/v2\/types\/post"}],"author":[{"embeddable":true,"href":"https:\/\/www.berlin.freidenker.org\/index.php?rest_route=\/wp\/v2\/users\/4"}],"replies":[{"embeddable":true,"href":"https:\/\/www.berlin.freidenker.org\/index.php?rest_route=%2Fwp%2Fv2%2Fcomments&post=2056"}],"version-history":[{"count":8,"href":"https:\/\/www.berlin.freidenker.org\/index.php?rest_route=\/wp\/v2\/posts\/2056\/revisions"}],"predecessor-version":[{"id":2070,"href":"https:\/\/www.berlin.freidenker.org\/index.php?rest_route=\/wp\/v2\/posts\/2056\/revisions\/2070"}],"wp:attachment":[{"href":"https:\/\/www.berlin.freidenker.org\/index.php?rest_route=%2Fwp%2Fv2%2Fmedia&parent=2056"}],"wp:term":[{"taxonomy":"category","embeddable":true,"href":"https:\/\/www.berlin.freidenker.org\/index.php?rest_route=%2Fwp%2Fv2%2Fcategories&post=2056"},{"taxonomy":"post_tag","embeddable":true,"href":"https:\/\/www.berlin.freidenker.org\/index.php?rest_route=%2Fwp%2Fv2%2Ftags&post=2056"}],"curies":[{"name":"wp","href":"https:\/\/api.w.org\/{rel}","templated":true}]}}