{"id":2091,"date":"2016-05-21T09:56:02","date_gmt":"2016-05-21T07:56:02","guid":{"rendered":"http:\/\/www.berlin.freidenker.org\/?p=2091"},"modified":"2016-05-24T18:58:04","modified_gmt":"2016-05-24T16:58:04","slug":"bericht-von-der-berliner-freidenkerrunde-im-mai-mit-elias-davidsson","status":"publish","type":"post","link":"https:\/\/www.berlin.freidenker.org\/?p=2091","title":{"rendered":"Bericht von der Berliner Freidenkerrunde im Mai mit Elias Davidsson (I)"},"content":{"rendered":"<p>Die Berliner FreidenkerInnen hatten gemeinsam mit dem Vortragenden das Thema gew\u00e4hlt: <strong><a href=\"https:\/\/www.berlin.freidenker.org\/?p=1928\" target=\"_blank\">&#8222;Die Legende des 9\/11 und die Fiktion des internationalen Terrorismus&#8220;<\/a>, <\/strong>offensichtlich\u00a0in souver\u00e4ner Missachtung etwaiger Vorw\u00fcrfe, sie w\u00fcrden einem &#8222;bekennenden Verschw\u00f6rungstheoretiker&#8220; das Wort erteilen und seien somit selbst &#8222;verschw\u00f6rungstheorieoffen&#8220;. Solche Denkverbote lassen wir Freidenkerinnen und Freidenker nicht gelten.<\/p>\n<p>Hier ist das Video von der Veranstaltung:<\/p>\n<p><iframe loading=\"lazy\" src=\"\/\/www.youtube.com\/embed\/rYuOvWTIA38\" width=\"425\" height=\"350\" allowfullscreen=\"allowfullscreen\"><\/iframe><\/p>\n<p>Ein pers\u00f6nlicher Bericht von SIERA ist <a href=\"https:\/\/www.berlin.freidenker.org\/?p=2099\" target=\"_blank\">hier<\/a> zu finden.<\/p>\n","protected":false},"excerpt":{"rendered":"<p>Die Berliner FreidenkerInnen hatten gemeinsam mit dem Vortragenden das Thema gew\u00e4hlt: &#8222;Die Legende des 9\/11 und die Fiktion des internationalen Terrorismus&#8220;, offensichtlich\u00a0in souver\u00e4ner Missachtung etwaiger Vorw\u00fcrfe, sie w\u00fcrden einem &#8222;bekennenden Verschw\u00f6rungstheoretiker&#8220; das Wort erteilen und seien somit selbst &#8222;verschw\u00f6rungstheorieoffen&#8220;. Solche Denkverbote lassen wir Freidenkerinnen und Freidenker nicht gelten. Hier ist das Video von der Veranstaltung: [&hellip;]<\/p>\n","protected":false},"author":4,"featured_media":0,"comment_status":"open","ping_status":"open","sticky":false,"template":"","format":"standard","meta":{"jetpack_post_was_ever_published":false,"_jetpack_newsletter_access":"","_jetpack_dont_email_post_to_subs":false,"_jetpack_newsletter_tier_id":0,"_jetpack_memberships_contains_paywalled_content":false,"_jetpack_memberships_contains_paid_content":false,"footnotes":""},"categories":[49,46,175,21,8],"tags":[85,105,152,87,187],"class_list":["post-2091","post","type-post","status-publish","format-standard","hentry","category-aufklaerung","category-freidenker-im-gespraech","category-nato","category-politik","category-standpunkte","tag-85","tag-elias-davidsson","tag-imperialismus","tag-nwo","tag-terror"],"jetpack_featured_media_url":"","jetpack_shortlink":"https:\/\/wp.me\/py5dN-xJ","jetpack_sharing_enabled":true,"_links":{"self":[{"href":"https:\/\/www.berlin.freidenker.org\/index.php?rest_route=\/wp\/v2\/posts\/2091","targetHints":{"allow":["GET"]}}],"collection":[{"href":"https:\/\/www.berlin.freidenker.org\/index.php?rest_route=\/wp\/v2\/posts"}],"about":[{"href":"https:\/\/www.berlin.freidenker.org\/index.php?rest_route=\/wp\/v2\/types\/post"}],"author":[{"embeddable":true,"href":"https:\/\/www.berlin.freidenker.org\/index.php?rest_route=\/wp\/v2\/users\/4"}],"replies":[{"embeddable":true,"href":"https:\/\/www.berlin.freidenker.org\/index.php?rest_route=%2Fwp%2Fv2%2Fcomments&post=2091"}],"version-history":[{"count":12,"href":"https:\/\/www.berlin.freidenker.org\/index.php?rest_route=\/wp\/v2\/posts\/2091\/revisions"}],"predecessor-version":[{"id":2122,"href":"https:\/\/www.berlin.freidenker.org\/index.php?rest_route=\/wp\/v2\/posts\/2091\/revisions\/2122"}],"wp:attachment":[{"href":"https:\/\/www.berlin.freidenker.org\/index.php?rest_route=%2Fwp%2Fv2%2Fmedia&parent=2091"}],"wp:term":[{"taxonomy":"category","embeddable":true,"href":"https:\/\/www.berlin.freidenker.org\/index.php?rest_route=%2Fwp%2Fv2%2Fcategories&post=2091"},{"taxonomy":"post_tag","embeddable":true,"href":"https:\/\/www.berlin.freidenker.org\/index.php?rest_route=%2Fwp%2Fv2%2Ftags&post=2091"}],"curies":[{"name":"wp","href":"https:\/\/api.w.org\/{rel}","templated":true}]}}