{"id":2106,"date":"2016-05-22T09:55:18","date_gmt":"2016-05-22T07:55:18","guid":{"rendered":"http:\/\/www.berlin.freidenker.org\/?p=2106"},"modified":"2016-05-22T09:57:46","modified_gmt":"2016-05-22T07:57:46","slug":"wort-zum-sonntag-9-ueberlegen-sie-doch-einfach-was-ihnen-wichtiger-ist","status":"publish","type":"post","link":"https:\/\/www.berlin.freidenker.org\/?p=2106","title":{"rendered":"Wort zum Sonntag #9 &#8211; &#8222;\u00dcberlegen Sie doch einfach, was Ihnen wichtiger ist!&#8220;"},"content":{"rendered":"<div>&#8222;Bereits im Jahr 2008 schilderte uns <a href=\"http:\/\/schramm oberst sanftleben\" target=\"_blank\">Georg Schramm alias &#8222;Oberst Sanftleben <\/a>&#8211; Presseoffizier der Bundeswehr&#8220; mit welcher T\u00fccke und List, sowie Zuhilfenahme falscher \u00dcbersetzungen die Heimatfront in Kriegslaune versetzt werden sollte.<\/div>\n<div style=\"text-align: center;\">.<\/div>\n<div>Letzte Woche, am 11.05.2016 beehrte uns Elias Davidsson in der Berliner Runde und brachte <a href=\"https:\/\/www.youtube.com\/watch?v=rYuOvWTIA38\" target=\"_blank\">Licht ins Thema des synthetischen Terrorismus<\/a>.<\/div>\n<div><\/div>\n<div>&#8222;Damit die Terrorbedrohung aufrecht gehalten werden kann muss Sie gepflegt werden&#8220;, stellte Elias Davidsson fest.<\/div>\n<div>Das wird auch einer der Gr\u00fcnde f\u00fcr die Falsch\u00fcbersetzung Mahmud Ahmadinedschads (den Elias Davidsson bereits pers\u00f6nlich getroffen hat) gewesen sein. Mehr dazu jetzt in unter 3 Minuten von Georg Schramm in diesem Ausschnitt:<\/div>\n<p><iframe loading=\"lazy\" style=\"line-height: 1.5;\" src=\"\/\/www.youtube.com\/embed\/cywCdKfYPv4\" width=\"425\" height=\"350\" allowfullscreen=\"allowfullscreen\"><\/iframe><\/p>\n","protected":false},"excerpt":{"rendered":"<p>&#8222;Bereits im Jahr 2008 schilderte uns Georg Schramm alias &#8222;Oberst Sanftleben &#8211; Presseoffizier der Bundeswehr&#8220; mit welcher T\u00fccke und List, sowie Zuhilfenahme falscher \u00dcbersetzungen die Heimatfront in Kriegslaune versetzt werden sollte. . Letzte Woche, am 11.05.2016 beehrte uns Elias Davidsson in der Berliner Runde und brachte Licht ins Thema des synthetischen Terrorismus. &#8222;Damit die Terrorbedrohung [&hellip;]<\/p>\n","protected":false},"author":4,"featured_media":0,"comment_status":"open","ping_status":"open","sticky":false,"template":"","format":"standard","meta":{"jetpack_post_was_ever_published":false,"_jetpack_newsletter_access":"","_jetpack_dont_email_post_to_subs":false,"_jetpack_newsletter_tier_id":0,"_jetpack_memberships_contains_paywalled_content":false,"_jetpack_memberships_contains_paid_content":false,"footnotes":""},"categories":[1,49,46,45,175],"tags":[178,105,188,189,190,143],"class_list":["post-2106","post","type-post","status-publish","format-standard","hentry","category-allgemein","category-aufklaerung","category-freidenker-im-gespraech","category-friedensbewegung","category-nato","tag-bundeswehr","tag-elias-davidsson","tag-georg-schramm","tag-kriegspropaganda","tag-synthetischer-terrorismus","tag-wort-zum-sonntag"],"jetpack_featured_media_url":"","jetpack_shortlink":"https:\/\/wp.me\/py5dN-xY","jetpack_sharing_enabled":true,"_links":{"self":[{"href":"https:\/\/www.berlin.freidenker.org\/index.php?rest_route=\/wp\/v2\/posts\/2106","targetHints":{"allow":["GET"]}}],"collection":[{"href":"https:\/\/www.berlin.freidenker.org\/index.php?rest_route=\/wp\/v2\/posts"}],"about":[{"href":"https:\/\/www.berlin.freidenker.org\/index.php?rest_route=\/wp\/v2\/types\/post"}],"author":[{"embeddable":true,"href":"https:\/\/www.berlin.freidenker.org\/index.php?rest_route=\/wp\/v2\/users\/4"}],"replies":[{"embeddable":true,"href":"https:\/\/www.berlin.freidenker.org\/index.php?rest_route=%2Fwp%2Fv2%2Fcomments&post=2106"}],"version-history":[{"count":4,"href":"https:\/\/www.berlin.freidenker.org\/index.php?rest_route=\/wp\/v2\/posts\/2106\/revisions"}],"predecessor-version":[{"id":2110,"href":"https:\/\/www.berlin.freidenker.org\/index.php?rest_route=\/wp\/v2\/posts\/2106\/revisions\/2110"}],"wp:attachment":[{"href":"https:\/\/www.berlin.freidenker.org\/index.php?rest_route=%2Fwp%2Fv2%2Fmedia&parent=2106"}],"wp:term":[{"taxonomy":"category","embeddable":true,"href":"https:\/\/www.berlin.freidenker.org\/index.php?rest_route=%2Fwp%2Fv2%2Fcategories&post=2106"},{"taxonomy":"post_tag","embeddable":true,"href":"https:\/\/www.berlin.freidenker.org\/index.php?rest_route=%2Fwp%2Fv2%2Ftags&post=2106"}],"curies":[{"name":"wp","href":"https:\/\/api.w.org\/{rel}","templated":true}]}}